{"id":12942,"date":"2023-11-24T09:48:42","date_gmt":"2023-11-24T08:48:42","guid":{"rendered":"https:\/\/www.drivecase.fr\/conseils-prevention\/?p=12942"},"modified":"2025-09-22T15:25:56","modified_gmt":"2025-09-22T13:25:56","slug":"verglas-ete-quel-danger-pour-les-automobilistes","status":"publish","type":"post","link":"https:\/\/www.drivecase.fr\/conseils-prevention\/securite-voiture\/verglas-ete-quel-danger-pour-les-automobilistes\/","title":{"rendered":"Verglas d&rsquo;\u00e9t\u00e9 : quel danger pour les automobilistes ?"},"content":{"rendered":"\t\t<div data-elementor-type=\"wp-post\" data-elementor-id=\"12942\" class=\"elementor elementor-12942\" data-elementor-settings=\"[]\">\n\t\t\t\t\t\t\t<div class=\"elementor-section-wrap\">\n\t\t\t\t\t\t\t<section class=\"elementor-section elementor-top-section elementor-element elementor-element-6f7f58f elementor-section-boxed elementor-section-height-default elementor-section-height-default\" data-id=\"6f7f58f\" data-element_type=\"section\">\n\t\t\t\t\t\t<div class=\"elementor-container elementor-column-gap-default\">\n\t\t\t\t\t<div class=\"elementor-column elementor-col-100 elementor-top-column elementor-element elementor-element-a0e49fa\" data-id=\"a0e49fa\" data-element_type=\"column\">\n\t\t\t<div class=\"elementor-widget-wrap elementor-element-populated\">\n\t\t\t\t\t\t\t\t<div class=\"elementor-element elementor-element-4ebc950 elementor-widget elementor-widget-text-editor\" data-id=\"4ebc950\" data-element_type=\"widget\" data-widget_type=\"text-editor.default\">\n\t\t\t\t<div class=\"elementor-widget-container\">\n\t\t\t\t\t\t\t\t<p>Le <strong>verglas d&rsquo;\u00e9t\u00e9<\/strong> est un <strong>ph\u00e9nom\u00e8ne souvent sous-estim\u00e9<\/strong> mais qui pr\u00e9sente des risques significatifs pour la s\u00e9curit\u00e9 routi\u00e8re. Alors que la plupart des conducteurs sont pr\u00e9par\u00e9s aux dangers de la conduite hivernale, peu sont conscients du risque que repr\u00e9sente le <strong>verglas en p\u00e9riode estivale<\/strong>. L&rsquo;objectif vise \u00e0 \u00e9duquer et informer sur les <strong>dangers du verglas d&rsquo;\u00e9t\u00e9<\/strong>, en mettant en lumi\u00e8re ses causes, ses cons\u00e9quences, et les mesures pr\u00e9ventives \u00e0 adopter pour garantir une conduite s\u00fbre.<\/p>\t\t\t\t\t\t<\/div>\n\t\t\t\t<\/div>\n\t\t\t\t\t<\/div>\n\t\t<\/div>\n\t\t\t\t\t\t\t<\/div>\n\t\t<\/section>\n\t\t\t\t<section class=\"elementor-section elementor-top-section elementor-element elementor-element-3df80244 elementor-section-boxed elementor-section-height-default elementor-section-height-default\" data-id=\"3df80244\" data-element_type=\"section\">\n\t\t\t\t\t\t<div class=\"elementor-container elementor-column-gap-default\">\n\t\t\t\t\t<div class=\"elementor-column elementor-col-100 elementor-top-column elementor-element elementor-element-35f21f00\" data-id=\"35f21f00\" data-element_type=\"column\">\n\t\t\t<div class=\"elementor-widget-wrap elementor-element-populated\">\n\t\t\t\t\t\t\t\t<div class=\"elementor-element elementor-element-36cfd27 elementor-toc--content-ellipsis elementor-toc--minimized-on-tablet elementor-widget elementor-widget-table-of-contents\" data-id=\"36cfd27\" data-element_type=\"widget\" data-settings=\"{&quot;headings_by_tags&quot;:[&quot;h2&quot;],&quot;exclude_headings_by_selector&quot;:[],&quot;min_height&quot;:{&quot;unit&quot;:&quot;px&quot;,&quot;size&quot;:0,&quot;sizes&quot;:[]},&quot;marker_view&quot;:&quot;numbers&quot;,&quot;minimize_box&quot;:&quot;yes&quot;,&quot;minimized_on&quot;:&quot;tablet&quot;,&quot;hierarchical_view&quot;:&quot;yes&quot;,&quot;min_height_tablet&quot;:{&quot;unit&quot;:&quot;px&quot;,&quot;size&quot;:&quot;&quot;,&quot;sizes&quot;:[]},&quot;min_height_mobile&quot;:{&quot;unit&quot;:&quot;px&quot;,&quot;size&quot;:&quot;&quot;,&quot;sizes&quot;:[]}}\" data-widget_type=\"table-of-contents.default\">\n\t\t\t\t<div class=\"elementor-widget-container\">\n\t\t\t\t\t<div class=\"elementor-toc__header\">\n\t\t\t<div class=\"elementor-toc__header-title\">Naviguer au sein de l'article<\/div>\t\t\t\t\t\t\t<div class=\"elementor-toc__toggle-button elementor-toc__toggle-button--expand\"><i class=\"fas fa-chevron-down\"><\/i><\/div>\n\t\t\t\t<div class=\"elementor-toc__toggle-button elementor-toc__toggle-button--collapse\"><i class=\"fas fa-chevron-up\"><\/i><\/div>\n\t\t\t\t\t<\/div>\n\t\t<div class=\"elementor-toc__body\">\n\t\t\t<div class=\"elementor-toc__spinner-container\">\n\t\t\t\t<i class=\"elementor-toc__spinner eicon-loading eicon-animation-spin\" aria-hidden=\"true\"><\/i>\n\t\t\t<\/div>\n\t\t<\/div>\n\t\t\t\t<\/div>\n\t\t\t\t<\/div>\n\t\t\t\t\t<\/div>\n\t\t<\/div>\n\t\t\t\t\t\t\t<\/div>\n\t\t<\/section>\n\t\t\t\t<section class=\"elementor-section elementor-top-section elementor-element elementor-element-bed7020 elementor-section-boxed elementor-section-height-default elementor-section-height-default\" data-id=\"bed7020\" data-element_type=\"section\">\n\t\t\t\t\t\t<div class=\"elementor-container elementor-column-gap-default\">\n\t\t\t\t\t<div class=\"elementor-column elementor-col-100 elementor-top-column elementor-element elementor-element-2a0f3f6\" data-id=\"2a0f3f6\" data-element_type=\"column\">\n\t\t\t<div class=\"elementor-widget-wrap elementor-element-populated\">\n\t\t\t\t\t\t\t\t<div class=\"elementor-element elementor-element-b4a7647 elementor-widget elementor-widget-spacer\" data-id=\"b4a7647\" data-element_type=\"widget\" data-widget_type=\"spacer.default\">\n\t\t\t\t<div class=\"elementor-widget-container\">\n\t\t\t\t\t<div class=\"elementor-spacer\">\n\t\t\t<div class=\"elementor-spacer-inner\"><\/div>\n\t\t<\/div>\n\t\t\t\t<\/div>\n\t\t\t\t<\/div>\n\t\t\t\t<div class=\"elementor-element elementor-element-fa5f487 elementor-widget elementor-widget-heading\" data-id=\"fa5f487\" data-element_type=\"widget\" data-widget_type=\"heading.default\">\n\t\t\t\t<div class=\"elementor-widget-container\">\n\t\t\t<h2 class=\"elementor-heading-title elementor-size-xl\">Qu'est-ce que le Verglas d'\u00c9t\u00e9 et Comment se Forme-t-il ?<\/h2>\t\t<\/div>\n\t\t\t\t<\/div>\n\t\t\t\t<section class=\"elementor-section elementor-inner-section elementor-element elementor-element-398bc25 elementor-section-boxed elementor-section-height-default elementor-section-height-default\" data-id=\"398bc25\" data-element_type=\"section\">\n\t\t\t\t\t\t<div class=\"elementor-container elementor-column-gap-default\">\n\t\t\t\t\t<div class=\"elementor-column elementor-col-50 elementor-inner-column elementor-element elementor-element-85eb53f\" data-id=\"85eb53f\" data-element_type=\"column\">\n\t\t\t<div class=\"elementor-widget-wrap elementor-element-populated\">\n\t\t\t\t\t\t\t\t<div class=\"elementor-element elementor-element-f858d14 elementor-widget elementor-widget-image\" data-id=\"f858d14\" data-element_type=\"widget\" data-widget_type=\"image.default\">\n\t\t\t\t<div class=\"elementor-widget-container\">\n\t\t\t\t\t\t\t\t\t\t\t\t\t\t\t<picture class=\"attachment-large size-large sp-no-webp\" style=\"height:100%;max-width:1024px;\"><source srcset=\"https:\/\/www.drivecase.fr\/conseils-prevention\/wp-content\/uploads\/2023\/11\/voiture-verglas-ete.webp 1024w,https:\/\/www.drivecase.fr\/conseils-prevention\/wp-content\/uploads\/2023\/11\/voiture-verglas-ete-300x300.webp 300w,https:\/\/www.drivecase.fr\/conseils-prevention\/wp-content\/uploads\/2023\/11\/voiture-verglas-ete-150x150.webp 150w,https:\/\/www.drivecase.fr\/conseils-prevention\/wp-content\/uploads\/2023\/11\/voiture-verglas-ete-768x768.webp 768w\" sizes=\"(max-width: 750px) 100vw, 750px\" type=\"image\/webp\"><source srcset=\"https:\/\/www.drivecase.fr\/conseils-prevention\/wp-content\/uploads\/2023\/11\/voiture-verglas-ete.jpg 1024w, https:\/\/www.drivecase.fr\/conseils-prevention\/wp-content\/uploads\/2023\/11\/voiture-verglas-ete-300x300.jpg 300w, https:\/\/www.drivecase.fr\/conseils-prevention\/wp-content\/uploads\/2023\/11\/voiture-verglas-ete-150x150.jpg 150w, https:\/\/www.drivecase.fr\/conseils-prevention\/wp-content\/uploads\/2023\/11\/voiture-verglas-ete-768x768.jpg 768w\" sizes=\"(max-width: 750px) 100vw, 750px\" type=\"image\/jpeg\"><img src=\"https:\/\/www.drivecase.fr\/conseils-prevention\/wp-content\/uploads\/2023\/11\/voiture-verglas-ete-1024x1024.jpg\" class=\"attachment-large size-large sp-no-webp\" loading=\"lazy\" style=\"width:100%;height:100%;max-width:1024px;\" alt=\"Voiture sur un verglas d'\u00e9t\u00e9\" height=\"750\" width=\"750\" srcset=\"https:\/\/www.drivecase.fr\/conseils-prevention\/wp-content\/uploads\/2023\/11\/voiture-verglas-ete.jpg 1024w, https:\/\/www.drivecase.fr\/conseils-prevention\/wp-content\/uploads\/2023\/11\/voiture-verglas-ete-300x300.jpg 300w, https:\/\/www.drivecase.fr\/conseils-prevention\/wp-content\/uploads\/2023\/11\/voiture-verglas-ete-150x150.jpg 150w, https:\/\/www.drivecase.fr\/conseils-prevention\/wp-content\/uploads\/2023\/11\/voiture-verglas-ete-768x768.jpg 768w\" sizes=\"(max-width: 750px) 100vw, 750px\"><\/picture>\t\t\t\t\t\t\t\t\t\t\t\t\t\t\t<\/div>\n\t\t\t\t<\/div>\n\t\t\t\t\t<\/div>\n\t\t<\/div>\n\t\t\t\t<div class=\"elementor-column elementor-col-50 elementor-inner-column elementor-element elementor-element-47a1d47\" data-id=\"47a1d47\" data-element_type=\"column\">\n\t\t\t<div class=\"elementor-widget-wrap elementor-element-populated\">\n\t\t\t\t\t\t\t\t<div class=\"elementor-element elementor-element-f56fce6 elementor-widget elementor-widget-text-editor\" data-id=\"f56fce6\" data-element_type=\"widget\" data-widget_type=\"text-editor.default\">\n\t\t\t\t<div class=\"elementor-widget-container\">\n\t\t\t\t\t\t\t\t<p>Le <strong>verglas d&rsquo;\u00e9t\u00e9<\/strong> est un ph\u00e9nom\u00e8ne distinct du verglas traditionnellement associ\u00e9 \u00e0 l&rsquo;hiver. Voici une explication d\u00e9taill\u00e9e :<\/p>\t\t\t\t\t\t<\/div>\n\t\t\t\t<\/div>\n\t\t\t\t<div class=\"elementor-element elementor-element-232e673 elementor-widget elementor-widget-text-editor\" data-id=\"232e673\" data-element_type=\"widget\" data-widget_type=\"text-editor.default\">\n\t\t\t\t<div class=\"elementor-widget-container\">\n\t\t\t\t\t\t\t\t<ol><li>Formation de particules sur l&rsquo;asphalte : La circulation routi\u00e8re g\u00e9n\u00e8re de nombreuses particules qui s&rsquo;accumulent sur l&rsquo;asphalte, issues de la gomme des pneus, de l\u2019huile moteur qui peut suinter, et parfois des carburants comme le gazole\u200b\u200b.<\/li><li>Accumulation lors de s\u00e9cheresse ou fortes chaleurs : Pendant des p\u00e9riodes de s\u00e9cheresse ou de fortes chaleurs, ces particules s&rsquo;accumulent sur la route sans \u00eatre \u00e9vacu\u00e9es par les pluies\u200b\u200b.<\/li><li>Formation d&rsquo;une couche hydrophobe : Lorsqu&rsquo;il pleut apr\u00e8s une p\u00e9riode de s\u00e9cheresse, ces particules ne sont pas imm\u00e9diatement nettoy\u00e9es par la pluie. Elles forment alors une couche hydrophobe sur la route qui repousse l&rsquo;eau\u200b\u200b.<\/li><li>Difficile \u00e0 discerner : Le <strong>verglas d\u2019\u00e9t\u00e9<\/strong> est <strong>difficilement discernable<\/strong>, bien qu&rsquo;une certaine surbrillance de la route puisse trahir sa pr\u00e9sence. Les zones les plus expos\u00e9es sont les grands axes routiers, les itin\u00e9raires fr\u00e9quent\u00e9s, notamment dans les zones bois\u00e9es et les zones d&rsquo;arr\u00eat comme les intersections et les feux rouges\u200b\u200b.<\/li><li>Apparition lors de pr\u00e9cipitations faibles : Ce type de verglas appara\u00eet g\u00e9n\u00e9ralement lors de pr\u00e9cipitations faibles, qui ne sont pas suffisantes pour nettoyer le bitume, ou au d\u00e9but des pr\u00e9cipitations, quand la pluie n\u2019a pas encore nettoy\u00e9 la route<\/li><\/ol>\t\t\t\t\t\t<\/div>\n\t\t\t\t<\/div>\n\t\t\t\t\t<\/div>\n\t\t<\/div>\n\t\t\t\t\t\t\t<\/div>\n\t\t<\/section>\n\t\t\t\t<div class=\"elementor-element elementor-element-e531d30 elementor-widget elementor-widget-heading\" data-id=\"e531d30\" data-element_type=\"widget\" data-widget_type=\"heading.default\">\n\t\t\t\t<div class=\"elementor-widget-container\">\n\t\t\t<h3 class=\"elementor-heading-title elementor-size-default\">Pourquoi le verglas d'\u00e9t\u00e9 est-il un danger m\u00e9connu ?\n<\/h3>\t\t<\/div>\n\t\t\t\t<\/div>\n\t\t\t\t<div class=\"elementor-element elementor-element-a743e82 elementor-widget elementor-widget-text-editor\" data-id=\"a743e82\" data-element_type=\"widget\" data-widget_type=\"text-editor.default\">\n\t\t\t\t<div class=\"elementor-widget-container\">\n\t\t\t\t\t\t\t\t<p><span style=\"font-weight: 400;\">Parce qu&rsquo;avec le <strong>verglas d&rsquo;\u00e9t\u00e9<\/strong>, la route a l&rsquo;air mouill\u00e9e mais pas \u00ab\u00a0gel\u00e9e\u00a0\u00bb et que les conducteurs n&rsquo;anticipent pas la forte baisse de friction. L&rsquo;effet de surprise, combin\u00e9 \u00e0 une vitesse inadapt\u00e9e et \u00e0 des man\u0153uvres brusques, entra\u00eene pertes de contr\u00f4le, sous-virage en virage, allongement des distances de freinage et collisions en cha\u00eene. Les premiers millim\u00e8tres de pluie sont les plus dangereux. La visibilit\u00e9 peut rester correcte, trompant le conducteur. Les deux-roues, utilitaires charg\u00e9s et v\u00e9hicules avec pneus us\u00e9s sont surrepr\u00e9sent\u00e9s dans les sorties de route li\u00e9es \u00e0 la chauss\u00e9e grasse.<\/span><\/p>\t\t\t\t\t\t<\/div>\n\t\t\t\t<\/div>\n\t\t\t\t<div class=\"elementor-element elementor-element-f9c6f25 elementor-widget elementor-widget-heading\" data-id=\"f9c6f25\" data-element_type=\"widget\" data-widget_type=\"heading.default\">\n\t\t\t\t<div class=\"elementor-widget-container\">\n\t\t\t<h2 class=\"elementor-heading-title elementor-size-default\">Peut on d\u00e9t\u00e9cter facilement le verglas d'\u00e9t\u00e9 ?\n\n<\/h2>\t\t<\/div>\n\t\t\t\t<\/div>\n\t\t\t\t<div class=\"elementor-element elementor-element-ce527c6 elementor-widget elementor-widget-text-editor\" data-id=\"ce527c6\" data-element_type=\"widget\" data-widget_type=\"text-editor.default\">\n\t\t\t\t<div class=\"elementor-widget-container\">\n\t\t\t\t\t\t\t\t<p>D\u00e9tecter le <strong>verglas d&rsquo;\u00e9t\u00e9<\/strong> est<strong> extr\u00eamement difficile<\/strong>, car il est souvent presque <strong>invisible \u00e0 l&rsquo;\u0153il nu<\/strong>. Le principal indicateur peut \u00eatre une l\u00e9g\u00e8re surbrillance de la route, mais m\u00eame cela peut ne pas \u00eatre \u00e9vident, surtout sous certaines conditions d&rsquo;\u00e9clairage et lors d&rsquo;une conduite. Les technologies de d\u00e9tection sp\u00e9cifiques pour le verglas d&rsquo;\u00e9t\u00e9 ne sont pas courante et son encore au stade d&rsquo;exp\u00e9rimentation, ce qui sugg\u00e8re que la pr\u00e9vention repose davantage sur la <strong>sensibilisation des conducteurs<\/strong> aux conditions potentiellement dangereuses. La <a href=\"https:\/\/www.drivecase.fr\/conseils-prevention\/securite-voiture\/errance-mentale-securite-routiere\/\">concentration sur la route<\/a>, la prudence et la r\u00e9duction de la vitesse sont donc des mesures cl\u00e9s pour g\u00e9rer ce type de risque.<\/p>\t\t\t\t\t\t<\/div>\n\t\t\t\t<\/div>\n\t\t\t\t<section class=\"elementor-section elementor-inner-section elementor-element elementor-element-8fa8a54 elementor-section-height-min-height elementor-section-boxed elementor-section-height-default\" data-id=\"8fa8a54\" data-element_type=\"section\" data-settings=\"{&quot;background_background&quot;:&quot;gradient&quot;}\">\n\t\t\t\t\t\t\t<div class=\"elementor-background-overlay\"><\/div>\n\t\t\t\t\t\t\t<div class=\"elementor-container elementor-column-gap-default\">\n\t\t\t\t\t<div class=\"elementor-column elementor-col-50 elementor-inner-column elementor-element elementor-element-d17626f\" data-id=\"d17626f\" data-element_type=\"column\">\n\t\t\t<div class=\"elementor-widget-wrap elementor-element-populated\">\n\t\t\t\t\t\t\t\t<div class=\"elementor-element elementor-element-a480fff elementor-widget elementor-widget-heading\" data-id=\"a480fff\" data-element_type=\"widget\" data-widget_type=\"heading.default\">\n\t\t\t\t<div class=\"elementor-widget-container\">\n\t\t\t<p class=\"elementor-heading-title elementor-size-default\">Mesurer l'usure d'un pneus gr\u00e2ce \u00e0 nos contr\u00f4leurs\n\n<\/p>\t\t<\/div>\n\t\t\t\t<\/div>\n\t\t\t\t<div class=\"elementor-element elementor-element-b716298 elementor-hidden-phone elementor-widget elementor-widget-text-editor\" data-id=\"b716298\" data-element_type=\"widget\" data-widget_type=\"text-editor.default\">\n\t\t\t\t<div class=\"elementor-widget-container\">\n\t\t\t\t\t\t\t\t<p>Drivecase vous propose des accessoires automobile et d\u2019entretien des pneus pour les entreprise, notamment des testeurs d\u2019usure des pneus publicitaires.<\/p>\t\t\t\t\t\t<\/div>\n\t\t\t\t<\/div>\n\t\t\t\t\t<\/div>\n\t\t<\/div>\n\t\t\t\t<div class=\"elementor-column elementor-col-50 elementor-inner-column elementor-element elementor-element-1ba9661\" data-id=\"1ba9661\" data-element_type=\"column\">\n\t\t\t<div class=\"elementor-widget-wrap elementor-element-populated\">\n\t\t\t\t\t\t\t\t<div class=\"elementor-element elementor-element-5b8c35e elementor-align-center elementor-widget elementor-widget-button\" data-id=\"5b8c35e\" data-element_type=\"widget\" data-widget_type=\"button.default\">\n\t\t\t\t<div class=\"elementor-widget-container\">\n\t\t\t\t\t<div class=\"elementor-button-wrapper\">\n\t\t\t<a href=\"https:\/\/www.drivecase.fr\/accessoires-pneus-personnalise\/777-testeur-usure-pneus-porte-cles-personnalisable.html\" target=\"_blank\" class=\"elementor-button-link elementor-button elementor-size-sm elementor-animation-grow\" role=\"button\">\n\t\t\t\t\t\t<span class=\"elementor-button-content-wrapper\">\n\t\t\t\t\t\t<span class=\"elementor-button-icon elementor-align-icon-left\">\n\t\t\t\t<i aria-hidden=\"true\" class=\"fas fa-shopping-cart\"><\/i>\t\t\t<\/span>\n\t\t\t\t\t\t<span class=\"elementor-button-text\">Mesurer l'usure des pneus<\/span>\n\t\t<\/span>\n\t\t\t\t\t<\/a>\n\t\t<\/div>\n\t\t\t\t<\/div>\n\t\t\t\t<\/div>\n\t\t\t\t\t<\/div>\n\t\t<\/div>\n\t\t\t\t\t\t\t<\/div>\n\t\t<\/section>\n\t\t\t\t<div class=\"elementor-element elementor-element-0b6c3c4 elementor-widget elementor-widget-spacer\" data-id=\"0b6c3c4\" data-element_type=\"widget\" data-widget_type=\"spacer.default\">\n\t\t\t\t<div class=\"elementor-widget-container\">\n\t\t\t\t\t<div class=\"elementor-spacer\">\n\t\t\t<div class=\"elementor-spacer-inner\"><\/div>\n\t\t<\/div>\n\t\t\t\t<\/div>\n\t\t\t\t<\/div>\n\t\t\t\t<div class=\"elementor-element elementor-element-a9a43ed elementor-widget elementor-widget-heading\" data-id=\"a9a43ed\" data-element_type=\"widget\" data-widget_type=\"heading.default\">\n\t\t\t\t<div class=\"elementor-widget-container\">\n\t\t\t<h2 class=\"elementor-heading-title elementor-size-default\">Comment se pr\u00e9parer et r\u00e9agir face au verglas d'\u00e9t\u00e9 ?\n<\/h2>\t\t<\/div>\n\t\t\t\t<\/div>\n\t\t\t\t<div class=\"elementor-element elementor-element-b6db337 elementor-widget elementor-widget-text-editor\" data-id=\"b6db337\" data-element_type=\"widget\" data-widget_type=\"text-editor.default\">\n\t\t\t\t<div class=\"elementor-widget-container\">\n\t\t\t\t\t\t\t\t<p>La pr\u00e9paration et la r\u00e9activit\u00e9 sont essentielles pour naviguer en toute s\u00e9curit\u00e9 sur les routes affect\u00e9es par le <strong>verglas d&rsquo;\u00e9t\u00e9<\/strong>.<br \/><br \/>Une pr\u00e9paration ad\u00e9quate du v\u00e9hicule est cruciale pour affronter le verglas d&rsquo;\u00e9t\u00e9. Cela inclut le <a href=\"https:\/\/www.drivecase.fr\/conseils-prevention\/securite-voiture\/criteres-choix-pneus\/\">choix de pneus adapt\u00e9s<\/a>, capables de maintenir une bonne adh\u00e9rence m\u00eame sur des <strong>surfaces mouill\u00e9es et glissantes<\/strong>. Il est \u00e9galement important de s&rsquo;assurer que les freins et les syst\u00e8mes d&rsquo;assistance \u00e0 la conduite, tels que l&rsquo;ABS (syst\u00e8me de freinage antiblocage) et l&rsquo;ESP (programme de stabilit\u00e9 \u00e9lectronique), sont en bon \u00e9tat de fonctionnement.<br \/><br \/>En pr\u00e9sence de <strong>verglas d&rsquo;\u00e9t\u00e9<\/strong>, la prudence est primordiale. Les conducteurs doivent adapter leur vitesse aux conditions routi\u00e8res, augmenter la distance de s\u00e9curit\u00e9 avec le v\u00e9hicule devant, et \u00e9viter les man\u0153uvres brusques. Il est \u00e9galement essentiel d&rsquo;\u00eatre particuli\u00e8rement attentif aux changements de texture de la route m\u00eame si il est dur \u00e0 d\u00e9tecter.<\/p>\t\t\t\t\t\t<\/div>\n\t\t\t\t<\/div>\n\t\t\t\t<div class=\"elementor-element elementor-element-a06079a elementor-widget elementor-widget-heading\" data-id=\"a06079a\" data-element_type=\"widget\" data-widget_type=\"heading.default\">\n\t\t\t\t<div class=\"elementor-widget-container\">\n\t\t\t<h2 class=\"elementor-heading-title elementor-size-default\">Comment fonctionnent l\u2019ABS et l\u2019ESP sur du verglas d'\u00e9t\u00e9 ?<\/h2>\t\t<\/div>\n\t\t\t\t<\/div>\n\t\t\t\t<div class=\"elementor-element elementor-element-61167fa elementor-widget elementor-widget-text-editor\" data-id=\"61167fa\" data-element_type=\"widget\" data-widget_type=\"text-editor.default\">\n\t\t\t\t<div class=\"elementor-widget-container\">\n\t\t\t\t\t\t\t\t<p>ABS et ESP ne suppriment pas la physique, mais ils aident &agrave; garder du contr&ocirc;le. L&rsquo;ABS module la pression de freinage des roues pour &eacute;viter le blocage et pr&eacute;server une capacit&eacute; de direction. Sur du <strong>verglas d&rsquo;&eacute;t&eacute;<\/strong>, il peut vibrer plus t&ocirc;t et plus longtemps. L&rsquo;ESP surveille l&rsquo;angle de volant, le lacet (tendance du v&eacute;hicule &agrave; pivoter sur lui-m&ecirc;me) et la trajectoire r&eacute;elle. S&rsquo;il d&eacute;tecte un sous-virage ou survirage, il freine finement une ou plusieurs roues et r&eacute;duit le couple moteur. Sur une chauss&eacute;e au grip tr&egrave;s faible, les corrections seront fr&eacute;quentes; laissez les aides travailler, n&rsquo;insistez pas sur l&rsquo;acc&eacute;l&eacute;rateur, et privil&eacute;giez des entr&eacute;es de courbe plus lentes. Des pneus performants et une charge correctement r&eacute;partie augmentent fortement l&rsquo;efficacit&eacute; de ces aides.<\/p>\t\t\t\t\t\t<\/div>\n\t\t\t\t<\/div>\n\t\t\t\t<div class=\"elementor-element elementor-element-51849ec elementor-widget elementor-widget-heading\" data-id=\"51849ec\" data-element_type=\"widget\" data-widget_type=\"heading.default\">\n\t\t\t\t<div class=\"elementor-widget-container\">\n\t\t\t<h2 class=\"elementor-heading-title elementor-size-default\">Comment sensibiliser et informer sur le verglas d'\u00e9t\u00e9 ?<\/h2>\t\t<\/div>\n\t\t\t\t<\/div>\n\t\t\t\t<div class=\"elementor-element elementor-element-e45ace4 elementor-widget elementor-widget-text-editor\" data-id=\"e45ace4\" data-element_type=\"widget\" data-widget_type=\"text-editor.default\">\n\t\t\t\t<div class=\"elementor-widget-container\">\n\t\t\t\t\t\t\t\t<p>La sensibilisation et l&rsquo;information sont des outils cl\u00e9s pour pr\u00e9venir les accidents li\u00e9s au verglas d&rsquo;\u00e9t\u00e9. Les autorit\u00e9s locales et les organisations de s\u00e9curit\u00e9 routi\u00e8re jouent un r\u00f4le crucial dans la <strong>sensibilisation au verglas d&rsquo;\u00e9t\u00e9<\/strong>. Les campagnes d&rsquo;information et de pr\u00e9vention, telles que les affiches, les annonces dans les m\u00e9dias, et les programmes \u00e9ducatifs, sont essentielles pour sensibiliser le public \u00e0 ce danger m\u00e9connu.<\/p><p><br \/>Une multitude de ressources en ligne, telles que des <a href=\"https:\/\/fr.navimeteo.info\/\">sites web d\u00e9di\u00e9s \u00e0 la m\u00e9t\u00e9orologie routi\u00e8re<\/a> et des applications mobiles, sont disponibles pour aider les conducteurs \u00e0 anticiper et \u00e0 se pr\u00e9parer aux conditions parfois plus complexe m\u00eame en \u00e9t\u00e9. Ces outils fournissent des informations en temps r\u00e9el et des conseils sur la fa\u00e7on de r\u00e9agir en cas de rencontre avec ces ph\u00e9nom\u00e8nes.<\/p>\t\t\t\t\t\t<\/div>\n\t\t\t\t<\/div>\n\t\t\t\t<div class=\"elementor-element elementor-element-c9a3a98 elementor-widget elementor-widget-image\" data-id=\"c9a3a98\" data-element_type=\"widget\" data-widget_type=\"image.default\">\n\t\t\t\t<div class=\"elementor-widget-container\">\n\t\t\t\t\t\t\t\t\t\t\t\t\t\t\t<picture class=\"attachment-large size-large sp-no-webp\" style=\"height:75%;max-width:1020px;\"><source srcset=\"https:\/\/www.drivecase.fr\/conseils-prevention\/wp-content\/uploads\/2023\/11\/route-verglas-dete.webp 1020w,https:\/\/www.drivecase.fr\/conseils-prevention\/wp-content\/uploads\/2023\/11\/route-verglas-dete-300x225.webp 300w,https:\/\/www.drivecase.fr\/conseils-prevention\/wp-content\/uploads\/2023\/11\/route-verglas-dete-768x576.webp 768w\" sizes=\"(max-width: 750px) 100vw, 750px\" type=\"image\/webp\"><source srcset=\"https:\/\/www.drivecase.fr\/conseils-prevention\/wp-content\/uploads\/2023\/11\/route-verglas-dete.jpg 1020w, https:\/\/www.drivecase.fr\/conseils-prevention\/wp-content\/uploads\/2023\/11\/route-verglas-dete-300x225.jpg 300w, https:\/\/www.drivecase.fr\/conseils-prevention\/wp-content\/uploads\/2023\/11\/route-verglas-dete-768x576.jpg 768w\" sizes=\"(max-width: 750px) 100vw, 750px\" type=\"image\/jpeg\"><img src=\"https:\/\/www.drivecase.fr\/conseils-prevention\/wp-content\/uploads\/2023\/11\/route-verglas-dete.jpg\" class=\"attachment-large size-large sp-no-webp\" loading=\"lazy\" style=\"width:100%;height:75%;max-width:1020px;\" alt=\"\" height=\"563\" width=\"750\" srcset=\"https:\/\/www.drivecase.fr\/conseils-prevention\/wp-content\/uploads\/2023\/11\/route-verglas-dete.jpg 1020w, https:\/\/www.drivecase.fr\/conseils-prevention\/wp-content\/uploads\/2023\/11\/route-verglas-dete-300x225.jpg 300w, https:\/\/www.drivecase.fr\/conseils-prevention\/wp-content\/uploads\/2023\/11\/route-verglas-dete-768x576.jpg 768w\" sizes=\"(max-width: 750px) 100vw, 750px\"><\/picture>\t\t\t\t\t\t\t\t\t\t\t\t\t\t\t<\/div>\n\t\t\t\t<\/div>\n\t\t\t\t\t<\/div>\n\t\t<\/div>\n\t\t\t\t\t\t\t<\/div>\n\t\t<\/section>\n\t\t\t\t<section class=\"elementor-section elementor-top-section elementor-element elementor-element-fed3747 elementor-section-boxed elementor-section-height-default elementor-section-height-default\" data-id=\"fed3747\" data-element_type=\"section\">\n\t\t\t\t\t\t<div class=\"elementor-container elementor-column-gap-default\">\n\t\t\t\t\t<div class=\"elementor-column elementor-col-100 elementor-top-column elementor-element elementor-element-fc9b2fe\" data-id=\"fc9b2fe\" data-element_type=\"column\">\n\t\t\t<div class=\"elementor-widget-wrap elementor-element-populated\">\n\t\t\t\t\t\t\t\t<div class=\"elementor-element elementor-element-0f66241 elementor-widget elementor-widget-heading\" data-id=\"0f66241\" data-element_type=\"widget\" data-widget_type=\"heading.default\">\n\t\t\t\t<div class=\"elementor-widget-container\">\n\t\t\t<h2 class=\"elementor-heading-title elementor-size-default\">Un \u00e9t\u00e9 en s\u00e9curit\u00e9 <\/h2>\t\t<\/div>\n\t\t\t\t<\/div>\n\t\t\t\t<div class=\"elementor-element elementor-element-d5a1bc4 elementor-widget elementor-widget-text-editor\" data-id=\"d5a1bc4\" data-element_type=\"widget\" data-widget_type=\"text-editor.default\">\n\t\t\t\t<div class=\"elementor-widget-container\">\n\t\t\t\t\t\t\t\t<p>Le <strong>verglas d&rsquo;\u00e9t\u00e9<\/strong> est un danger r\u00e9el et pr\u00e9sent sur les routes pendant les mois chauds. Une meilleure compr\u00e9hension de ce ph\u00e9nom\u00e8ne, coupl\u00e9e \u00e0 des pratiques de <strong>conduite prudentes<\/strong> et \u00e0 une pr\u00e9paration ad\u00e9quate du v\u00e9hicule, peut aider \u00e0 <strong>minimiser les risques.<\/strong> En tant que conducteurs, il est imp\u00e9ratif de rester inform\u00e9s, vigilants, et de prendre toutes les mesures n\u00e9cessaires pour assurer notre s\u00e9curit\u00e9 et celle des autres usagers de la route.<\/p>\t\t\t\t\t\t<\/div>\n\t\t\t\t<\/div>\n\t\t\t\t<section class=\"elementor-section elementor-inner-section elementor-element elementor-element-745036b elementor-section-height-min-height elementor-section-boxed elementor-section-height-default\" data-id=\"745036b\" data-element_type=\"section\" data-settings=\"{&quot;background_background&quot;:&quot;gradient&quot;}\">\n\t\t\t\t\t\t\t<div class=\"elementor-background-overlay\"><\/div>\n\t\t\t\t\t\t\t<div class=\"elementor-container elementor-column-gap-default\">\n\t\t\t\t\t<div class=\"elementor-column elementor-col-50 elementor-inner-column elementor-element elementor-element-190dfd2\" data-id=\"190dfd2\" data-element_type=\"column\">\n\t\t\t<div class=\"elementor-widget-wrap elementor-element-populated\">\n\t\t\t\t\t\t\t\t<div class=\"elementor-element elementor-element-c4461f5 elementor-widget elementor-widget-heading\" data-id=\"c4461f5\" data-element_type=\"widget\" data-widget_type=\"heading.default\">\n\t\t\t\t<div class=\"elementor-widget-container\">\n\t\t\t<p class=\"elementor-heading-title elementor-size-default\">Mat\u00e9riel p\u00e9dagogique s\u00e9curit\u00e9 routi\u00e8re\n\n<\/p>\t\t<\/div>\n\t\t\t\t<\/div>\n\t\t\t\t<div class=\"elementor-element elementor-element-1034699 elementor-hidden-phone elementor-widget elementor-widget-text-editor\" data-id=\"1034699\" data-element_type=\"widget\" data-widget_type=\"text-editor.default\">\n\t\t\t\t<div class=\"elementor-widget-container\">\n\t\t\t\t\t\t\t\t<p>D\u00e9couvrez chez Drivecase une large gamme d&rsquo;accessoires innovants et personnalisables pour sensibiliser sur les risques routiers : vitesse, alcool, drogues, fatigue&#8230;<\/p>\t\t\t\t\t\t<\/div>\n\t\t\t\t<\/div>\n\t\t\t\t\t<\/div>\n\t\t<\/div>\n\t\t\t\t<div class=\"elementor-column elementor-col-50 elementor-inner-column elementor-element elementor-element-05e92ba\" data-id=\"05e92ba\" data-element_type=\"column\">\n\t\t\t<div class=\"elementor-widget-wrap elementor-element-populated\">\n\t\t\t\t\t\t\t\t<div class=\"elementor-element elementor-element-173e4a0 elementor-align-center elementor-widget elementor-widget-button\" data-id=\"173e4a0\" data-element_type=\"widget\" data-widget_type=\"button.default\">\n\t\t\t\t<div class=\"elementor-widget-container\">\n\t\t\t\t\t<div class=\"elementor-button-wrapper\">\n\t\t\t<a href=\"https:\/\/www.drivecase.fr\/53-materiel-pedagogique-securite-routiere\" target=\"_blank\" class=\"elementor-button-link elementor-button elementor-size-sm elementor-animation-grow\" role=\"button\">\n\t\t\t\t\t\t<span class=\"elementor-button-content-wrapper\">\n\t\t\t\t\t\t<span class=\"elementor-button-icon elementor-align-icon-left\">\n\t\t\t\t<i aria-hidden=\"true\" class=\"fas fa-shopping-cart\"><\/i>\t\t\t<\/span>\n\t\t\t\t\t\t<span class=\"elementor-button-text\">Accessoires p\u00e9dagogiques<\/span>\n\t\t<\/span>\n\t\t\t\t\t<\/a>\n\t\t<\/div>\n\t\t\t\t<\/div>\n\t\t\t\t<\/div>\n\t\t\t\t\t<\/div>\n\t\t<\/div>\n\t\t\t\t\t\t\t<\/div>\n\t\t<\/section>\n\t\t\t\t\t<\/div>\n\t\t<\/div>\n\t\t\t\t\t\t\t<\/div>\n\t\t<\/section>\n\t\t\t\t\t\t<\/div>\n\t\t\t\t\t<\/div>\n\t\t","protected":false},"excerpt":{"rendered":"<p>Le verglas d&rsquo;\u00e9t\u00e9 est un ph\u00e9nom\u00e8ne souvent sous-estim\u00e9 mais qui pr\u00e9sente des risques significatifs pour la s\u00e9curit\u00e9 routi\u00e8re. Alors que la plupart des conducteurs sont pr\u00e9par\u00e9s aux dangers de la conduite hivernale, peu sont conscients du risque que repr\u00e9sente le verglas en p\u00e9riode estivale. L&rsquo;objectif vise \u00e0 \u00e9duquer et informer sur les dangers du verglas&hellip; <a class=\"more-link\" href=\"https:\/\/www.drivecase.fr\/conseils-prevention\/securite-voiture\/verglas-ete-quel-danger-pour-les-automobilistes\/\">Poursuivre la lecture <span class=\"screen-reader-text\">Verglas d&rsquo;\u00e9t\u00e9 : quel danger pour les automobilistes ?<\/span><\/a><\/p>\n","protected":false},"author":3,"featured_media":12958,"comment_status":"closed","ping_status":"closed","sticky":false,"template":"","format":"standard","meta":[],"categories":[9],"tags":[20],"yoast_head":"<!-- This site is optimized with the Yoast SEO Premium plugin v17.4 (Yoast SEO v17.4) - https:\/\/yoast.com\/wordpress\/plugins\/seo\/ -->\n<title>Verglas d&#039;\u00e9t\u00e9 : quel danger pour les automobilistes ?<\/title>\n<meta name=\"description\" content=\"Verglas d&#039;\u00e9t\u00e9, un guide essentiel pour les automobilistes sur les risques et les pr\u00e9cautions \u00e0 prendre face \u00e0 ce ph\u00e9nom\u00e8ne\" \/>\n<meta name=\"robots\" content=\"index, follow, max-snippet:-1, max-image-preview:large, max-video-preview:-1\" \/>\n<link rel=\"canonical\" href=\"https:\/\/www.drivecase.fr\/conseils-prevention\/securite-voiture\/verglas-ete-quel-danger-pour-les-automobilistes\/\" \/>\n<meta property=\"og:locale\" content=\"fr_FR\" \/>\n<meta property=\"og:type\" content=\"article\" \/>\n<meta property=\"og:title\" content=\"Verglas d&#039;\u00e9t\u00e9 : quel danger pour les automobilistes ?\" \/>\n<meta property=\"og:description\" content=\"Le verglas d&#039;\u00e9t\u00e9 est un ph\u00e9nom\u00e8ne souvent sous-estim\u00e9 mais qui pr\u00e9sente des risques significatifs pour la s\u00e9curit\u00e9 routi\u00e8re. Alors que la plupart des\" \/>\n<meta property=\"og:url\" content=\"https:\/\/www.drivecase.fr\/conseils-prevention\/securite-voiture\/verglas-ete-quel-danger-pour-les-automobilistes\/\" \/>\n<meta property=\"og:site_name\" content=\"S\u00e9curit\u00e9 routi\u00e8re, EPI &amp; pr\u00e9vention sanitaire | Conseils pr\u00e9vention Drivecase\" \/>\n<meta property=\"article:publisher\" content=\"https:\/\/fr-fr.facebook.com\/drivecasefr\" \/>\n<meta property=\"article:published_time\" content=\"2023-11-24T08:48:42+00:00\" \/>\n<meta property=\"article:modified_time\" content=\"2025-09-22T13:25:56+00:00\" \/>\n<meta property=\"og:image\" content=\"https:\/\/www.drivecase.fr\/conseils-prevention\/wp-content\/uploads\/2023\/11\/route-voiture-verglas-ete.jpg\" \/>\n\t<meta property=\"og:image:width\" content=\"1000\" \/>\n\t<meta property=\"og:image:height\" content=\"667\" \/>\n<meta name=\"twitter:card\" content=\"summary_large_image\" \/>\n<meta name=\"twitter:creator\" content=\"@Drivecase\" \/>\n<meta name=\"twitter:site\" content=\"@Drivecase\" \/>\n<meta name=\"twitter:label1\" content=\"\u00c9crit par\" \/>\n\t<meta name=\"twitter:data1\" content=\"Yves Neyner\" \/>\n\t<meta name=\"twitter:label2\" content=\"Dur\u00e9e de lecture est.\" \/>\n\t<meta name=\"twitter:data2\" content=\"6 minutes\" \/>\n<script type=\"application\/ld+json\" class=\"yoast-schema-graph\">{\"@context\":\"https:\/\/schema.org\",\"@graph\":[{\"@type\":\"Organization\",\"@id\":\"https:\/\/www.drivecase.fr\/conseils-prevention\/#organization\",\"name\":\"Drivecase\",\"url\":\"https:\/\/www.drivecase.fr\/conseils-prevention\/\",\"sameAs\":[\"https:\/\/fr-fr.facebook.com\/drivecasefr\",\"https:\/\/fr.linkedin.com\/company\/drivecase\",\"https:\/\/www.youtube.com\/channel\/UCQ7ivAl-3feklwC1IX7HO8A\",\"https:\/\/www.pinterest.fr\/drivecase3695\/\",\"https:\/\/twitter.com\/Drivecase\"],\"logo\":{\"@type\":\"ImageObject\",\"@id\":\"https:\/\/www.drivecase.fr\/conseils-prevention\/#logo\",\"inLanguage\":\"fr-FR\",\"url\":\"https:\/\/www.drivecase.fr\/conseils-prevention\/wp-content\/uploads\/2021\/02\/logo_conseils-prevention_bleu_vert-01.png\",\"contentUrl\":\"https:\/\/www.drivecase.fr\/conseils-prevention\/wp-content\/uploads\/2021\/02\/logo_conseils-prevention_bleu_vert-01.png\",\"width\":2221,\"height\":667,\"caption\":\"Drivecase\"},\"image\":{\"@id\":\"https:\/\/www.drivecase.fr\/conseils-prevention\/#logo\"}},{\"@type\":\"WebSite\",\"@id\":\"https:\/\/www.drivecase.fr\/conseils-prevention\/#website\",\"url\":\"https:\/\/www.drivecase.fr\/conseils-prevention\/\",\"name\":\"S\\u00e9curit\\u00e9 routi\\u00e8re, EPI &amp; pr\\u00e9vention sanitaire | Conseils pr\\u00e9vention Drivecase\",\"description\":\"Le blog conseils pr\\u00e9vention d\\u00e9di\\u00e9 \\u00e0 la s\\u00e9curit\\u00e9 routi\\u00e8re, aux EPI, premiers secours &amp; pr\\u00e9vention sanitaire de Drivecase. Toute l&#039;actualit\\u00e9 sur la r\\u00e9glementation &amp; les bons gestes !\",\"publisher\":{\"@id\":\"https:\/\/www.drivecase.fr\/conseils-prevention\/#organization\"},\"potentialAction\":[{\"@type\":\"SearchAction\",\"target\":{\"@type\":\"EntryPoint\",\"urlTemplate\":\"https:\/\/www.drivecase.fr\/conseils-prevention\/?s={search_term_string}\"},\"query-input\":\"required name=search_term_string\"}],\"inLanguage\":\"fr-FR\"},{\"@type\":\"ImageObject\",\"@id\":\"https:\/\/www.drivecase.fr\/conseils-prevention\/securite-voiture\/verglas-ete-quel-danger-pour-les-automobilistes\/#primaryimage\",\"inLanguage\":\"fr-FR\",\"url\":\"https:\/\/www.drivecase.fr\/conseils-prevention\/wp-content\/uploads\/2023\/11\/route-voiture-verglas-ete.jpg\",\"contentUrl\":\"https:\/\/www.drivecase.fr\/conseils-prevention\/wp-content\/uploads\/2023\/11\/route-voiture-verglas-ete.jpg\",\"width\":1000,\"height\":667,\"caption\":\"Voiture sur une route avec verglas d'\\u00e9t\\u00e9\"},{\"@type\":\"WebPage\",\"@id\":\"https:\/\/www.drivecase.fr\/conseils-prevention\/securite-voiture\/verglas-ete-quel-danger-pour-les-automobilistes\/#webpage\",\"url\":\"https:\/\/www.drivecase.fr\/conseils-prevention\/securite-voiture\/verglas-ete-quel-danger-pour-les-automobilistes\/\",\"name\":\"Verglas d'\\u00e9t\\u00e9 : quel danger pour les automobilistes ?\",\"isPartOf\":{\"@id\":\"https:\/\/www.drivecase.fr\/conseils-prevention\/#website\"},\"primaryImageOfPage\":{\"@id\":\"https:\/\/www.drivecase.fr\/conseils-prevention\/securite-voiture\/verglas-ete-quel-danger-pour-les-automobilistes\/#primaryimage\"},\"datePublished\":\"2023-11-24T08:48:42+00:00\",\"dateModified\":\"2025-09-22T13:25:56+00:00\",\"description\":\"Verglas d'\\u00e9t\\u00e9, un guide essentiel pour les automobilistes sur les risques et les pr\\u00e9cautions \\u00e0 prendre face \\u00e0 ce ph\\u00e9nom\\u00e8ne\",\"breadcrumb\":{\"@id\":\"https:\/\/www.drivecase.fr\/conseils-prevention\/securite-voiture\/verglas-ete-quel-danger-pour-les-automobilistes\/#breadcrumb\"},\"inLanguage\":\"fr-FR\",\"potentialAction\":[{\"@type\":\"ReadAction\",\"target\":[\"https:\/\/www.drivecase.fr\/conseils-prevention\/securite-voiture\/verglas-ete-quel-danger-pour-les-automobilistes\/\"]}]},{\"@type\":\"BreadcrumbList\",\"@id\":\"https:\/\/www.drivecase.fr\/conseils-prevention\/securite-voiture\/verglas-ete-quel-danger-pour-les-automobilistes\/#breadcrumb\",\"itemListElement\":[{\"@type\":\"ListItem\",\"position\":1,\"name\":\"Conseils pr\\u00e9vention\",\"item\":\"https:\/\/www.drivecase.fr\/conseils-prevention\/\"},{\"@type\":\"ListItem\",\"position\":2,\"name\":\"S\\u00e9curit\\u00e9 en voiture\",\"item\":\"https:\/\/www.drivecase.fr\/conseils-prevention\/securite-voiture\/\"},{\"@type\":\"ListItem\",\"position\":3,\"name\":\"Verglas d&rsquo;\\u00e9t\\u00e9 : quel danger pour les automobilistes ?\"}]},{\"@type\":\"Article\",\"@id\":\"https:\/\/www.drivecase.fr\/conseils-prevention\/securite-voiture\/verglas-ete-quel-danger-pour-les-automobilistes\/#article\",\"isPartOf\":{\"@id\":\"https:\/\/www.drivecase.fr\/conseils-prevention\/securite-voiture\/verglas-ete-quel-danger-pour-les-automobilistes\/#webpage\"},\"author\":{\"@id\":\"https:\/\/www.drivecase.fr\/conseils-prevention\/#\/schema\/person\/81364680d561942668fd708f7aea7158\"},\"headline\":\"Verglas d&rsquo;\\u00e9t\\u00e9 : quel danger pour les automobilistes ?\",\"datePublished\":\"2023-11-24T08:48:42+00:00\",\"dateModified\":\"2025-09-22T13:25:56+00:00\",\"mainEntityOfPage\":{\"@id\":\"https:\/\/www.drivecase.fr\/conseils-prevention\/securite-voiture\/verglas-ete-quel-danger-pour-les-automobilistes\/#webpage\"},\"wordCount\":1246,\"publisher\":{\"@id\":\"https:\/\/www.drivecase.fr\/conseils-prevention\/#organization\"},\"image\":{\"@id\":\"https:\/\/www.drivecase.fr\/conseils-prevention\/securite-voiture\/verglas-ete-quel-danger-pour-les-automobilistes\/#primaryimage\"},\"thumbnailUrl\":\"https:\/\/www.drivecase.fr\/conseils-prevention\/wp-content\/uploads\/2023\/11\/route-voiture-verglas-ete.jpg\",\"keywords\":[\"Conseils d'experts\"],\"articleSection\":[\"S\\u00e9curit\\u00e9 en voiture\"],\"inLanguage\":\"fr-FR\"},{\"@type\":\"Person\",\"@id\":\"https:\/\/www.drivecase.fr\/conseils-prevention\/#\/schema\/person\/81364680d561942668fd708f7aea7158\",\"name\":\"Yves Neyner\",\"image\":{\"@type\":\"ImageObject\",\"@id\":\"https:\/\/www.drivecase.fr\/conseils-prevention\/#personlogo\",\"inLanguage\":\"fr-FR\",\"url\":\"https:\/\/secure.gravatar.com\/avatar\/624a97ba3a04b53cb2c38e410894b421?s=96&d=mm&r=g\",\"contentUrl\":\"https:\/\/secure.gravatar.com\/avatar\/624a97ba3a04b53cb2c38e410894b421?s=96&d=mm&r=g\",\"caption\":\"Yves Neyner\"},\"url\":\"https:\/\/www.drivecase.fr\/conseils-prevention\/author\/yves-nerynerdrivecase-fr\/\"}]}<\/script>\n<!-- \/ Yoast SEO Premium plugin. -->","yoast_head_json":{"title":"Verglas d'\u00e9t\u00e9 : quel danger pour les automobilistes ?","description":"Verglas d'\u00e9t\u00e9, un guide essentiel pour les automobilistes sur les risques et les pr\u00e9cautions \u00e0 prendre face \u00e0 ce ph\u00e9nom\u00e8ne","robots":{"index":"index","follow":"follow","max-snippet":"max-snippet:-1","max-image-preview":"max-image-preview:large","max-video-preview":"max-video-preview:-1"},"canonical":"https:\/\/www.drivecase.fr\/conseils-prevention\/securite-voiture\/verglas-ete-quel-danger-pour-les-automobilistes\/","og_locale":"fr_FR","og_type":"article","og_title":"Verglas d'\u00e9t\u00e9 : quel danger pour les automobilistes ?","og_description":"Le verglas d'\u00e9t\u00e9 est un ph\u00e9nom\u00e8ne souvent sous-estim\u00e9 mais qui pr\u00e9sente des risques significatifs pour la s\u00e9curit\u00e9 routi\u00e8re. Alors que la plupart des","og_url":"https:\/\/www.drivecase.fr\/conseils-prevention\/securite-voiture\/verglas-ete-quel-danger-pour-les-automobilistes\/","og_site_name":"S\u00e9curit\u00e9 routi\u00e8re, EPI &amp; pr\u00e9vention sanitaire | Conseils pr\u00e9vention Drivecase","article_publisher":"https:\/\/fr-fr.facebook.com\/drivecasefr","article_published_time":"2023-11-24T08:48:42+00:00","article_modified_time":"2025-09-22T13:25:56+00:00","og_image":[{"width":1000,"height":667,"url":"https:\/\/www.drivecase.fr\/conseils-prevention\/wp-content\/uploads\/2023\/11\/route-voiture-verglas-ete.jpg","type":"image\/jpeg"}],"twitter_card":"summary_large_image","twitter_creator":"@Drivecase","twitter_site":"@Drivecase","twitter_misc":{"\u00c9crit par":"Yves Neyner","Dur\u00e9e de lecture est.":"6 minutes"},"schema":{"@context":"https:\/\/schema.org","@graph":[{"@type":"Organization","@id":"https:\/\/www.drivecase.fr\/conseils-prevention\/#organization","name":"Drivecase","url":"https:\/\/www.drivecase.fr\/conseils-prevention\/","sameAs":["https:\/\/fr-fr.facebook.com\/drivecasefr","https:\/\/fr.linkedin.com\/company\/drivecase","https:\/\/www.youtube.com\/channel\/UCQ7ivAl-3feklwC1IX7HO8A","https:\/\/www.pinterest.fr\/drivecase3695\/","https:\/\/twitter.com\/Drivecase"],"logo":{"@type":"ImageObject","@id":"https:\/\/www.drivecase.fr\/conseils-prevention\/#logo","inLanguage":"fr-FR","url":"https:\/\/www.drivecase.fr\/conseils-prevention\/wp-content\/uploads\/2021\/02\/logo_conseils-prevention_bleu_vert-01.png","contentUrl":"https:\/\/www.drivecase.fr\/conseils-prevention\/wp-content\/uploads\/2021\/02\/logo_conseils-prevention_bleu_vert-01.png","width":2221,"height":667,"caption":"Drivecase"},"image":{"@id":"https:\/\/www.drivecase.fr\/conseils-prevention\/#logo"}},{"@type":"WebSite","@id":"https:\/\/www.drivecase.fr\/conseils-prevention\/#website","url":"https:\/\/www.drivecase.fr\/conseils-prevention\/","name":"S\u00e9curit\u00e9 routi\u00e8re, EPI &amp; pr\u00e9vention sanitaire | Conseils pr\u00e9vention Drivecase","description":"Le blog conseils pr\u00e9vention d\u00e9di\u00e9 \u00e0 la s\u00e9curit\u00e9 routi\u00e8re, aux EPI, premiers secours &amp; pr\u00e9vention sanitaire de Drivecase. Toute l&#039;actualit\u00e9 sur la r\u00e9glementation &amp; les bons gestes !","publisher":{"@id":"https:\/\/www.drivecase.fr\/conseils-prevention\/#organization"},"potentialAction":[{"@type":"SearchAction","target":{"@type":"EntryPoint","urlTemplate":"https:\/\/www.drivecase.fr\/conseils-prevention\/?s={search_term_string}"},"query-input":"required name=search_term_string"}],"inLanguage":"fr-FR"},{"@type":"ImageObject","@id":"https:\/\/www.drivecase.fr\/conseils-prevention\/securite-voiture\/verglas-ete-quel-danger-pour-les-automobilistes\/#primaryimage","inLanguage":"fr-FR","url":"https:\/\/www.drivecase.fr\/conseils-prevention\/wp-content\/uploads\/2023\/11\/route-voiture-verglas-ete.jpg","contentUrl":"https:\/\/www.drivecase.fr\/conseils-prevention\/wp-content\/uploads\/2023\/11\/route-voiture-verglas-ete.jpg","width":1000,"height":667,"caption":"Voiture sur une route avec verglas d'\u00e9t\u00e9"},{"@type":"WebPage","@id":"https:\/\/www.drivecase.fr\/conseils-prevention\/securite-voiture\/verglas-ete-quel-danger-pour-les-automobilistes\/#webpage","url":"https:\/\/www.drivecase.fr\/conseils-prevention\/securite-voiture\/verglas-ete-quel-danger-pour-les-automobilistes\/","name":"Verglas d'\u00e9t\u00e9 : quel danger pour les automobilistes ?","isPartOf":{"@id":"https:\/\/www.drivecase.fr\/conseils-prevention\/#website"},"primaryImageOfPage":{"@id":"https:\/\/www.drivecase.fr\/conseils-prevention\/securite-voiture\/verglas-ete-quel-danger-pour-les-automobilistes\/#primaryimage"},"datePublished":"2023-11-24T08:48:42+00:00","dateModified":"2025-09-22T13:25:56+00:00","description":"Verglas d'\u00e9t\u00e9, un guide essentiel pour les automobilistes sur les risques et les pr\u00e9cautions \u00e0 prendre face \u00e0 ce ph\u00e9nom\u00e8ne","breadcrumb":{"@id":"https:\/\/www.drivecase.fr\/conseils-prevention\/securite-voiture\/verglas-ete-quel-danger-pour-les-automobilistes\/#breadcrumb"},"inLanguage":"fr-FR","potentialAction":[{"@type":"ReadAction","target":["https:\/\/www.drivecase.fr\/conseils-prevention\/securite-voiture\/verglas-ete-quel-danger-pour-les-automobilistes\/"]}]},{"@type":"BreadcrumbList","@id":"https:\/\/www.drivecase.fr\/conseils-prevention\/securite-voiture\/verglas-ete-quel-danger-pour-les-automobilistes\/#breadcrumb","itemListElement":[{"@type":"ListItem","position":1,"name":"Conseils pr\u00e9vention","item":"https:\/\/www.drivecase.fr\/conseils-prevention\/"},{"@type":"ListItem","position":2,"name":"S\u00e9curit\u00e9 en voiture","item":"https:\/\/www.drivecase.fr\/conseils-prevention\/securite-voiture\/"},{"@type":"ListItem","position":3,"name":"Verglas d&rsquo;\u00e9t\u00e9 : quel danger pour les automobilistes ?"}]},{"@type":"Article","@id":"https:\/\/www.drivecase.fr\/conseils-prevention\/securite-voiture\/verglas-ete-quel-danger-pour-les-automobilistes\/#article","isPartOf":{"@id":"https:\/\/www.drivecase.fr\/conseils-prevention\/securite-voiture\/verglas-ete-quel-danger-pour-les-automobilistes\/#webpage"},"author":{"@id":"https:\/\/www.drivecase.fr\/conseils-prevention\/#\/schema\/person\/81364680d561942668fd708f7aea7158"},"headline":"Verglas d&rsquo;\u00e9t\u00e9 : quel danger pour les automobilistes ?","datePublished":"2023-11-24T08:48:42+00:00","dateModified":"2025-09-22T13:25:56+00:00","mainEntityOfPage":{"@id":"https:\/\/www.drivecase.fr\/conseils-prevention\/securite-voiture\/verglas-ete-quel-danger-pour-les-automobilistes\/#webpage"},"wordCount":1246,"publisher":{"@id":"https:\/\/www.drivecase.fr\/conseils-prevention\/#organization"},"image":{"@id":"https:\/\/www.drivecase.fr\/conseils-prevention\/securite-voiture\/verglas-ete-quel-danger-pour-les-automobilistes\/#primaryimage"},"thumbnailUrl":"https:\/\/www.drivecase.fr\/conseils-prevention\/wp-content\/uploads\/2023\/11\/route-voiture-verglas-ete.jpg","keywords":["Conseils d'experts"],"articleSection":["S\u00e9curit\u00e9 en voiture"],"inLanguage":"fr-FR"},{"@type":"Person","@id":"https:\/\/www.drivecase.fr\/conseils-prevention\/#\/schema\/person\/81364680d561942668fd708f7aea7158","name":"Yves Neyner","image":{"@type":"ImageObject","@id":"https:\/\/www.drivecase.fr\/conseils-prevention\/#personlogo","inLanguage":"fr-FR","url":"https:\/\/secure.gravatar.com\/avatar\/624a97ba3a04b53cb2c38e410894b421?s=96&d=mm&r=g","contentUrl":"https:\/\/secure.gravatar.com\/avatar\/624a97ba3a04b53cb2c38e410894b421?s=96&d=mm&r=g","caption":"Yves Neyner"},"url":"https:\/\/www.drivecase.fr\/conseils-prevention\/author\/yves-nerynerdrivecase-fr\/"}]}},"_links":{"self":[{"href":"https:\/\/www.drivecase.fr\/conseils-prevention\/wp-json\/wp\/v2\/posts\/12942"}],"collection":[{"href":"https:\/\/www.drivecase.fr\/conseils-prevention\/wp-json\/wp\/v2\/posts"}],"about":[{"href":"https:\/\/www.drivecase.fr\/conseils-prevention\/wp-json\/wp\/v2\/types\/post"}],"author":[{"embeddable":true,"href":"https:\/\/www.drivecase.fr\/conseils-prevention\/wp-json\/wp\/v2\/users\/3"}],"replies":[{"embeddable":true,"href":"https:\/\/www.drivecase.fr\/conseils-prevention\/wp-json\/wp\/v2\/comments?post=12942"}],"version-history":[{"count":17,"href":"https:\/\/www.drivecase.fr\/conseils-prevention\/wp-json\/wp\/v2\/posts\/12942\/revisions"}],"predecessor-version":[{"id":16383,"href":"https:\/\/www.drivecase.fr\/conseils-prevention\/wp-json\/wp\/v2\/posts\/12942\/revisions\/16383"}],"wp:featuredmedia":[{"embeddable":true,"href":"https:\/\/www.drivecase.fr\/conseils-prevention\/wp-json\/wp\/v2\/media\/12958"}],"wp:attachment":[{"href":"https:\/\/www.drivecase.fr\/conseils-prevention\/wp-json\/wp\/v2\/media?parent=12942"}],"wp:term":[{"taxonomy":"category","embeddable":true,"href":"https:\/\/www.drivecase.fr\/conseils-prevention\/wp-json\/wp\/v2\/categories?post=12942"},{"taxonomy":"post_tag","embeddable":true,"href":"https:\/\/www.drivecase.fr\/conseils-prevention\/wp-json\/wp\/v2\/tags?post=12942"}],"curies":[{"name":"wp","href":"https:\/\/api.w.org\/{rel}","templated":true}]}}