{"id":13266,"date":"2024-04-10T16:05:12","date_gmt":"2024-04-10T14:05:12","guid":{"rendered":"https:\/\/www.drivecase.fr\/conseils-prevention\/?p=13266"},"modified":"2024-04-16T09:13:48","modified_gmt":"2024-04-16T07:13:48","slug":"etre-protege-contre-le-vol-de-velo","status":"publish","type":"post","link":"https:\/\/www.drivecase.fr\/conseils-prevention\/securite-velo\/etre-protege-contre-le-vol-de-velo\/","title":{"rendered":"Comment \u00eatre assur\u00e9 contre le vol de v\u00e9lo ?"},"content":{"rendered":"\t\t<div data-elementor-type=\"wp-post\" data-elementor-id=\"13266\" class=\"elementor elementor-13266\" data-elementor-settings=\"[]\">\n\t\t\t\t\t\t\t<div class=\"elementor-section-wrap\">\n\t\t\t\t\t\t\t<section class=\"elementor-section elementor-top-section elementor-element elementor-element-6f7f58f elementor-section-boxed elementor-section-height-default elementor-section-height-default\" data-id=\"6f7f58f\" data-element_type=\"section\">\n\t\t\t\t\t\t<div class=\"elementor-container elementor-column-gap-default\">\n\t\t\t\t\t<div class=\"elementor-column elementor-col-100 elementor-top-column elementor-element elementor-element-a0e49fa\" data-id=\"a0e49fa\" data-element_type=\"column\">\n\t\t\t<div class=\"elementor-widget-wrap elementor-element-populated\">\n\t\t\t\t\t\t\t\t<div class=\"elementor-element elementor-element-4ebc950 elementor-widget elementor-widget-text-editor\" data-id=\"4ebc950\" data-element_type=\"widget\" data-widget_type=\"text-editor.default\">\n\t\t\t\t<div class=\"elementor-widget-container\">\n\t\t\t\t\t\t\t\t<p>Le vol de v\u00e9lo est malheureusement une r\u00e9alit\u00e9 \u00e0 laquelle de nombreux cyclistes sont confront\u00e9s. Que vous utilisiez votre v\u00e9lo pour vos d\u00e9placements quotidiens, vos loisirs ou vos activit\u00e9s sportives, il est devenu important de penser \u00e0 prendre des mesures pour prot\u00e9ger votre pr\u00e9cieux deux-roues contre le vol.<\/p>\t\t\t\t\t\t<\/div>\n\t\t\t\t<\/div>\n\t\t\t\t\t<\/div>\n\t\t<\/div>\n\t\t\t\t\t\t\t<\/div>\n\t\t<\/section>\n\t\t\t\t<section class=\"elementor-section elementor-top-section elementor-element elementor-element-3df80244 elementor-section-boxed elementor-section-height-default elementor-section-height-default\" data-id=\"3df80244\" data-element_type=\"section\">\n\t\t\t\t\t\t<div class=\"elementor-container elementor-column-gap-default\">\n\t\t\t\t\t<div class=\"elementor-column elementor-col-100 elementor-top-column elementor-element elementor-element-35f21f00\" data-id=\"35f21f00\" data-element_type=\"column\">\n\t\t\t<div class=\"elementor-widget-wrap elementor-element-populated\">\n\t\t\t\t\t\t\t\t<div class=\"elementor-element elementor-element-36cfd27 elementor-toc--content-ellipsis elementor-toc--minimized-on-tablet elementor-widget elementor-widget-table-of-contents\" data-id=\"36cfd27\" data-element_type=\"widget\" data-settings=\"{&quot;headings_by_tags&quot;:[&quot;h2&quot;,&quot;h3&quot;],&quot;exclude_headings_by_selector&quot;:[],&quot;min_height&quot;:{&quot;unit&quot;:&quot;px&quot;,&quot;size&quot;:0,&quot;sizes&quot;:[]},&quot;marker_view&quot;:&quot;numbers&quot;,&quot;minimize_box&quot;:&quot;yes&quot;,&quot;minimized_on&quot;:&quot;tablet&quot;,&quot;hierarchical_view&quot;:&quot;yes&quot;,&quot;min_height_tablet&quot;:{&quot;unit&quot;:&quot;px&quot;,&quot;size&quot;:&quot;&quot;,&quot;sizes&quot;:[]},&quot;min_height_mobile&quot;:{&quot;unit&quot;:&quot;px&quot;,&quot;size&quot;:&quot;&quot;,&quot;sizes&quot;:[]}}\" data-widget_type=\"table-of-contents.default\">\n\t\t\t\t<div class=\"elementor-widget-container\">\n\t\t\t\t\t<div class=\"elementor-toc__header\">\n\t\t\t<div class=\"elementor-toc__header-title\">Naviguer au sein de l'article<\/div>\t\t\t\t\t\t\t<div class=\"elementor-toc__toggle-button elementor-toc__toggle-button--expand\"><i class=\"fas fa-chevron-down\"><\/i><\/div>\n\t\t\t\t<div class=\"elementor-toc__toggle-button elementor-toc__toggle-button--collapse\"><i class=\"fas fa-chevron-up\"><\/i><\/div>\n\t\t\t\t\t<\/div>\n\t\t<div class=\"elementor-toc__body\">\n\t\t\t<div class=\"elementor-toc__spinner-container\">\n\t\t\t\t<i class=\"elementor-toc__spinner eicon-loading eicon-animation-spin\" aria-hidden=\"true\"><\/i>\n\t\t\t<\/div>\n\t\t<\/div>\n\t\t\t\t<\/div>\n\t\t\t\t<\/div>\n\t\t\t\t\t<\/div>\n\t\t<\/div>\n\t\t\t\t\t\t\t<\/div>\n\t\t<\/section>\n\t\t\t\t<section class=\"elementor-section elementor-top-section elementor-element elementor-element-bed7020 elementor-section-boxed elementor-section-height-default elementor-section-height-default\" data-id=\"bed7020\" data-element_type=\"section\">\n\t\t\t\t\t\t<div class=\"elementor-container elementor-column-gap-default\">\n\t\t\t\t\t<div class=\"elementor-column elementor-col-100 elementor-top-column elementor-element elementor-element-2a0f3f6\" data-id=\"2a0f3f6\" data-element_type=\"column\">\n\t\t\t<div class=\"elementor-widget-wrap elementor-element-populated\">\n\t\t\t\t\t\t\t\t<div class=\"elementor-element elementor-element-b4a7647 elementor-widget elementor-widget-spacer\" data-id=\"b4a7647\" data-element_type=\"widget\" data-widget_type=\"spacer.default\">\n\t\t\t\t<div class=\"elementor-widget-container\">\n\t\t\t\t\t<div class=\"elementor-spacer\">\n\t\t\t<div class=\"elementor-spacer-inner\"><\/div>\n\t\t<\/div>\n\t\t\t\t<\/div>\n\t\t\t\t<\/div>\n\t\t\t\t<div class=\"elementor-element elementor-element-fa5f487 elementor-widget elementor-widget-heading\" data-id=\"fa5f487\" data-element_type=\"widget\" data-widget_type=\"heading.default\">\n\t\t\t\t<div class=\"elementor-widget-container\">\n\t\t\t<h2 class=\"elementor-heading-title elementor-size-xl\">Pourquoi assurer son v\u00e9lo ?\n<\/h2>\t\t<\/div>\n\t\t\t\t<\/div>\n\t\t\t\t<div class=\"elementor-element elementor-element-f56fce6 elementor-widget elementor-widget-text-editor\" data-id=\"f56fce6\" data-element_type=\"widget\" data-widget_type=\"text-editor.default\">\n\t\t\t\t<div class=\"elementor-widget-container\">\n\t\t\t\t\t\t\t\t<p><strong>Assurer son v\u00e9lo<\/strong> est une d\u00e9marche importante pour plusieurs raisons, surtout si vous poss\u00e9dez un <strong>v\u00e9lo de valeur<\/strong> ou si vous l&rsquo;utilisez r\u00e9guli\u00e8rement :<\/p><p>&#8211; Protection financi\u00e8re : <strong>L&rsquo;assurance v\u00e9lo<\/strong> peut vous prot\u00e9ger contre les <strong>pertes financi\u00e8res en cas de vol<\/strong> ou de dommages \u00e0 votre v\u00e9lo. Les v\u00e9los, surtout les mod\u00e8les haut de gamme, peuvent \u00eatre co\u00fbteux, et les remplacer de votre poche peut \u00eatre lourd financi\u00e8rement.<\/p><p>&#8211; Couverture contre les dommages : Outre le vol, certains contrats d&rsquo;assurance couvrent \u00e9galement les <strong>dommages accidentels<\/strong>. Cela peut \u00eatre particuli\u00e8rement utile si vous utilisez votre v\u00e9lo de mani\u00e8re intensive, par exemple pour des comp\u00e9titions ou des d\u00e9placements quotidiens.<\/p><p>&#8211; Responsabilit\u00e9 civile : Beaucoup de contrat incluent une <strong>assurance responsabilit\u00e9 civile<\/strong> qui vous prot\u00e8ge si vous causez des<strong> dommages \u00e0 une tierce personne<\/strong> ou \u00e0 sa propri\u00e9t\u00e9 avec votre v\u00e9lo.<\/p><p>&#8211; Tranquillit\u00e9 d&rsquo;esprit : Avoir une assurance peut vous offrir une tranquillit\u00e9 d&rsquo;esprit en sachant que vous \u00eates couvert en cas de probl\u00e8me. Cela peut vous permettre de profiter plus librement de votre activit\u00e9 cycliste, que ce soit pour le loisir ou le transport.<\/p><p>&#8211; Options suppl\u00e9mentaires : Certaines assurances offrent des options suppl\u00e9mentaires telles que l&rsquo;<strong>assistance en cas de panne<\/strong>, le remboursement de frais de location de v\u00e9lo en cas de vol ou de r\u00e9paration, ou encore la couverture en cas de comp\u00e9tition ou de voyage \u00e0 l&rsquo;\u00e9tranger.<\/p>\t\t\t\t\t\t<\/div>\n\t\t\t\t<\/div>\n\t\t\t\t<div class=\"elementor-element elementor-element-d4564b2 elementor-widget elementor-widget-image\" data-id=\"d4564b2\" data-element_type=\"widget\" data-widget_type=\"image.default\">\n\t\t\t\t<div class=\"elementor-widget-container\">\n\t\t\t\t\t\t\t\t\t\t\t\t\t\t\t<picture class=\"attachment-full size-full sp-no-webp\" style=\"height:61.8%;max-width:1000px;\"><source srcset=\"https:\/\/www.drivecase.fr\/conseils-prevention\/wp-content\/uploads\/2024\/04\/velo-exterieur.webp 1000w,https:\/\/www.drivecase.fr\/conseils-prevention\/wp-content\/uploads\/2024\/04\/velo-exterieur-300x185.webp 300w,https:\/\/www.drivecase.fr\/conseils-prevention\/wp-content\/uploads\/2024\/04\/velo-exterieur-768x475.webp 768w\" sizes=\"(max-width: 1000px) 100vw, 1000px\" type=\"image\/webp\"><source srcset=\"https:\/\/www.drivecase.fr\/conseils-prevention\/wp-content\/uploads\/2024\/04\/velo-exterieur.jpg 1000w, https:\/\/www.drivecase.fr\/conseils-prevention\/wp-content\/uploads\/2024\/04\/velo-exterieur-300x185.jpg 300w, https:\/\/www.drivecase.fr\/conseils-prevention\/wp-content\/uploads\/2024\/04\/velo-exterieur-768x475.jpg 768w\" sizes=\"(max-width: 1000px) 100vw, 1000px\" type=\"image\/jpeg\"><img src=\"https:\/\/www.drivecase.fr\/conseils-prevention\/wp-content\/uploads\/2024\/04\/velo-exterieur.jpg\" class=\"attachment-full size-full sp-no-webp\" loading=\"lazy\" style=\"width:100%;height:61.8%;max-width:1000px;\" alt=\"velo exterieur seul sans surveillance\" height=\"618\" width=\"1000\" srcset=\"https:\/\/www.drivecase.fr\/conseils-prevention\/wp-content\/uploads\/2024\/04\/velo-exterieur.jpg 1000w, https:\/\/www.drivecase.fr\/conseils-prevention\/wp-content\/uploads\/2024\/04\/velo-exterieur-300x185.jpg 300w, https:\/\/www.drivecase.fr\/conseils-prevention\/wp-content\/uploads\/2024\/04\/velo-exterieur-768x475.jpg 768w\" sizes=\"(max-width: 1000px) 100vw, 1000px\"><\/picture>\t\t\t\t\t\t\t\t\t\t\t\t\t\t\t<\/div>\n\t\t\t\t<\/div>\n\t\t\t\t<div class=\"elementor-element elementor-element-0a43eea elementor-widget elementor-widget-heading\" data-id=\"0a43eea\" data-element_type=\"widget\" data-widget_type=\"heading.default\">\n\t\t\t\t<div class=\"elementor-widget-container\">\n\t\t\t<h2 class=\"elementor-heading-title elementor-size-default\">Est ce que mon assurance habitation me couvre en cas de vol de mon v\u00e9lo ?<\/h2>\t\t<\/div>\n\t\t\t\t<\/div>\n\t\t\t\t<div class=\"elementor-element elementor-element-92c474a elementor-widget elementor-widget-text-editor\" data-id=\"92c474a\" data-element_type=\"widget\" data-widget_type=\"text-editor.default\">\n\t\t\t\t<div class=\"elementor-widget-container\">\n\t\t\t\t\t\t\t\t<p>Oui et non, <strong>l&rsquo;assurance habitation peut couvrir le vol de votre v\u00e9lo<\/strong>, mais cela d\u00e9pend des termes sp\u00e9cifiques de votre contrat. Il est important de sp\u00e9cifier que<a href=\"https:\/\/www.service-public.fr\/particuliers\/vosdroits\/F2028#:~:text=Si%20vous%20souhaitez%20%C3%AAtre%20couvert,assurance%20appel%C3%A9%20%22multirisques%20habitation%22.\"> la garantie vol n\u2019est pas comprise<\/a> dans votre contrat d&rsquo;assurance habitation, cette garantie devra \u00eatre souscrite de mani\u00e8re sp\u00e9cifique.<br \/><br \/>Souvent, l&rsquo;assurance habitation a une <strong>limite\u00a0 de couverture financi\u00e8re<\/strong> pour les objets tels que les v\u00e9los, qui peut \u00eatre inf\u00e9rieure \u00e0 la valeur r\u00e9elle de v\u00e9los de haute gamme ou sp\u00e9cialis\u00e9s. Il est important de v\u00e9rifier la limite de la couverture pour les biens personnels afin d\u2019\u00eatre indemnis\u00e9 \u00e0 100%.<br \/><br \/>La couverture d\u00e9pend g\u00e9n\u00e9ralement des circonstances du vol du v\u00e9lo pour l\u2019assurance habitation. La plupart du temps <strong>les contrats couvrent les vols de v\u00e9lo \u00e0 domicile<\/strong> et pour certains cas sur le lieu de travail. Il faut prendre en consid\u00e9ration que les vols en ext\u00e9rieur sont dans quasiment tous les cas pas couverts par l\u2019assurance habitation.<\/p>\t\t\t\t\t\t<\/div>\n\t\t\t\t<\/div>\n\t\t\t\t<div class=\"elementor-element elementor-element-c46edde elementor-widget elementor-widget-text-editor\" data-id=\"c46edde\" data-element_type=\"widget\" data-widget_type=\"text-editor.default\">\n\t\t\t\t<div class=\"elementor-widget-container\">\n\t\t\t\t\t\t\t\t<p><em>Important : <a href=\"https:\/\/www.service-public.fr\/particuliers\/vosdroits\/F2697\">L\u2019assurance est obligatoire pour un v\u00e9lo \u00e9lectrique<\/a> d\u00e9passant 250w ou dont la vitesse est sup\u00e9rieur \u00e0 25 km\/h<\/em><\/p>\t\t\t\t\t\t<\/div>\n\t\t\t\t<\/div>\n\t\t\t\t<div class=\"elementor-element elementor-element-0e466be elementor-widget elementor-widget-heading\" data-id=\"0e466be\" data-element_type=\"widget\" data-widget_type=\"heading.default\">\n\t\t\t\t<div class=\"elementor-widget-container\">\n\t\t\t<h3 class=\"elementor-heading-title elementor-size-default\">Comment assurer le vol de v\u00e9lo \u00e0 l'ext\u00e9rieur de l'habitation ?<\/h3>\t\t<\/div>\n\t\t\t\t<\/div>\n\t\t\t\t<section class=\"elementor-section elementor-inner-section elementor-element elementor-element-6409b53 elementor-section-height-min-height elementor-section-boxed elementor-section-height-default\" data-id=\"6409b53\" data-element_type=\"section\" data-settings=\"{&quot;background_background&quot;:&quot;gradient&quot;}\">\n\t\t\t\t\t\t\t<div class=\"elementor-background-overlay\"><\/div>\n\t\t\t\t\t\t\t<div class=\"elementor-container elementor-column-gap-default\">\n\t\t\t\t\t<div class=\"elementor-column elementor-col-50 elementor-inner-column elementor-element elementor-element-3475629\" data-id=\"3475629\" data-element_type=\"column\">\n\t\t\t<div class=\"elementor-widget-wrap elementor-element-populated\">\n\t\t\t\t\t\t\t\t<div class=\"elementor-element elementor-element-bde2cbd elementor-widget elementor-widget-heading\" data-id=\"bde2cbd\" data-element_type=\"widget\" data-widget_type=\"heading.default\">\n\t\t\t\t<div class=\"elementor-widget-container\">\n\t\t\t<p class=\"elementor-heading-title elementor-size-default\">Antivol articul\u00e9 pliant avec support de rangement<\/p>\t\t<\/div>\n\t\t\t\t<\/div>\n\t\t\t\t<div class=\"elementor-element elementor-element-3a30256 elementor-hidden-phone elementor-widget elementor-widget-text-editor\" data-id=\"3a30256\" data-element_type=\"widget\" data-widget_type=\"text-editor.default\">\n\t\t\t\t<div class=\"elementor-widget-container\">\n\t\t\t\t\t\t\t\t<p>Compact et robuste, il se plie et se range facilement pour vous accompagner partout. Dot\u00e9 d&rsquo;articulations flexibles, il s&rsquo;adapte \u00e0 toutes les situations, assurant une protection fiable pour votre v\u00e9lo.<\/p>\t\t\t\t\t\t<\/div>\n\t\t\t\t<\/div>\n\t\t\t\t\t<\/div>\n\t\t<\/div>\n\t\t\t\t<div class=\"elementor-column elementor-col-50 elementor-inner-column elementor-element elementor-element-4a2c039\" data-id=\"4a2c039\" data-element_type=\"column\">\n\t\t\t<div class=\"elementor-widget-wrap elementor-element-populated\">\n\t\t\t\t\t\t\t\t<div class=\"elementor-element elementor-element-3f0f809 elementor-align-center elementor-widget elementor-widget-button\" data-id=\"3f0f809\" data-element_type=\"widget\" data-widget_type=\"button.default\">\n\t\t\t\t<div class=\"elementor-widget-container\">\n\t\t\t\t\t<div class=\"elementor-button-wrapper\">\n\t\t\t<a href=\"https:\/\/www.drivecase.fr\/antivols-velo\/316-antivol-articule-en-acier-avec-support-universel.html\" target=\"_blank\" class=\"elementor-button-link elementor-button elementor-size-sm elementor-animation-grow\" role=\"button\">\n\t\t\t\t\t\t<span class=\"elementor-button-content-wrapper\">\n\t\t\t\t\t\t<span class=\"elementor-button-icon elementor-align-icon-left\">\n\t\t\t\t<i aria-hidden=\"true\" class=\"fas fa-shopping-cart\"><\/i>\t\t\t<\/span>\n\t\t\t\t\t\t<span class=\"elementor-button-text\">Antivol articul\u00e9<\/span>\n\t\t<\/span>\n\t\t\t\t\t<\/a>\n\t\t<\/div>\n\t\t\t\t<\/div>\n\t\t\t\t<\/div>\n\t\t\t\t\t<\/div>\n\t\t<\/div>\n\t\t\t\t\t\t\t<\/div>\n\t\t<\/section>\n\t\t\t\t<div class=\"elementor-element elementor-element-9671aea elementor-widget elementor-widget-text-editor\" data-id=\"9671aea\" data-element_type=\"widget\" data-widget_type=\"text-editor.default\">\n\t\t\t\t<div class=\"elementor-widget-container\">\n\t\t\t\t\t\t\t\t<p>En cas d\u2019utilisation fr\u00e9quentes de votre v\u00e9lo, notamment dans un cadre ou celui ci est votre moyen de transport. Il est indispensable de penser \u00e0 <strong>assurer votre v\u00e9lo contre le vol<\/strong>. Pour cela plusieurs options s\u2019offre \u00e0 vous :<\/p><ul><li>Extension de garantie : Certaines assurances habitation offrent une couverture pour le vol de biens personnels m\u00eame \u00e0 l&rsquo;ext\u00e9rieur de la maison m\u00eame si cela reste tr\u00e8s rare. Si ce n\u2019est pas votre cas, vous pouvez tout de m\u00eame demander une <strong>extension de garantie<\/strong> qui vous permettras d\u2019assurer votre v\u00e9lo m\u00eame en ext\u00e9rieur.<\/li><li>Souscrire une assurance v\u00e9lo sp\u00e9cifique : Il existe des <strong>assurances d\u00e9di\u00e9es aux v\u00e9los<\/strong> qui offrent une couverture plus compl\u00e8te pour les vols \u00e0 l&rsquo;ext\u00e9rieur de la maison. Ces assurances sont con\u00e7ues sp\u00e9cifiquement pour les besoins des cyclistes et couvrent souvent le vol du v\u00e9lo, que ce soit \u00e0 domicile, dans la rue ou pendant que vous \u00eates au travail.<\/li><li>Extensions et avenants : Si votre assurance actuelle ne couvre pas suffisamment le vol \u00e0 l&rsquo;ext\u00e9rieur, vous pouvez souvent ajouter une extension ou un avenant qui augmente la couverture pour inclure des situations sp\u00e9cifiques comme le vol en dehors de la maison.<\/li><\/ul>\t\t\t\t\t\t<\/div>\n\t\t\t\t<\/div>\n\t\t\t\t<div class=\"elementor-element elementor-element-e2374a2 elementor-widget elementor-widget-image\" data-id=\"e2374a2\" data-element_type=\"widget\" data-widget_type=\"image.default\">\n\t\t\t\t<div class=\"elementor-widget-container\">\n\t\t\t\t\t\t\t\t\t\t\t\t\t\t\t<picture class=\"attachment-large size-large sp-no-webp\" style=\"height:75%;max-width:1000px;\"><source srcset=\"https:\/\/www.drivecase.fr\/conseils-prevention\/wp-content\/uploads\/2024\/04\/velo-securiser-cadena-exterieur.webp 1000w,https:\/\/www.drivecase.fr\/conseils-prevention\/wp-content\/uploads\/2024\/04\/velo-securiser-cadena-exterieur-300x225.webp 300w,https:\/\/www.drivecase.fr\/conseils-prevention\/wp-content\/uploads\/2024\/04\/velo-securiser-cadena-exterieur-768x576.webp 768w\" sizes=\"(max-width: 750px) 100vw, 750px\" type=\"image\/webp\"><source srcset=\"https:\/\/www.drivecase.fr\/conseils-prevention\/wp-content\/uploads\/2024\/04\/velo-securiser-cadena-exterieur.jpg 1000w, https:\/\/www.drivecase.fr\/conseils-prevention\/wp-content\/uploads\/2024\/04\/velo-securiser-cadena-exterieur-300x225.jpg 300w, https:\/\/www.drivecase.fr\/conseils-prevention\/wp-content\/uploads\/2024\/04\/velo-securiser-cadena-exterieur-768x576.jpg 768w\" sizes=\"(max-width: 750px) 100vw, 750px\" type=\"image\/jpeg\"><img src=\"https:\/\/www.drivecase.fr\/conseils-prevention\/wp-content\/uploads\/2024\/04\/velo-securiser-cadena-exterieur.jpg\" class=\"attachment-large size-large sp-no-webp\" loading=\"lazy\" style=\"width:100%;height:75%;max-width:1000px;\" alt=\"velo securiser en exterieur\" height=\"563\" width=\"750\" srcset=\"https:\/\/www.drivecase.fr\/conseils-prevention\/wp-content\/uploads\/2024\/04\/velo-securiser-cadena-exterieur.jpg 1000w, https:\/\/www.drivecase.fr\/conseils-prevention\/wp-content\/uploads\/2024\/04\/velo-securiser-cadena-exterieur-300x225.jpg 300w, https:\/\/www.drivecase.fr\/conseils-prevention\/wp-content\/uploads\/2024\/04\/velo-securiser-cadena-exterieur-768x576.jpg 768w\" sizes=\"(max-width: 750px) 100vw, 750px\"><\/picture>\t\t\t\t\t\t\t\t\t\t\t\t\t\t\t<\/div>\n\t\t\t\t<\/div>\n\t\t\t\t<div class=\"elementor-element elementor-element-202ae3d elementor-widget elementor-widget-heading\" data-id=\"202ae3d\" data-element_type=\"widget\" data-widget_type=\"heading.default\">\n\t\t\t\t<div class=\"elementor-widget-container\">\n\t\t\t<h2 class=\"elementor-heading-title elementor-size-xl\">Choisir la bonne assurance pour le vol de v\u00e9lo \n<\/h2>\t\t<\/div>\n\t\t\t\t<\/div>\n\t\t\t\t<div class=\"elementor-element elementor-element-a90ef92 elementor-widget elementor-widget-text-editor\" data-id=\"a90ef92\" data-element_type=\"widget\" data-widget_type=\"text-editor.default\">\n\t\t\t\t<div class=\"elementor-widget-container\">\n\t\t\t\t\t\t\t\t<p>Lors de la s\u00e9lection d&rsquo;une assurance adapt\u00e9e aux v\u00e9los, en particulier les v\u00e9los \u00e9lectriques co\u00fbteux, plusieurs aspects m\u00e9ritent attention :<\/p>\t\t\t\t\t\t<\/div>\n\t\t\t\t<\/div>\n\t\t\t\t<div class=\"elementor-element elementor-element-2fa65d9 elementor-widget elementor-widget-heading\" data-id=\"2fa65d9\" data-element_type=\"widget\" data-widget_type=\"heading.default\">\n\t\t\t\t<div class=\"elementor-widget-container\">\n\t\t\t<h3 class=\"elementor-heading-title elementor-size-default\">Assurance sp\u00e9cialis\u00e9e pour v\u00e9los \u00e9lectriques\n<\/h3>\t\t<\/div>\n\t\t\t\t<\/div>\n\t\t\t\t<div class=\"elementor-element elementor-element-3ef9c4b elementor-widget elementor-widget-text-editor\" data-id=\"3ef9c4b\" data-element_type=\"widget\" data-widget_type=\"text-editor.default\">\n\t\t\t\t<div class=\"elementor-widget-container\">\n\t\t\t\t\t\t\t\t<p><span style=\"font-weight: 400;\">Les v\u00e9los \u00e9lectriques repr\u00e9sentent un investissement significatif et n\u00e9cessitent une protection ad\u00e9quate. Il est conseill\u00e9 de :<\/span><\/p><ul><li style=\"font-weight: 400;\" aria-level=\"1\"><span style=\"font-weight: 400;\">Souscrire \u00e0 une garantie sp\u00e9cifique au vol de v\u00e9los \u00e9lectriques.<\/span><\/li><li style=\"font-weight: 400;\" aria-level=\"1\"><span style=\"font-weight: 400;\">V\u00e9rifier que la <strong>valeur de votre v\u00e9lo soit incluse dans la limite d&rsquo;indemnisation<\/strong> de votre contrat.<\/span><\/li><li style=\"font-weight: 400;\" aria-level=\"1\"><span style=\"font-weight: 400;\">Prendre connaissance des exclusions \u00e9ventuelles qui pourraient affecter la couverture.<\/span><\/li><li style=\"font-weight: 400;\" aria-level=\"1\"><span style=\"font-weight: 400;\">Se renseigner sur les autres avantages que pourrait prendre en compte l\u2019assurance en plus du vol ( casse, vandalisme, d\u00e9pannage, dommages corporels, etc\u2026)<\/span><\/li><\/ul>\t\t\t\t\t\t<\/div>\n\t\t\t\t<\/div>\n\t\t\t\t<div class=\"elementor-element elementor-element-963ae52 elementor-widget elementor-widget-heading\" data-id=\"963ae52\" data-element_type=\"widget\" data-widget_type=\"heading.default\">\n\t\t\t\t<div class=\"elementor-widget-container\">\n\t\t\t<h3 class=\"elementor-heading-title elementor-size-default\">Utilisation des outils comparateurs en ligne<\/h3>\t\t<\/div>\n\t\t\t\t<\/div>\n\t\t\t\t<div class=\"elementor-element elementor-element-ca68b56 elementor-widget elementor-widget-text-editor\" data-id=\"ca68b56\" data-element_type=\"widget\" data-widget_type=\"text-editor.default\">\n\t\t\t\t<div class=\"elementor-widget-container\">\n\t\t\t\t\t\t\t\t<p><span style=\"font-weight: 400;\">Pour trouver l&rsquo;assurance qui offre le meilleur rapport qualit\u00e9-prix, utilisez un outil de comparaison en ligne. Ces plateformes vous permettent :<\/span><\/p><ul><li style=\"font-weight: 400;\" aria-level=\"1\"><span style=\"font-weight: 400;\">d&rsquo;acc\u00e9der rapidement \u00e0 plusieurs devis ajust\u00e9s \u00e0 vos besoins sp\u00e9cifiques,<\/span><\/li><li style=\"font-weight: 400;\" aria-level=\"1\"><span style=\"font-weight: 400;\">de comparer efficacement les offres sans avoir \u00e0 visiter de multiples sites d&rsquo;assureurs.<\/span><\/li><\/ul>\t\t\t\t\t\t<\/div>\n\t\t\t\t<\/div>\n\t\t\t\t<div class=\"elementor-element elementor-element-089cd8a elementor-widget elementor-widget-heading\" data-id=\"089cd8a\" data-element_type=\"widget\" data-widget_type=\"heading.default\">\n\t\t\t\t<div class=\"elementor-widget-container\">\n\t\t\t<h3 class=\"elementor-heading-title elementor-size-default\">Baisser les co\u00fbts avec des accessoires de s\u00e9curit\u00e9 \n<\/h3>\t\t<\/div>\n\t\t\t\t<\/div>\n\t\t\t\t<div class=\"elementor-element elementor-element-00d3cfa elementor-widget elementor-widget-text-editor\" data-id=\"00d3cfa\" data-element_type=\"widget\" data-widget_type=\"text-editor.default\">\n\t\t\t\t<div class=\"elementor-widget-container\">\n\t\t\t\t\t\t\t\t<p>L&rsquo;utilisation de dispositifs antivol robustes, comme des cadenas certifi\u00e9s ou des syst\u00e8mes de g\u00e9olocalisation, peut rassurer votre assureur et potentiellement baisser le co\u00fbt de votre assurance, car cela r\u00e9duit le risque de vol.<\/p>\t\t\t\t\t\t<\/div>\n\t\t\t\t<\/div>\n\t\t\t\t<section class=\"elementor-section elementor-inner-section elementor-element elementor-element-5a609ab elementor-section-height-min-height elementor-section-boxed elementor-section-height-default\" data-id=\"5a609ab\" data-element_type=\"section\" data-settings=\"{&quot;background_background&quot;:&quot;gradient&quot;}\">\n\t\t\t\t\t\t\t<div class=\"elementor-background-overlay\"><\/div>\n\t\t\t\t\t\t\t<div class=\"elementor-container elementor-column-gap-default\">\n\t\t\t\t\t<div class=\"elementor-column elementor-col-50 elementor-inner-column elementor-element elementor-element-af9234b\" data-id=\"af9234b\" data-element_type=\"column\">\n\t\t\t<div class=\"elementor-widget-wrap elementor-element-populated\">\n\t\t\t\t\t\t\t\t<div class=\"elementor-element elementor-element-2234a3a elementor-widget elementor-widget-heading\" data-id=\"2234a3a\" data-element_type=\"widget\" data-widget_type=\"heading.default\">\n\t\t\t\t<div class=\"elementor-widget-container\">\n\t\t\t<p class=\"elementor-heading-title elementor-size-default\">Accessoires pour v\u00e9lo<\/p>\t\t<\/div>\n\t\t\t\t<\/div>\n\t\t\t\t<div class=\"elementor-element elementor-element-0550a51 elementor-hidden-phone elementor-widget elementor-widget-text-editor\" data-id=\"0550a51\" data-element_type=\"widget\" data-widget_type=\"text-editor.default\">\n\t\t\t\t<div class=\"elementor-widget-container\">\n\t\t\t\t\t\t\t\t<p>D\u00e9couvrez notre gamme d&rsquo;accessoires pour v\u00e9lo, con\u00e7ue pour am\u00e9liorer votre s\u00e9curit\u00e9 et votre confort sur la route. Drivecase vous propose des accessoires publicitaires destin\u00e9s aux v\u00e9los, simples et efficaces qui peuvent \u00eatre personnalis\u00e9s.<\/p>\t\t\t\t\t\t<\/div>\n\t\t\t\t<\/div>\n\t\t\t\t\t<\/div>\n\t\t<\/div>\n\t\t\t\t<div class=\"elementor-column elementor-col-50 elementor-inner-column elementor-element elementor-element-8465014\" data-id=\"8465014\" data-element_type=\"column\">\n\t\t\t<div class=\"elementor-widget-wrap elementor-element-populated\">\n\t\t\t\t\t\t\t\t<div class=\"elementor-element elementor-element-2aa1df5 elementor-align-center elementor-widget elementor-widget-button\" data-id=\"2aa1df5\" data-element_type=\"widget\" data-widget_type=\"button.default\">\n\t\t\t\t<div class=\"elementor-widget-container\">\n\t\t\t\t\t<div class=\"elementor-button-wrapper\">\n\t\t\t<a href=\"https:\/\/www.drivecase.fr\/44-accessoires-velo\" target=\"_blank\" class=\"elementor-button-link elementor-button elementor-size-sm elementor-animation-grow\" role=\"button\">\n\t\t\t\t\t\t<span class=\"elementor-button-content-wrapper\">\n\t\t\t\t\t\t<span class=\"elementor-button-icon elementor-align-icon-left\">\n\t\t\t\t<i aria-hidden=\"true\" class=\"fas fa-shopping-cart\"><\/i>\t\t\t<\/span>\n\t\t\t\t\t\t<span class=\"elementor-button-text\">Accessoires pour v\u00e9lo<\/span>\n\t\t<\/span>\n\t\t\t\t\t<\/a>\n\t\t<\/div>\n\t\t\t\t<\/div>\n\t\t\t\t<\/div>\n\t\t\t\t\t<\/div>\n\t\t<\/div>\n\t\t\t\t\t\t\t<\/div>\n\t\t<\/section>\n\t\t\t\t<div class=\"elementor-element elementor-element-ef5768d elementor-widget elementor-widget-spacer\" data-id=\"ef5768d\" data-element_type=\"widget\" data-widget_type=\"spacer.default\">\n\t\t\t\t<div class=\"elementor-widget-container\">\n\t\t\t\t\t<div class=\"elementor-spacer\">\n\t\t\t<div class=\"elementor-spacer-inner\"><\/div>\n\t\t<\/div>\n\t\t\t\t<\/div>\n\t\t\t\t<\/div>\n\t\t\t\t<div class=\"elementor-element elementor-element-9c1868f elementor-widget elementor-widget-heading\" data-id=\"9c1868f\" data-element_type=\"widget\" data-widget_type=\"heading.default\">\n\t\t\t\t<div class=\"elementor-widget-container\">\n\t\t\t<h2 class=\"elementor-heading-title elementor-size-default\">Conseils pratiques pour \u00e9viter le vol de v\u00e9lo\n<\/h2>\t\t<\/div>\n\t\t\t\t<\/div>\n\t\t\t\t<div class=\"elementor-element elementor-element-16712cb elementor-widget elementor-widget-text-editor\" data-id=\"16712cb\" data-element_type=\"widget\" data-widget_type=\"text-editor.default\">\n\t\t\t\t<div class=\"elementor-widget-container\">\n\t\t\t\t\t\t\t\t<p><span style=\"font-weight: 400;\">En plus de souscrire \u00e0 une assurance appropri\u00e9e, prendre des mesures pr\u00e9ventives peut r\u00e9duire le risque de vol :<\/span><\/p><ul><li style=\"font-weight: 400;\" aria-level=\"1\"><span style=\"font-weight: 400;\">Toujours verrouiller le v\u00e9lo avec un antivol de haute qualit\u00e9, m\u00eame lors de courtes pauses.<\/span><\/li><li style=\"font-weight: 400;\" aria-level=\"1\"><span style=\"font-weight: 400;\">Privil\u00e9gier les stationnements s\u00e9curis\u00e9s,fr\u00e9quent\u00e9s ou surveill\u00e9s par des cam\u00e9ras<\/span><\/li><li style=\"font-weight: 400;\" aria-level=\"1\"><span style=\"font-weight: 400;\">Enregistrez le num\u00e9ro de s\u00e9rie de votre v\u00e9lo et prenez des photos pour faciliter son identification en cas de vol.<\/span><\/li><li style=\"font-weight: 400;\" aria-level=\"1\"><span style=\"font-weight: 400;\">Opter pour un syst\u00e8me de marquage reconnu qui peut aider \u00e0 dissuader les voleurs et faciliter la r\u00e9cup\u00e9ration du v\u00e9lo en cas de vol.<\/span><\/li><\/ul><p><span style=\"font-weight: 400;\">Que ce soit via une assurance habitation incluant le vol de v\u00e9lo ou un contrat sp\u00e9cifique, <\/span><b>s&rsquo;assurer offre une compensation financi\u00e8re non n\u00e9gligeable en cas de perte<\/b><span style=\"font-weight: 400;\">. Coupl\u00e9es aux bonnes pratiques de s\u00e9curit\u00e9, ces strat\u00e9gies forment votre meilleure d\u00e9fense contre le vol de v\u00e9lo.<\/span><\/p>\t\t\t\t\t\t<\/div>\n\t\t\t\t<\/div>\n\t\t\t\t\t<\/div>\n\t\t<\/div>\n\t\t\t\t\t\t\t<\/div>\n\t\t<\/section>\n\t\t\t\t\t\t<\/div>\n\t\t\t\t\t<\/div>\n\t\t","protected":false},"excerpt":{"rendered":"<p>Le vol de v\u00e9lo est malheureusement une r\u00e9alit\u00e9 \u00e0 laquelle de nombreux cyclistes sont confront\u00e9s. Que vous utilisiez votre v\u00e9lo pour vos d\u00e9placements quotidiens, vos loisirs ou vos activit\u00e9s sportives, il est devenu important de penser \u00e0 prendre des mesures pour prot\u00e9ger votre pr\u00e9cieux deux-roues contre le vol. Naviguer au sein de l&rsquo;article Pourquoi assurer&hellip; <a class=\"more-link\" href=\"https:\/\/www.drivecase.fr\/conseils-prevention\/securite-velo\/etre-protege-contre-le-vol-de-velo\/\">Poursuivre la lecture <span class=\"screen-reader-text\">Comment \u00eatre assur\u00e9 contre le vol de v\u00e9lo ?<\/span><\/a><\/p>\n","protected":false},"author":4,"featured_media":13275,"comment_status":"closed","ping_status":"closed","sticky":false,"template":"","format":"standard","meta":[],"categories":[23],"tags":[20,19],"yoast_head":"<!-- This site is optimized with the Yoast SEO Premium plugin v17.4 (Yoast SEO v17.4) - https:\/\/yoast.com\/wordpress\/plugins\/seo\/ -->\n<title>Comment \u00eatre assur\u00e9 contre le vol de v\u00e9lo ?<\/title>\n<meta name=\"description\" content=\"Est ce que les assurances peuvent vous prot\u00e9ger contre le vol de v\u00e9lo ? D\u00e9couvrez comment elles fonctionnent et comment choisir la bonne\" \/>\n<meta name=\"robots\" content=\"index, follow, max-snippet:-1, max-image-preview:large, max-video-preview:-1\" \/>\n<link rel=\"canonical\" href=\"https:\/\/www.drivecase.fr\/conseils-prevention\/securite-velo\/etre-protege-contre-le-vol-de-velo\/\" \/>\n<meta property=\"og:locale\" content=\"fr_FR\" \/>\n<meta property=\"og:type\" content=\"article\" \/>\n<meta property=\"og:title\" content=\"Comment \u00eatre assur\u00e9 contre le vol de v\u00e9lo ?\" \/>\n<meta property=\"og:description\" content=\"Le vol de v\u00e9lo est malheureusement une r\u00e9alit\u00e9 \u00e0 laquelle de nombreux cyclistes sont confront\u00e9s. Que vous utilisiez votre v\u00e9lo pour vos d\u00e9placements\" \/>\n<meta property=\"og:url\" content=\"https:\/\/www.drivecase.fr\/conseils-prevention\/securite-velo\/etre-protege-contre-le-vol-de-velo\/\" \/>\n<meta property=\"og:site_name\" content=\"S\u00e9curit\u00e9 routi\u00e8re, EPI &amp; pr\u00e9vention sanitaire | Conseils pr\u00e9vention Drivecase\" \/>\n<meta property=\"article:publisher\" content=\"https:\/\/fr-fr.facebook.com\/drivecasefr\" \/>\n<meta property=\"article:published_time\" content=\"2024-04-10T14:05:12+00:00\" \/>\n<meta property=\"article:modified_time\" content=\"2024-04-16T07:13:48+00:00\" \/>\n<meta property=\"og:image\" content=\"https:\/\/www.drivecase.fr\/conseils-prevention\/wp-content\/uploads\/2024\/04\/velo-securiser-cadena-exterieur.jpg\" \/>\n\t<meta property=\"og:image:width\" content=\"1000\" \/>\n\t<meta property=\"og:image:height\" content=\"750\" \/>\n<meta name=\"twitter:card\" content=\"summary_large_image\" \/>\n<meta name=\"twitter:creator\" content=\"@Drivecase\" \/>\n<meta name=\"twitter:site\" content=\"@Drivecase\" \/>\n<meta name=\"twitter:label1\" content=\"\u00c9crit par\" \/>\n\t<meta name=\"twitter:data1\" content=\"Lucile Pariat\" \/>\n\t<meta name=\"twitter:label2\" content=\"Dur\u00e9e de lecture est.\" \/>\n\t<meta name=\"twitter:data2\" content=\"6 minutes\" \/>\n<script type=\"application\/ld+json\" class=\"yoast-schema-graph\">{\"@context\":\"https:\/\/schema.org\",\"@graph\":[{\"@type\":\"Organization\",\"@id\":\"https:\/\/www.drivecase.fr\/conseils-prevention\/#organization\",\"name\":\"Drivecase\",\"url\":\"https:\/\/www.drivecase.fr\/conseils-prevention\/\",\"sameAs\":[\"https:\/\/fr-fr.facebook.com\/drivecasefr\",\"https:\/\/fr.linkedin.com\/company\/drivecase\",\"https:\/\/www.youtube.com\/channel\/UCQ7ivAl-3feklwC1IX7HO8A\",\"https:\/\/www.pinterest.fr\/drivecase3695\/\",\"https:\/\/twitter.com\/Drivecase\"],\"logo\":{\"@type\":\"ImageObject\",\"@id\":\"https:\/\/www.drivecase.fr\/conseils-prevention\/#logo\",\"inLanguage\":\"fr-FR\",\"url\":\"https:\/\/www.drivecase.fr\/conseils-prevention\/wp-content\/uploads\/2021\/02\/logo_conseils-prevention_bleu_vert-01.png\",\"contentUrl\":\"https:\/\/www.drivecase.fr\/conseils-prevention\/wp-content\/uploads\/2021\/02\/logo_conseils-prevention_bleu_vert-01.png\",\"width\":2221,\"height\":667,\"caption\":\"Drivecase\"},\"image\":{\"@id\":\"https:\/\/www.drivecase.fr\/conseils-prevention\/#logo\"}},{\"@type\":\"WebSite\",\"@id\":\"https:\/\/www.drivecase.fr\/conseils-prevention\/#website\",\"url\":\"https:\/\/www.drivecase.fr\/conseils-prevention\/\",\"name\":\"S\\u00e9curit\\u00e9 routi\\u00e8re, EPI &amp; pr\\u00e9vention sanitaire | Conseils pr\\u00e9vention Drivecase\",\"description\":\"Le blog conseils pr\\u00e9vention d\\u00e9di\\u00e9 \\u00e0 la s\\u00e9curit\\u00e9 routi\\u00e8re, aux EPI, premiers secours &amp; pr\\u00e9vention sanitaire de Drivecase. Toute l&#039;actualit\\u00e9 sur la r\\u00e9glementation &amp; les bons gestes !\",\"publisher\":{\"@id\":\"https:\/\/www.drivecase.fr\/conseils-prevention\/#organization\"},\"potentialAction\":[{\"@type\":\"SearchAction\",\"target\":{\"@type\":\"EntryPoint\",\"urlTemplate\":\"https:\/\/www.drivecase.fr\/conseils-prevention\/?s={search_term_string}\"},\"query-input\":\"required name=search_term_string\"}],\"inLanguage\":\"fr-FR\"},{\"@type\":\"ImageObject\",\"@id\":\"https:\/\/www.drivecase.fr\/conseils-prevention\/securite-velo\/etre-protege-contre-le-vol-de-velo\/#primaryimage\",\"inLanguage\":\"fr-FR\",\"url\":\"https:\/\/www.drivecase.fr\/conseils-prevention\/wp-content\/uploads\/2024\/04\/velo-securiser-cadena-exterieur.jpg\",\"contentUrl\":\"https:\/\/www.drivecase.fr\/conseils-prevention\/wp-content\/uploads\/2024\/04\/velo-securiser-cadena-exterieur.jpg\",\"width\":1000,\"height\":750,\"caption\":\"velo securiser en exterieur\"},{\"@type\":\"WebPage\",\"@id\":\"https:\/\/www.drivecase.fr\/conseils-prevention\/securite-velo\/etre-protege-contre-le-vol-de-velo\/#webpage\",\"url\":\"https:\/\/www.drivecase.fr\/conseils-prevention\/securite-velo\/etre-protege-contre-le-vol-de-velo\/\",\"name\":\"Comment \\u00eatre assur\\u00e9 contre le vol de v\\u00e9lo ?\",\"isPartOf\":{\"@id\":\"https:\/\/www.drivecase.fr\/conseils-prevention\/#website\"},\"primaryImageOfPage\":{\"@id\":\"https:\/\/www.drivecase.fr\/conseils-prevention\/securite-velo\/etre-protege-contre-le-vol-de-velo\/#primaryimage\"},\"datePublished\":\"2024-04-10T14:05:12+00:00\",\"dateModified\":\"2024-04-16T07:13:48+00:00\",\"description\":\"Est ce que les assurances peuvent vous prot\\u00e9ger contre le vol de v\\u00e9lo ? D\\u00e9couvrez comment elles fonctionnent et comment choisir la bonne\",\"breadcrumb\":{\"@id\":\"https:\/\/www.drivecase.fr\/conseils-prevention\/securite-velo\/etre-protege-contre-le-vol-de-velo\/#breadcrumb\"},\"inLanguage\":\"fr-FR\",\"potentialAction\":[{\"@type\":\"ReadAction\",\"target\":[\"https:\/\/www.drivecase.fr\/conseils-prevention\/securite-velo\/etre-protege-contre-le-vol-de-velo\/\"]}]},{\"@type\":\"BreadcrumbList\",\"@id\":\"https:\/\/www.drivecase.fr\/conseils-prevention\/securite-velo\/etre-protege-contre-le-vol-de-velo\/#breadcrumb\",\"itemListElement\":[{\"@type\":\"ListItem\",\"position\":1,\"name\":\"Conseils pr\\u00e9vention\",\"item\":\"https:\/\/www.drivecase.fr\/conseils-prevention\/\"},{\"@type\":\"ListItem\",\"position\":2,\"name\":\"S\\u00e9curit\\u00e9 \\u00e0 v\\u00e9lo\",\"item\":\"https:\/\/www.drivecase.fr\/conseils-prevention\/securite-velo\/\"},{\"@type\":\"ListItem\",\"position\":3,\"name\":\"Comment \\u00eatre assur\\u00e9 contre le vol de v\\u00e9lo ?\"}]},{\"@type\":\"Article\",\"@id\":\"https:\/\/www.drivecase.fr\/conseils-prevention\/securite-velo\/etre-protege-contre-le-vol-de-velo\/#article\",\"isPartOf\":{\"@id\":\"https:\/\/www.drivecase.fr\/conseils-prevention\/securite-velo\/etre-protege-contre-le-vol-de-velo\/#webpage\"},\"author\":{\"@id\":\"https:\/\/www.drivecase.fr\/conseils-prevention\/#\/schema\/person\/8fcaaa212378e263f27b7b575fe05667\"},\"headline\":\"Comment \\u00eatre assur\\u00e9 contre le vol de v\\u00e9lo ?\",\"datePublished\":\"2024-04-10T14:05:12+00:00\",\"dateModified\":\"2024-04-16T07:13:48+00:00\",\"mainEntityOfPage\":{\"@id\":\"https:\/\/www.drivecase.fr\/conseils-prevention\/securite-velo\/etre-protege-contre-le-vol-de-velo\/#webpage\"},\"wordCount\":1231,\"publisher\":{\"@id\":\"https:\/\/www.drivecase.fr\/conseils-prevention\/#organization\"},\"image\":{\"@id\":\"https:\/\/www.drivecase.fr\/conseils-prevention\/securite-velo\/etre-protege-contre-le-vol-de-velo\/#primaryimage\"},\"thumbnailUrl\":\"https:\/\/www.drivecase.fr\/conseils-prevention\/wp-content\/uploads\/2024\/04\/velo-securiser-cadena-exterieur.jpg\",\"keywords\":[\"Conseils d'experts\",\"R\\u00e8glementations\"],\"articleSection\":[\"S\\u00e9curit\\u00e9 \\u00e0 v\\u00e9lo\"],\"inLanguage\":\"fr-FR\"},{\"@type\":\"Person\",\"@id\":\"https:\/\/www.drivecase.fr\/conseils-prevention\/#\/schema\/person\/8fcaaa212378e263f27b7b575fe05667\",\"name\":\"Lucile Pariat\",\"image\":{\"@type\":\"ImageObject\",\"@id\":\"https:\/\/www.drivecase.fr\/conseils-prevention\/#personlogo\",\"inLanguage\":\"fr-FR\",\"url\":\"https:\/\/secure.gravatar.com\/avatar\/c94420476552da6c1c489edc3f766559?s=96&d=mm&r=g\",\"contentUrl\":\"https:\/\/secure.gravatar.com\/avatar\/c94420476552da6c1c489edc3f766559?s=96&d=mm&r=g\",\"caption\":\"Lucile Pariat\"},\"description\":\"Responsable D\\u00e9veloppement chez Drivecase, et f\\u00e9rue d'actualit\\u00e9 sur la mobilit\\u00e9 et la pr\\u00e9vention.\",\"url\":\"https:\/\/www.drivecase.fr\/conseils-prevention\/author\/luciledrivecase-fr\/\"}]}<\/script>\n<!-- \/ Yoast SEO Premium plugin. -->","yoast_head_json":{"title":"Comment \u00eatre assur\u00e9 contre le vol de v\u00e9lo ?","description":"Est ce que les assurances peuvent vous prot\u00e9ger contre le vol de v\u00e9lo ? D\u00e9couvrez comment elles fonctionnent et comment choisir la bonne","robots":{"index":"index","follow":"follow","max-snippet":"max-snippet:-1","max-image-preview":"max-image-preview:large","max-video-preview":"max-video-preview:-1"},"canonical":"https:\/\/www.drivecase.fr\/conseils-prevention\/securite-velo\/etre-protege-contre-le-vol-de-velo\/","og_locale":"fr_FR","og_type":"article","og_title":"Comment \u00eatre assur\u00e9 contre le vol de v\u00e9lo ?","og_description":"Le vol de v\u00e9lo est malheureusement une r\u00e9alit\u00e9 \u00e0 laquelle de nombreux cyclistes sont confront\u00e9s. Que vous utilisiez votre v\u00e9lo pour vos d\u00e9placements","og_url":"https:\/\/www.drivecase.fr\/conseils-prevention\/securite-velo\/etre-protege-contre-le-vol-de-velo\/","og_site_name":"S\u00e9curit\u00e9 routi\u00e8re, EPI &amp; pr\u00e9vention sanitaire | Conseils pr\u00e9vention Drivecase","article_publisher":"https:\/\/fr-fr.facebook.com\/drivecasefr","article_published_time":"2024-04-10T14:05:12+00:00","article_modified_time":"2024-04-16T07:13:48+00:00","og_image":[{"width":1000,"height":750,"url":"https:\/\/www.drivecase.fr\/conseils-prevention\/wp-content\/uploads\/2024\/04\/velo-securiser-cadena-exterieur.jpg","type":"image\/jpeg"}],"twitter_card":"summary_large_image","twitter_creator":"@Drivecase","twitter_site":"@Drivecase","twitter_misc":{"\u00c9crit par":"Lucile Pariat","Dur\u00e9e de lecture est.":"6 minutes"},"schema":{"@context":"https:\/\/schema.org","@graph":[{"@type":"Organization","@id":"https:\/\/www.drivecase.fr\/conseils-prevention\/#organization","name":"Drivecase","url":"https:\/\/www.drivecase.fr\/conseils-prevention\/","sameAs":["https:\/\/fr-fr.facebook.com\/drivecasefr","https:\/\/fr.linkedin.com\/company\/drivecase","https:\/\/www.youtube.com\/channel\/UCQ7ivAl-3feklwC1IX7HO8A","https:\/\/www.pinterest.fr\/drivecase3695\/","https:\/\/twitter.com\/Drivecase"],"logo":{"@type":"ImageObject","@id":"https:\/\/www.drivecase.fr\/conseils-prevention\/#logo","inLanguage":"fr-FR","url":"https:\/\/www.drivecase.fr\/conseils-prevention\/wp-content\/uploads\/2021\/02\/logo_conseils-prevention_bleu_vert-01.png","contentUrl":"https:\/\/www.drivecase.fr\/conseils-prevention\/wp-content\/uploads\/2021\/02\/logo_conseils-prevention_bleu_vert-01.png","width":2221,"height":667,"caption":"Drivecase"},"image":{"@id":"https:\/\/www.drivecase.fr\/conseils-prevention\/#logo"}},{"@type":"WebSite","@id":"https:\/\/www.drivecase.fr\/conseils-prevention\/#website","url":"https:\/\/www.drivecase.fr\/conseils-prevention\/","name":"S\u00e9curit\u00e9 routi\u00e8re, EPI &amp; pr\u00e9vention sanitaire | Conseils pr\u00e9vention Drivecase","description":"Le blog conseils pr\u00e9vention d\u00e9di\u00e9 \u00e0 la s\u00e9curit\u00e9 routi\u00e8re, aux EPI, premiers secours &amp; pr\u00e9vention sanitaire de Drivecase. Toute l&#039;actualit\u00e9 sur la r\u00e9glementation &amp; les bons gestes !","publisher":{"@id":"https:\/\/www.drivecase.fr\/conseils-prevention\/#organization"},"potentialAction":[{"@type":"SearchAction","target":{"@type":"EntryPoint","urlTemplate":"https:\/\/www.drivecase.fr\/conseils-prevention\/?s={search_term_string}"},"query-input":"required name=search_term_string"}],"inLanguage":"fr-FR"},{"@type":"ImageObject","@id":"https:\/\/www.drivecase.fr\/conseils-prevention\/securite-velo\/etre-protege-contre-le-vol-de-velo\/#primaryimage","inLanguage":"fr-FR","url":"https:\/\/www.drivecase.fr\/conseils-prevention\/wp-content\/uploads\/2024\/04\/velo-securiser-cadena-exterieur.jpg","contentUrl":"https:\/\/www.drivecase.fr\/conseils-prevention\/wp-content\/uploads\/2024\/04\/velo-securiser-cadena-exterieur.jpg","width":1000,"height":750,"caption":"velo securiser en exterieur"},{"@type":"WebPage","@id":"https:\/\/www.drivecase.fr\/conseils-prevention\/securite-velo\/etre-protege-contre-le-vol-de-velo\/#webpage","url":"https:\/\/www.drivecase.fr\/conseils-prevention\/securite-velo\/etre-protege-contre-le-vol-de-velo\/","name":"Comment \u00eatre assur\u00e9 contre le vol de v\u00e9lo ?","isPartOf":{"@id":"https:\/\/www.drivecase.fr\/conseils-prevention\/#website"},"primaryImageOfPage":{"@id":"https:\/\/www.drivecase.fr\/conseils-prevention\/securite-velo\/etre-protege-contre-le-vol-de-velo\/#primaryimage"},"datePublished":"2024-04-10T14:05:12+00:00","dateModified":"2024-04-16T07:13:48+00:00","description":"Est ce que les assurances peuvent vous prot\u00e9ger contre le vol de v\u00e9lo ? D\u00e9couvrez comment elles fonctionnent et comment choisir la bonne","breadcrumb":{"@id":"https:\/\/www.drivecase.fr\/conseils-prevention\/securite-velo\/etre-protege-contre-le-vol-de-velo\/#breadcrumb"},"inLanguage":"fr-FR","potentialAction":[{"@type":"ReadAction","target":["https:\/\/www.drivecase.fr\/conseils-prevention\/securite-velo\/etre-protege-contre-le-vol-de-velo\/"]}]},{"@type":"BreadcrumbList","@id":"https:\/\/www.drivecase.fr\/conseils-prevention\/securite-velo\/etre-protege-contre-le-vol-de-velo\/#breadcrumb","itemListElement":[{"@type":"ListItem","position":1,"name":"Conseils pr\u00e9vention","item":"https:\/\/www.drivecase.fr\/conseils-prevention\/"},{"@type":"ListItem","position":2,"name":"S\u00e9curit\u00e9 \u00e0 v\u00e9lo","item":"https:\/\/www.drivecase.fr\/conseils-prevention\/securite-velo\/"},{"@type":"ListItem","position":3,"name":"Comment \u00eatre assur\u00e9 contre le vol de v\u00e9lo ?"}]},{"@type":"Article","@id":"https:\/\/www.drivecase.fr\/conseils-prevention\/securite-velo\/etre-protege-contre-le-vol-de-velo\/#article","isPartOf":{"@id":"https:\/\/www.drivecase.fr\/conseils-prevention\/securite-velo\/etre-protege-contre-le-vol-de-velo\/#webpage"},"author":{"@id":"https:\/\/www.drivecase.fr\/conseils-prevention\/#\/schema\/person\/8fcaaa212378e263f27b7b575fe05667"},"headline":"Comment \u00eatre assur\u00e9 contre le vol de v\u00e9lo ?","datePublished":"2024-04-10T14:05:12+00:00","dateModified":"2024-04-16T07:13:48+00:00","mainEntityOfPage":{"@id":"https:\/\/www.drivecase.fr\/conseils-prevention\/securite-velo\/etre-protege-contre-le-vol-de-velo\/#webpage"},"wordCount":1231,"publisher":{"@id":"https:\/\/www.drivecase.fr\/conseils-prevention\/#organization"},"image":{"@id":"https:\/\/www.drivecase.fr\/conseils-prevention\/securite-velo\/etre-protege-contre-le-vol-de-velo\/#primaryimage"},"thumbnailUrl":"https:\/\/www.drivecase.fr\/conseils-prevention\/wp-content\/uploads\/2024\/04\/velo-securiser-cadena-exterieur.jpg","keywords":["Conseils d'experts","R\u00e8glementations"],"articleSection":["S\u00e9curit\u00e9 \u00e0 v\u00e9lo"],"inLanguage":"fr-FR"},{"@type":"Person","@id":"https:\/\/www.drivecase.fr\/conseils-prevention\/#\/schema\/person\/8fcaaa212378e263f27b7b575fe05667","name":"Lucile Pariat","image":{"@type":"ImageObject","@id":"https:\/\/www.drivecase.fr\/conseils-prevention\/#personlogo","inLanguage":"fr-FR","url":"https:\/\/secure.gravatar.com\/avatar\/c94420476552da6c1c489edc3f766559?s=96&d=mm&r=g","contentUrl":"https:\/\/secure.gravatar.com\/avatar\/c94420476552da6c1c489edc3f766559?s=96&d=mm&r=g","caption":"Lucile Pariat"},"description":"Responsable D\u00e9veloppement chez Drivecase, et f\u00e9rue d'actualit\u00e9 sur la mobilit\u00e9 et la pr\u00e9vention.","url":"https:\/\/www.drivecase.fr\/conseils-prevention\/author\/luciledrivecase-fr\/"}]}},"_links":{"self":[{"href":"https:\/\/www.drivecase.fr\/conseils-prevention\/wp-json\/wp\/v2\/posts\/13266"}],"collection":[{"href":"https:\/\/www.drivecase.fr\/conseils-prevention\/wp-json\/wp\/v2\/posts"}],"about":[{"href":"https:\/\/www.drivecase.fr\/conseils-prevention\/wp-json\/wp\/v2\/types\/post"}],"author":[{"embeddable":true,"href":"https:\/\/www.drivecase.fr\/conseils-prevention\/wp-json\/wp\/v2\/users\/4"}],"replies":[{"embeddable":true,"href":"https:\/\/www.drivecase.fr\/conseils-prevention\/wp-json\/wp\/v2\/comments?post=13266"}],"version-history":[{"count":13,"href":"https:\/\/www.drivecase.fr\/conseils-prevention\/wp-json\/wp\/v2\/posts\/13266\/revisions"}],"predecessor-version":[{"id":13283,"href":"https:\/\/www.drivecase.fr\/conseils-prevention\/wp-json\/wp\/v2\/posts\/13266\/revisions\/13283"}],"wp:featuredmedia":[{"embeddable":true,"href":"https:\/\/www.drivecase.fr\/conseils-prevention\/wp-json\/wp\/v2\/media\/13275"}],"wp:attachment":[{"href":"https:\/\/www.drivecase.fr\/conseils-prevention\/wp-json\/wp\/v2\/media?parent=13266"}],"wp:term":[{"taxonomy":"category","embeddable":true,"href":"https:\/\/www.drivecase.fr\/conseils-prevention\/wp-json\/wp\/v2\/categories?post=13266"},{"taxonomy":"post_tag","embeddable":true,"href":"https:\/\/www.drivecase.fr\/conseils-prevention\/wp-json\/wp\/v2\/tags?post=13266"}],"curies":[{"name":"wp","href":"https:\/\/api.w.org\/{rel}","templated":true}]}}