{"id":13289,"date":"2024-05-17T14:12:33","date_gmt":"2024-05-17T12:12:33","guid":{"rendered":"https:\/\/www.drivecase.fr\/conseils-prevention\/?p=13289"},"modified":"2024-07-19T16:34:59","modified_gmt":"2024-07-19T14:34:59","slug":"pratiques-lutte-fatigue-au-volant-conducteurs-professionnels","status":"publish","type":"post","link":"https:\/\/www.drivecase.fr\/conseils-prevention\/securite-voiture\/pratiques-lutte-fatigue-au-volant-conducteurs-professionnels\/","title":{"rendered":"Les pratiques pour lutter contre la fatigue au volant chez les conducteurs professionnels"},"content":{"rendered":"\t\t<div data-elementor-type=\"wp-post\" data-elementor-id=\"13289\" class=\"elementor elementor-13289\" data-elementor-settings=\"[]\">\n\t\t\t\t\t\t\t<div class=\"elementor-section-wrap\">\n\t\t\t\t\t\t\t<section class=\"elementor-section elementor-top-section elementor-element elementor-element-6f7f58f elementor-section-boxed elementor-section-height-default elementor-section-height-default\" data-id=\"6f7f58f\" data-element_type=\"section\">\n\t\t\t\t\t\t<div class=\"elementor-container elementor-column-gap-default\">\n\t\t\t\t\t<div class=\"elementor-column elementor-col-100 elementor-top-column elementor-element elementor-element-a0e49fa\" data-id=\"a0e49fa\" data-element_type=\"column\">\n\t\t\t<div class=\"elementor-widget-wrap elementor-element-populated\">\n\t\t\t\t\t\t\t\t<div class=\"elementor-element elementor-element-4ebc950 elementor-widget elementor-widget-text-editor\" data-id=\"4ebc950\" data-element_type=\"widget\" data-widget_type=\"text-editor.default\">\n\t\t\t\t<div class=\"elementor-widget-container\">\n\t\t\t\t\t\t\t\t<p><span style=\"font-weight: 400;\">La <\/span><strong>fatigue au volant<\/strong><span style=\"font-weight: 400;\"> est un \u00e9tat de lassitude ou de diminution de la vigilance que ressent un conducteur lorsqu&rsquo;il conduit sur de longues p\u00e9riodes sans pauses ad\u00e9quates ou lorsqu&rsquo;il est priv\u00e9 de sommeil. Cet \u00e9tat peut compromettre la capacit\u00e9 d&rsquo;une personne \u00e0 conduire en toute s\u00e9curit\u00e9. Un \u00e9tat de fatigue prolong\u00e9 au volant peut entra\u00eener une <\/span><strong>somnolence <\/strong><span style=\"font-weight: 400;\">qui pourrait augmenter <\/span><a href=\"https:\/\/www.securite-routiere.gouv.fr\/dangers-de-la-route\/la-fatigue-et-la-conduite\" target=\"_blank\" rel=\"noopener\"><span style=\"font-weight: 400;\">de pr\u00e8s de 8 fois le risque d\u2019avoir un accident<\/span><strong>.<\/strong><span style=\"font-weight: 400;\">\u00a0<\/span><\/a><\/p><p><span style=\"font-weight: 400;\">Les cons\u00e9quences de<\/span><a href=\"https:\/\/www.drivecase.fr\/conseils-prevention\/prevention-distracteurs\/la-fatigue-au-volant-une-des-principales-causes-de-mortalite\/\" target=\"_blank\" rel=\"noopener\"><span style=\"font-weight: 400;\"> ces accidents<\/span> <span style=\"font-weight: 400;\">peuvent \u00eatre mortels<\/span><\/a><span style=\"font-weight: 400;\">. Selon <\/span><a href=\"https:\/\/www.autoroutes.fr\/FCKeditor\/UserFiles\/File\/ASFA_ChiffresCles_2023.pdf\" target=\"_blank\" rel=\"noopener\"><span style=\"font-weight: 400;\">l\u2019ASFA<\/span><\/a><span style=\"font-weight: 400;\">, 18% des <\/span><strong>accidents <\/strong><span style=\"font-weight: 400;\">entra\u00eenant la mort seraient caus\u00e9s par la <\/span><strong>fatigue <\/strong><span style=\"font-weight: 400;\">et la somnolence.\u00a0<\/span><\/p><p><span style=\"font-weight: 400;\">Ainsi, l\u2019importance de la pr\u00e9vention de la fatigue au volant ne peut \u00eatre n\u00e9glig\u00e9e, car elle est essentielle pour garantir la s\u00e9curit\u00e9 des conducteurs et des autres usagers de la route.<\/span><\/p>\t\t\t\t\t\t<\/div>\n\t\t\t\t<\/div>\n\t\t\t\t\t<\/div>\n\t\t<\/div>\n\t\t\t\t\t\t\t<\/div>\n\t\t<\/section>\n\t\t\t\t<section class=\"elementor-section elementor-top-section elementor-element elementor-element-3df80244 elementor-section-boxed elementor-section-height-default elementor-section-height-default\" data-id=\"3df80244\" data-element_type=\"section\">\n\t\t\t\t\t\t<div class=\"elementor-container elementor-column-gap-default\">\n\t\t\t\t\t<div class=\"elementor-column elementor-col-100 elementor-top-column elementor-element elementor-element-35f21f00\" data-id=\"35f21f00\" data-element_type=\"column\">\n\t\t\t<div class=\"elementor-widget-wrap elementor-element-populated\">\n\t\t\t\t\t\t\t\t<div class=\"elementor-element elementor-element-36cfd27 elementor-toc--content-ellipsis elementor-toc--minimized-on-tablet elementor-widget elementor-widget-table-of-contents\" data-id=\"36cfd27\" data-element_type=\"widget\" data-settings=\"{&quot;headings_by_tags&quot;:[&quot;h2&quot;,&quot;h3&quot;],&quot;exclude_headings_by_selector&quot;:[],&quot;min_height&quot;:{&quot;unit&quot;:&quot;px&quot;,&quot;size&quot;:0,&quot;sizes&quot;:[]},&quot;marker_view&quot;:&quot;numbers&quot;,&quot;minimize_box&quot;:&quot;yes&quot;,&quot;minimized_on&quot;:&quot;tablet&quot;,&quot;hierarchical_view&quot;:&quot;yes&quot;,&quot;min_height_tablet&quot;:{&quot;unit&quot;:&quot;px&quot;,&quot;size&quot;:&quot;&quot;,&quot;sizes&quot;:[]},&quot;min_height_mobile&quot;:{&quot;unit&quot;:&quot;px&quot;,&quot;size&quot;:&quot;&quot;,&quot;sizes&quot;:[]}}\" data-widget_type=\"table-of-contents.default\">\n\t\t\t\t<div class=\"elementor-widget-container\">\n\t\t\t\t\t<div class=\"elementor-toc__header\">\n\t\t\t<div class=\"elementor-toc__header-title\">Naviguer au sein de l'article<\/div>\t\t\t\t\t\t\t<div class=\"elementor-toc__toggle-button elementor-toc__toggle-button--expand\"><i class=\"fas fa-chevron-down\"><\/i><\/div>\n\t\t\t\t<div class=\"elementor-toc__toggle-button elementor-toc__toggle-button--collapse\"><i class=\"fas fa-chevron-up\"><\/i><\/div>\n\t\t\t\t\t<\/div>\n\t\t<div class=\"elementor-toc__body\">\n\t\t\t<div class=\"elementor-toc__spinner-container\">\n\t\t\t\t<i class=\"elementor-toc__spinner eicon-loading eicon-animation-spin\" aria-hidden=\"true\"><\/i>\n\t\t\t<\/div>\n\t\t<\/div>\n\t\t\t\t<\/div>\n\t\t\t\t<\/div>\n\t\t\t\t\t<\/div>\n\t\t<\/div>\n\t\t\t\t\t\t\t<\/div>\n\t\t<\/section>\n\t\t\t\t<section class=\"elementor-section elementor-top-section elementor-element elementor-element-bed7020 elementor-section-boxed elementor-section-height-default elementor-section-height-default\" data-id=\"bed7020\" data-element_type=\"section\">\n\t\t\t\t\t\t<div class=\"elementor-container elementor-column-gap-default\">\n\t\t\t\t\t<div class=\"elementor-column elementor-col-100 elementor-top-column elementor-element elementor-element-2a0f3f6\" data-id=\"2a0f3f6\" data-element_type=\"column\">\n\t\t\t<div class=\"elementor-widget-wrap elementor-element-populated\">\n\t\t\t\t\t\t\t\t<div class=\"elementor-element elementor-element-b4a7647 elementor-widget elementor-widget-spacer\" data-id=\"b4a7647\" data-element_type=\"widget\" data-widget_type=\"spacer.default\">\n\t\t\t\t<div class=\"elementor-widget-container\">\n\t\t\t\t\t<div class=\"elementor-spacer\">\n\t\t\t<div class=\"elementor-spacer-inner\"><\/div>\n\t\t<\/div>\n\t\t\t\t<\/div>\n\t\t\t\t<\/div>\n\t\t\t\t<div class=\"elementor-element elementor-element-fa5f487 elementor-widget elementor-widget-heading\" data-id=\"fa5f487\" data-element_type=\"widget\" data-widget_type=\"heading.default\">\n\t\t\t\t<div class=\"elementor-widget-container\">\n\t\t\t<h2 class=\"elementor-heading-title elementor-size-xl\">Quels sont les signes et les causes de la fatigue au volant ?<\/h2>\t\t<\/div>\n\t\t\t\t<\/div>\n\t\t\t\t<section class=\"elementor-section elementor-inner-section elementor-element elementor-element-137ed5d elementor-section-boxed elementor-section-height-default elementor-section-height-default\" data-id=\"137ed5d\" data-element_type=\"section\">\n\t\t\t\t\t\t<div class=\"elementor-container elementor-column-gap-default\">\n\t\t\t\t\t<div class=\"elementor-column elementor-col-50 elementor-inner-column elementor-element elementor-element-cd00b5c\" data-id=\"cd00b5c\" data-element_type=\"column\">\n\t\t\t<div class=\"elementor-widget-wrap elementor-element-populated\">\n\t\t\t\t\t\t\t\t<div class=\"elementor-element elementor-element-f56fce6 elementor-widget elementor-widget-text-editor\" data-id=\"f56fce6\" data-element_type=\"widget\" data-widget_type=\"text-editor.default\">\n\t\t\t\t<div class=\"elementor-widget-container\">\n\t\t\t\t\t\t\t\t<p><span style=\"font-weight: 400;\">Voici quelques <\/span><strong>sympt\u00f4mes <\/strong><span style=\"font-weight: 400;\">qui devraient vous alarmer :\u00a0<\/span><\/p><ul><li style=\"font-weight: 400;\" aria-level=\"1\"><span style=\"font-weight: 400;\">Un picotement des yeux<\/span><\/li><li style=\"font-weight: 400;\" aria-level=\"1\"><span style=\"font-weight: 400;\">Une difficult\u00e9 \u00e0 se concentrer sur la route et une <\/span><a href=\"https:\/\/www.drivecase.fr\/conseils-prevention\/securite-voiture\/errance-mentale-securite-routiere\/\" target=\"_blank\" rel=\"noopener\"><span style=\"font-weight: 400;\">errance mentale<\/span><\/a><\/li><li style=\"font-weight: 400;\" aria-level=\"1\"><span style=\"font-weight: 400;\">Un regard fixe\u00a0<\/span><\/li><li style=\"font-weight: 400;\" aria-level=\"1\"><span style=\"font-weight: 400;\">Des douleurs et raideurs de la nuque, des \u00e9paules et du dos<\/span><\/li><li style=\"font-weight: 400;\" aria-level=\"1\"><span style=\"font-weight: 400;\">Un changement de position r\u00e9p\u00e9t\u00e9 <\/span><\/li><\/ul>\t\t\t\t\t\t<\/div>\n\t\t\t\t<\/div>\n\t\t\t\t\t<\/div>\n\t\t<\/div>\n\t\t\t\t<div class=\"elementor-column elementor-col-50 elementor-inner-column elementor-element elementor-element-4029eb3\" data-id=\"4029eb3\" data-element_type=\"column\">\n\t\t\t<div class=\"elementor-widget-wrap elementor-element-populated\">\n\t\t\t\t\t\t\t\t<div class=\"elementor-element elementor-element-47f9013 elementor-widget elementor-widget-image\" data-id=\"47f9013\" data-element_type=\"widget\" data-widget_type=\"image.default\">\n\t\t\t\t<div class=\"elementor-widget-container\">\n\t\t\t\t\t\t\t\t\t\t\t\t\t\t\t<picture class=\"attachment-large size-large sp-no-webp\" style=\"height:66.5%;max-width:1000px;\"><source srcset=\"https:\/\/www.drivecase.fr\/conseils-prevention\/wp-content\/uploads\/2024\/05\/lutte-fatigue-au-volant-.webp 1000w,https:\/\/www.drivecase.fr\/conseils-prevention\/wp-content\/uploads\/2024\/05\/lutte-fatigue-au-volant--300x200.webp 300w,https:\/\/www.drivecase.fr\/conseils-prevention\/wp-content\/uploads\/2024\/05\/lutte-fatigue-au-volant--768x511.webp 768w\" sizes=\"(max-width: 750px) 100vw, 750px\" type=\"image\/webp\"><source srcset=\"https:\/\/www.drivecase.fr\/conseils-prevention\/wp-content\/uploads\/2024\/05\/lutte-fatigue-au-volant-.jpg 1000w, https:\/\/www.drivecase.fr\/conseils-prevention\/wp-content\/uploads\/2024\/05\/lutte-fatigue-au-volant--300x200.jpg 300w, https:\/\/www.drivecase.fr\/conseils-prevention\/wp-content\/uploads\/2024\/05\/lutte-fatigue-au-volant--768x511.jpg 768w\" sizes=\"(max-width: 750px) 100vw, 750px\" type=\"image\/jpeg\"><img src=\"https:\/\/www.drivecase.fr\/conseils-prevention\/wp-content\/uploads\/2024\/05\/lutte-fatigue-au-volant-.jpg\" class=\"attachment-large size-large sp-no-webp\" loading=\"lazy\" style=\"width:100%;height:66.5%;max-width:1000px;\" alt=\"\" height=\"499\" width=\"750\" srcset=\"https:\/\/www.drivecase.fr\/conseils-prevention\/wp-content\/uploads\/2024\/05\/lutte-fatigue-au-volant-.jpg 1000w, https:\/\/www.drivecase.fr\/conseils-prevention\/wp-content\/uploads\/2024\/05\/lutte-fatigue-au-volant--300x200.jpg 300w, https:\/\/www.drivecase.fr\/conseils-prevention\/wp-content\/uploads\/2024\/05\/lutte-fatigue-au-volant--768x511.jpg 768w\" sizes=\"(max-width: 750px) 100vw, 750px\"><\/picture>\t\t\t\t\t\t\t\t\t\t\t\t\t\t\t<\/div>\n\t\t\t\t<\/div>\n\t\t\t\t\t<\/div>\n\t\t<\/div>\n\t\t\t\t\t\t\t<\/div>\n\t\t<\/section>\n\t\t\t\t<div class=\"elementor-element elementor-element-71e71d2 elementor-widget elementor-widget-spacer\" data-id=\"71e71d2\" data-element_type=\"widget\" data-widget_type=\"spacer.default\">\n\t\t\t\t<div class=\"elementor-widget-container\">\n\t\t\t\t\t<div class=\"elementor-spacer\">\n\t\t\t<div class=\"elementor-spacer-inner\"><\/div>\n\t\t<\/div>\n\t\t\t\t<\/div>\n\t\t\t\t<\/div>\n\t\t\t\t<div class=\"elementor-element elementor-element-92c474a elementor-widget elementor-widget-text-editor\" data-id=\"92c474a\" data-element_type=\"widget\" data-widget_type=\"text-editor.default\">\n\t\t\t\t<div class=\"elementor-widget-container\">\n\t\t\t\t\t\t\t\t<p><span style=\"font-weight: 400;\">Les <\/span><strong>causes <\/strong><span style=\"font-weight: 400;\">et <\/span><strong>facteurs de risques <\/strong><span style=\"font-weight: 400;\">pouvant entra\u00eener un \u00e9tat de <\/span><strong>fatigue au volant<\/strong><span style=\"font-weight: 400;\"> chez les <\/span><strong>conducteurs professionnels<\/strong><span style=\"font-weight: 400;\"> sont les suivants :<\/span><\/p><ul><li style=\"font-weight: 400;\" aria-level=\"1\"><span style=\"font-weight: 400;\">De longues heures de conduite sans pauses et un \u00e9veil prolong\u00e9<\/span><\/li><li style=\"font-weight: 400;\" aria-level=\"1\"><span style=\"font-weight: 400;\">Un travail de nuit et des horaires irr\u00e9guliers\u00a0<\/span><\/li><li style=\"font-weight: 400;\" aria-level=\"1\"><span style=\"font-weight: 400;\">Un stress li\u00e9 aux d\u00e9lais de livraison et aux conditions de travail<\/span><\/li><li style=\"font-weight: 400;\" aria-level=\"1\"><span style=\"font-weight: 400;\">Des conditions de sant\u00e9 non diagnostiqu\u00e9es ou mal g\u00e9r\u00e9es, comme <\/span><a href=\"https:\/\/www.drivecase.fr\/conseils-prevention\/prevention-distracteurs\/apnee-du-sommeil-et-conduite-un-danger-trop-ignore\/\" target=\"_blank\" rel=\"noopener\"><span style=\"font-weight: 400;\">l\u2019apn\u00e9e du sommeil<\/span><\/a><\/li><li style=\"font-weight: 400;\" aria-level=\"1\"><span style=\"font-weight: 400;\">Un environnement de conduite monotone (par exemple, longues autoroutes droites)<\/span><\/li><\/ul>\t\t\t\t\t\t<\/div>\n\t\t\t\t<\/div>\n\t\t\t\t<div class=\"elementor-element elementor-element-0e466be elementor-widget elementor-widget-heading\" data-id=\"0e466be\" data-element_type=\"widget\" data-widget_type=\"heading.default\">\n\t\t\t\t<div class=\"elementor-widget-container\">\n\t\t\t<h2 class=\"elementor-heading-title elementor-size-default\">Comment \u00e9viter la fatigue au volant ?<\/h2>\t\t<\/div>\n\t\t\t\t<\/div>\n\t\t\t\t<div class=\"elementor-element elementor-element-ca5a009 elementor-widget elementor-widget-text-editor\" data-id=\"ca5a009\" data-element_type=\"widget\" data-widget_type=\"text-editor.default\">\n\t\t\t\t<div class=\"elementor-widget-container\">\n\t\t\t\t\t\t\t\t<p><span style=\"font-weight: 400;\">Pour pr\u00e9venir un \u00e9tat de<\/span><strong> fatigue au volant<\/strong><span style=\"font-weight: 400;\">, vous pouvez mettre en place plusieurs <\/span><strong>solutions<\/strong><span style=\"font-weight: 400;\"> :\u00a0<\/span><\/p><ul><li style=\"font-weight: 400;\" aria-level=\"1\"><span style=\"font-weight: 400;\">Planifiez vos itin\u00e9raires, cela vous permettra d\u2019organiser vos trajets et de pouvoir y introduire des pauses toutes les 2h environ.\u00a0<\/span><\/li><li style=\"font-weight: 400;\" aria-level=\"1\"><span style=\"font-weight: 400;\">Dormez suffisamment la veille, une bonne nuit de sommeil est essentielle pour <\/span><strong>limiter la fatigue<\/strong><span style=\"font-weight: 400;\"> et maintenir une vigilance optimale sur la route.\u00a0<\/span><\/li><li style=\"font-weight: 400;\" aria-level=\"1\"><span style=\"font-weight: 400;\">Hydratez-vous r\u00e9guli\u00e8rement durant le trajet et optez pour des repas l\u00e9gers pour \u00e9viter la <\/span><strong>somnolence <\/strong><span style=\"font-weight: 400;\">durant la digestion.<\/span><\/li><\/ul><p><span style=\"font-weight: 400;\">N\u2019oubliez pas, d\u00e8s l\u2019apparition des sympt\u00f4mes de la fatigue au volant, vous devez vous arr\u00eater pour faire une pause d\u2019au moins 15 minutes. En cas de <\/span><strong>somnolence<\/strong><span style=\"font-weight: 400;\">, il est indispensable de vous arr\u00eater pour dormir dans un endroit, au calme si possible. Ne repoussez pas les <\/span><strong>signes de fatigue<\/strong><span style=\"font-weight: 400;\"> en vous contentant de boire du caf\u00e9, d&rsquo;\u00e9couter de la musique ou de m\u00e2cher du chewing-gum. Ces m\u00e9thodes ne sont que des solutions temporaires et inefficaces pour<\/span><strong> combattre la fatigue<\/strong><span style=\"font-weight: 400;\">. Le meilleur moyen pour <\/span><strong>lutter contre la fatigue<\/strong><span style=\"font-weight: 400;\"> imm\u00e9diatement est de faire une pause ou de dormir pour retrouver une vigilance optimale.\u00a0<\/span><\/p>\t\t\t\t\t\t<\/div>\n\t\t\t\t<\/div>\n\t\t\t\t<div class=\"elementor-element elementor-element-8fafabe elementor-widget elementor-widget-spacer\" data-id=\"8fafabe\" data-element_type=\"widget\" data-widget_type=\"spacer.default\">\n\t\t\t\t<div class=\"elementor-widget-container\">\n\t\t\t\t\t<div class=\"elementor-spacer\">\n\t\t\t<div class=\"elementor-spacer-inner\"><\/div>\n\t\t<\/div>\n\t\t\t\t<\/div>\n\t\t\t\t<\/div>\n\t\t\t\t<div class=\"elementor-element elementor-element-86cdee7 elementor-widget elementor-widget-heading\" data-id=\"86cdee7\" data-element_type=\"widget\" data-widget_type=\"heading.default\">\n\t\t\t\t<div class=\"elementor-widget-container\">\n\t\t\t<h2 class=\"elementor-heading-title elementor-size-default\">Quels sont les moyens de pr\u00e9vention et de sensibilisation \u00e0 la fatigue au volant ?<\/h2>\t\t<\/div>\n\t\t\t\t<\/div>\n\t\t\t\t<div class=\"elementor-element elementor-element-9671aea elementor-widget elementor-widget-text-editor\" data-id=\"9671aea\" data-element_type=\"widget\" data-widget_type=\"text-editor.default\">\n\t\t\t\t<div class=\"elementor-widget-container\">\n\t\t\t\t\t\t\t\t<p><span style=\"font-weight: 400;\">Pour pr\u00e9venir et sensibiliser \u00e0 la <\/span><strong>fatigue au volant<\/strong><span style=\"font-weight: 400;\">, divers moyens peuvent \u00eatre mis en place \u00e0 votre \u00e9chelle individuelle ou au sein de votre entreprise. Ces initiatives visent \u00e0 r\u00e9duire les <\/span><strong>risques <\/strong><span style=\"font-weight: 400;\">associ\u00e9s \u00e0 la <\/span>fatigue <span style=\"font-weight: 400;\">et \u00e0 am\u00e9liorer la s\u00e9curit\u00e9 sur la route pour tous les conducteurs.<\/span><\/p>\t\t\t\t\t\t<\/div>\n\t\t\t\t<\/div>\n\t\t\t\t<div class=\"elementor-element elementor-element-0ca7d46 elementor-widget elementor-widget-spacer\" data-id=\"0ca7d46\" data-element_type=\"widget\" data-widget_type=\"spacer.default\">\n\t\t\t\t<div class=\"elementor-widget-container\">\n\t\t\t\t\t<div class=\"elementor-spacer\">\n\t\t\t<div class=\"elementor-spacer-inner\"><\/div>\n\t\t<\/div>\n\t\t\t\t<\/div>\n\t\t\t\t<\/div>\n\t\t\t\t<div class=\"elementor-element elementor-element-ff362c3 elementor-widget elementor-widget-heading\" data-id=\"ff362c3\" data-element_type=\"widget\" data-widget_type=\"heading.default\">\n\t\t\t\t<div class=\"elementor-widget-container\">\n\t\t\t<h3 class=\"elementor-heading-title elementor-size-default\">Outils de pr\u00e9vention<\/h3>\t\t<\/div>\n\t\t\t\t<\/div>\n\t\t\t\t<div class=\"elementor-element elementor-element-31aad6d elementor-widget elementor-widget-text-editor\" data-id=\"31aad6d\" data-element_type=\"widget\" data-widget_type=\"text-editor.default\">\n\t\t\t\t<div class=\"elementor-widget-container\">\n\t\t\t\t\t\t\t\t<p><span style=\"font-weight: 400;\">Logiciels de gestion de flotte : Ces syst\u00e8mes vous aident \u00e0 planifier efficacement vos itin\u00e9raires, \u00e0 g\u00e9rer votre planning et \u00e0 surveiller votre temps de conduite et de repos. Ils optimisent les trajets, assurent le respect des r\u00e9glementations et contribuent \u00e0 r\u00e9duire la fatigue, am\u00e9liorant ainsi la s\u00e9curit\u00e9 routi\u00e8re.<\/span><\/p>\t\t\t\t\t\t<\/div>\n\t\t\t\t<\/div>\n\t\t\t\t<div class=\"elementor-element elementor-element-b575c4f elementor-widget elementor-widget-text-editor\" data-id=\"b575c4f\" data-element_type=\"widget\" data-widget_type=\"text-editor.default\">\n\t\t\t\t<div class=\"elementor-widget-container\">\n\t\t\t\t\t\t\t\t<p><span style=\"font-weight: 400;\">Packs de sensibilisation : des <\/span><span style=\"font-weight: 400;\">packs de sensibilisation<\/span><span style=\"font-weight: 400;\"> sont disponibles pour mettre \u00e0 votre disposition tous les outils pour organiser des <\/span><strong>ateliers <\/strong><span style=\"font-weight: 400;\">interactifs qui simulent les <\/span><strong>effets de la fatigue au volant<\/strong><span style=\"font-weight: 400;\"> \u00e0 travers des lunettes de simulation, offrant ainsi une exp\u00e9rience immersive et \u00e9ducative.\u00a0<\/span><\/p>\t\t\t\t\t\t<\/div>\n\t\t\t\t<\/div>\n\t\t\t\t<div class=\"elementor-element elementor-element-10e852b elementor-widget elementor-widget-spacer\" data-id=\"10e852b\" data-element_type=\"widget\" data-widget_type=\"spacer.default\">\n\t\t\t\t<div class=\"elementor-widget-container\">\n\t\t\t\t\t<div class=\"elementor-spacer\">\n\t\t\t<div class=\"elementor-spacer-inner\"><\/div>\n\t\t<\/div>\n\t\t\t\t<\/div>\n\t\t\t\t<\/div>\n\t\t\t\t<div class=\"elementor-element elementor-element-9e1bfba elementor-widget elementor-widget-image\" data-id=\"9e1bfba\" data-element_type=\"widget\" data-widget_type=\"image.default\">\n\t\t\t\t<div class=\"elementor-widget-container\">\n\t\t\t\t\t\t\t\t\t\t\t\t\t\t\t<picture class=\"attachment-full size-full sp-no-webp\" style=\"height:100%;max-width:300px;\"><source srcset=\"https:\/\/www.drivecase.fr\/conseils-prevention\/wp-content\/uploads\/2024\/05\/lunettes-simulation-fatigue-nuit-blanche-e1715955715711.webp\" type=\"image\/webp\"><source srcset=\"https:\/\/www.drivecase.fr\/conseils-prevention\/wp-content\/uploads\/2024\/05\/lunettes-simulation-fatigue-nuit-blanche-e1715955715711.webp\" type=\"image\/webp\"><img src=\"https:\/\/www.drivecase.fr\/conseils-prevention\/wp-content\/uploads\/2024\/05\/lunettes-simulation-fatigue-nuit-blanche-e1715955715711.webp\" class=\"attachment-full size-full sp-no-webp\" loading=\"lazy\" style=\"width:100%;height:100%;max-width:300px;\" alt=\"lunettes de simulation de fatigue\" height=\"300\" width=\"300\" srcset=\"https:\/\/www.drivecase.fr\/conseils-prevention\/wp-content\/uploads\/2024\/05\/lunettes-simulation-fatigue-nuit-blanche-e1715955715711.webp\"><\/picture>\t\t\t\t\t\t\t\t\t\t\t\t\t\t\t<\/div>\n\t\t\t\t<\/div>\n\t\t\t\t<section class=\"elementor-section elementor-inner-section elementor-element elementor-element-4d67a97 elementor-section-height-min-height elementor-section-boxed elementor-section-height-default\" data-id=\"4d67a97\" data-element_type=\"section\" data-settings=\"{&quot;background_background&quot;:&quot;gradient&quot;}\">\n\t\t\t\t\t\t\t<div class=\"elementor-background-overlay\"><\/div>\n\t\t\t\t\t\t\t<div class=\"elementor-container elementor-column-gap-default\">\n\t\t\t\t\t<div class=\"elementor-column elementor-col-50 elementor-inner-column elementor-element elementor-element-b581ec3\" data-id=\"b581ec3\" data-element_type=\"column\">\n\t\t\t<div class=\"elementor-widget-wrap elementor-element-populated\">\n\t\t\t\t\t\t\t\t<div class=\"elementor-element elementor-element-3d46238 elementor-widget elementor-widget-heading\" data-id=\"3d46238\" data-element_type=\"widget\" data-widget_type=\"heading.default\">\n\t\t\t\t<div class=\"elementor-widget-container\">\n\t\t\t<p class=\"elementor-heading-title elementor-size-default\">Lunettes simulation fatigue nuit blanche<\/p>\t\t<\/div>\n\t\t\t\t<\/div>\n\t\t\t\t<div class=\"elementor-element elementor-element-51ae51b elementor-widget elementor-widget-text-editor\" data-id=\"51ae51b\" data-element_type=\"widget\" data-widget_type=\"text-editor.default\">\n\t\t\t\t<div class=\"elementor-widget-container\">\n\t\t\t\t\t\t\t\t<p>Les lunettes de sensibilisation simulent les effets n\u00e9fastes de la fatigue pour \u00e9duquer les conducteurs. Elles sont id\u00e9ales pour animer vos op\u00e9rations de sensibilisation.<\/p>\t\t\t\t\t\t<\/div>\n\t\t\t\t<\/div>\n\t\t\t\t\t<\/div>\n\t\t<\/div>\n\t\t\t\t<div class=\"elementor-column elementor-col-50 elementor-inner-column elementor-element elementor-element-1ed0d8e\" data-id=\"1ed0d8e\" data-element_type=\"column\">\n\t\t\t<div class=\"elementor-widget-wrap elementor-element-populated\">\n\t\t\t\t\t\t\t\t<div class=\"elementor-element elementor-element-12d508b elementor-align-center elementor-widget elementor-widget-button\" data-id=\"12d508b\" data-element_type=\"widget\" data-widget_type=\"button.default\">\n\t\t\t\t<div class=\"elementor-widget-container\">\n\t\t\t\t\t<div class=\"elementor-button-wrapper\">\n\t\t\t<a href=\"https:\/\/www.drivecase.fr\/toutes-les-lunettes-de-perturbation-fatigue-alcool-stupefiants\/282-lunettes-simulation-fatigue-nuit-blanche.html\" target=\"_blank\" class=\"elementor-button-link elementor-button elementor-size-sm elementor-animation-grow\" role=\"button\">\n\t\t\t\t\t\t<span class=\"elementor-button-content-wrapper\">\n\t\t\t\t\t\t<span class=\"elementor-button-icon elementor-align-icon-left\">\n\t\t\t\t<i aria-hidden=\"true\" class=\"fas fa-shopping-cart\"><\/i>\t\t\t<\/span>\n\t\t\t\t\t\t<span class=\"elementor-button-text\">Lunettes simulation fatigue<\/span>\n\t\t<\/span>\n\t\t\t\t\t<\/a>\n\t\t<\/div>\n\t\t\t\t<\/div>\n\t\t\t\t<\/div>\n\t\t\t\t\t<\/div>\n\t\t<\/div>\n\t\t\t\t\t\t\t<\/div>\n\t\t<\/section>\n\t\t\t\t<div class=\"elementor-element elementor-element-5a69987 elementor-widget elementor-widget-spacer\" data-id=\"5a69987\" data-element_type=\"widget\" data-widget_type=\"spacer.default\">\n\t\t\t\t<div class=\"elementor-widget-container\">\n\t\t\t\t\t<div class=\"elementor-spacer\">\n\t\t\t<div class=\"elementor-spacer-inner\"><\/div>\n\t\t<\/div>\n\t\t\t\t<\/div>\n\t\t\t\t<\/div>\n\t\t\t\t<div class=\"elementor-element elementor-element-5293de4 elementor-widget elementor-widget-heading\" data-id=\"5293de4\" data-element_type=\"widget\" data-widget_type=\"heading.default\">\n\t\t\t\t<div class=\"elementor-widget-container\">\n\t\t\t<h3 class=\"elementor-heading-title elementor-size-default\">Technologies de pr\u00e9vention<\/h3>\t\t<\/div>\n\t\t\t\t<\/div>\n\t\t\t\t<div class=\"elementor-element elementor-element-a90ef92 elementor-widget elementor-widget-text-editor\" data-id=\"a90ef92\" data-element_type=\"widget\" data-widget_type=\"text-editor.default\">\n\t\t\t\t<div class=\"elementor-widget-container\">\n\t\t\t\t\t\t\t\t<p><span style=\"font-weight: 400;\">Applications mobiles : certaines applications mobiles vous permettront de tester votre niveau de fatigue en contr&ocirc;lant votre temps de r&eacute;action. D&rsquo;autres applications pourront vous aider &agrave; <\/span><strong>rester &eacute;veill&eacute; au volant<\/strong><span style=\"font-weight: 400;\"> en d&eacute;tectant des signes comme des paupi&egrave;res lourdes ou en vous demandant d&rsquo;appuyer sur un bouton &agrave; intervalles r&eacute;guliers.<\/span><\/p>\t\t\t\t\t\t<\/div>\n\t\t\t\t<\/div>\n\t\t\t\t<div class=\"elementor-element elementor-element-99e0f75 elementor-widget elementor-widget-spacer\" data-id=\"99e0f75\" data-element_type=\"widget\" data-widget_type=\"spacer.default\">\n\t\t\t\t<div class=\"elementor-widget-container\">\n\t\t\t\t\t<div class=\"elementor-spacer\">\n\t\t\t<div class=\"elementor-spacer-inner\"><\/div>\n\t\t<\/div>\n\t\t\t\t<\/div>\n\t\t\t\t<\/div>\n\t\t\t\t<div class=\"elementor-element elementor-element-2fa65d9 elementor-widget elementor-widget-heading\" data-id=\"2fa65d9\" data-element_type=\"widget\" data-widget_type=\"heading.default\">\n\t\t\t\t<div class=\"elementor-widget-container\">\n\t\t\t<h3 class=\"elementor-heading-title elementor-size-default\">Ateliers de sensibilisation<\/h3>\t\t<\/div>\n\t\t\t\t<\/div>\n\t\t\t\t<div class=\"elementor-element elementor-element-3ef9c4b elementor-widget elementor-widget-text-editor\" data-id=\"3ef9c4b\" data-element_type=\"widget\" data-widget_type=\"text-editor.default\">\n\t\t\t\t<div class=\"elementor-widget-container\">\n\t\t\t\t\t\t\t\t<p><span style=\"font-weight: 400;\">Des <\/span><a href=\"https:\/\/formation-securite-routiere.fr\/stage-sensibilisation-securite-routiere\/lunettes-simulation-alcool\/\" target=\"_blank\" rel=\"noopener\"><span style=\"font-weight: 400;\">ateliers de pr\u00e9vention<\/span><\/a><span style=\"font-weight: 400;\"> peuvent sensibiliser les conducteurs aux effets de la fatigue de mani\u00e8re interactive. Utilisant des outils comme des <\/span><strong>lunettes de simulation de fatigue<\/strong><span style=\"font-weight: 400;\">, ces ateliers offrent une exp\u00e9rience pratique pour comprendre les <\/span><strong>dangers de la somnolence<\/strong><span style=\"font-weight: 400;\"> au volant. Les participants peuvent \u00e9galement s&rsquo;engager dans des sc\u00e9narios interactifs et des discussions pour partager des solutions de gestion de la fatigue.<\/span><\/p>\t\t\t\t\t\t<\/div>\n\t\t\t\t<\/div>\n\t\t\t\t<div class=\"elementor-element elementor-element-2fe18d5 elementor-widget elementor-widget-image\" data-id=\"2fe18d5\" data-element_type=\"widget\" data-widget_type=\"image.default\">\n\t\t\t\t<div class=\"elementor-widget-container\">\n\t\t\t\t\t\t\t\t\t\t\t\t\t\t\t<picture class=\"attachment-medium_large size-medium_large sp-no-webp\" style=\"height:75%;max-width:768px;\"><source srcset=\"https:\/\/www.drivecase.fr\/conseils-prevention\/wp-content\/uploads\/2024\/05\/atelier-sensibilisation-fatigue-au-volant-entreprise-300x225.webp 300w,https:\/\/www.drivecase.fr\/conseils-prevention\/wp-content\/uploads\/2024\/05\/atelier-sensibilisation-fatigue-au-volant-entreprise-1024x768.webp 1024w\" sizes=\"(max-width: 750px) 100vw, 750px\" type=\"image\/webp\"><source srcset=\"https:\/\/www.drivecase.fr\/conseils-prevention\/wp-content\/uploads\/2024\/05\/atelier-sensibilisation-fatigue-au-volant-entreprise-e1715955574876.jpg 768w, https:\/\/www.drivecase.fr\/conseils-prevention\/wp-content\/uploads\/2024\/05\/atelier-sensibilisation-fatigue-au-volant-entreprise-300x225.jpg 300w, https:\/\/www.drivecase.fr\/conseils-prevention\/wp-content\/uploads\/2024\/05\/atelier-sensibilisation-fatigue-au-volant-entreprise-1024x768.jpg 1024w\" sizes=\"(max-width: 750px) 100vw, 750px\" type=\"image\/jpeg\"><img src=\"https:\/\/www.drivecase.fr\/conseils-prevention\/wp-content\/uploads\/2024\/05\/atelier-sensibilisation-fatigue-au-volant-entreprise-768x576.jpg\" class=\"attachment-medium_large size-medium_large sp-no-webp\" loading=\"lazy\" style=\"width:100%;height:75%;max-width:768px;\" alt=\"Atelier de sensibilisation \u00e0 la fatigue au volant en entreprise\" height=\"563\" width=\"750\" srcset=\"https:\/\/www.drivecase.fr\/conseils-prevention\/wp-content\/uploads\/2024\/05\/atelier-sensibilisation-fatigue-au-volant-entreprise-e1715955574876.jpg 768w, https:\/\/www.drivecase.fr\/conseils-prevention\/wp-content\/uploads\/2024\/05\/atelier-sensibilisation-fatigue-au-volant-entreprise-300x225.jpg 300w, https:\/\/www.drivecase.fr\/conseils-prevention\/wp-content\/uploads\/2024\/05\/atelier-sensibilisation-fatigue-au-volant-entreprise-1024x768.jpg 1024w\" sizes=\"(max-width: 750px) 100vw, 750px\"><\/picture>\t\t\t\t\t\t\t\t\t\t\t\t\t\t\t<\/div>\n\t\t\t\t<\/div>\n\t\t\t\t<div class=\"elementor-element elementor-element-963ae52 elementor-widget elementor-widget-heading\" data-id=\"963ae52\" data-element_type=\"widget\" data-widget_type=\"heading.default\">\n\t\t\t\t<div class=\"elementor-widget-container\">\n\t\t\t<h3 class=\"elementor-heading-title elementor-size-default\">Formations de sensibilisation<\/h3>\t\t<\/div>\n\t\t\t\t<\/div>\n\t\t\t\t<div class=\"elementor-element elementor-element-ca68b56 elementor-widget elementor-widget-text-editor\" data-id=\"ca68b56\" data-element_type=\"widget\" data-widget_type=\"text-editor.default\">\n\t\t\t\t<div class=\"elementor-widget-container\">\n\t\t\t\t\t\t\t\t<p><span style=\"font-weight: 400;\">Les <\/span><span style=\"font-weight: 400;\">formations de e-learning<\/span><span style=\"font-weight: 400;\"> permettent d&rsquo;\u00e9valuer et d&rsquo;am\u00e9liorer les connaissances des collaborateurs sur la <\/span><strong>fatigue au volant<\/strong><span style=\"font-weight: 400;\">. Accessibles \u00e0 tout moment, ces modules incluent des quiz interactifs, des vid\u00e9os et des \u00e9tudes de cas pour un apprentissage engageant. Les plateformes de e-learning offrent aussi des outils de suivi pour v\u00e9rifier la progression et l&rsquo;assimilation des connaissances par les participants.<\/span><\/p>\t\t\t\t\t\t<\/div>\n\t\t\t\t<\/div>\n\t\t\t\t<div class=\"elementor-element elementor-element-b97aade elementor-widget elementor-widget-text-editor\" data-id=\"b97aade\" data-element_type=\"widget\" data-widget_type=\"text-editor.default\">\n\t\t\t\t<div class=\"elementor-widget-container\">\n\t\t\t\t\t\t\t\t<p><span style=\"font-weight: 400;\">En combinant ces m\u00e9thodes, les entreprises peuvent efficacement sensibiliser leurs conducteurs \u00e0 la gestion de la fatigue, am\u00e9liorant ainsi la s\u00e9curit\u00e9 routi\u00e8re et le bien-\u00eatre des conducteurs.<\/span><\/p>\t\t\t\t\t\t<\/div>\n\t\t\t\t<\/div>\n\t\t\t\t<section class=\"elementor-section elementor-inner-section elementor-element elementor-element-6409b53 elementor-section-height-min-height elementor-section-boxed elementor-section-height-default\" data-id=\"6409b53\" data-element_type=\"section\" data-settings=\"{&quot;background_background&quot;:&quot;gradient&quot;}\">\n\t\t\t\t\t\t\t<div class=\"elementor-background-overlay\"><\/div>\n\t\t\t\t\t\t\t<div class=\"elementor-container elementor-column-gap-default\">\n\t\t\t\t\t<div class=\"elementor-column elementor-col-50 elementor-inner-column elementor-element elementor-element-3475629\" data-id=\"3475629\" data-element_type=\"column\">\n\t\t\t<div class=\"elementor-widget-wrap elementor-element-populated\">\n\t\t\t\t\t\t\t\t<div class=\"elementor-element elementor-element-bde2cbd elementor-widget elementor-widget-heading\" data-id=\"bde2cbd\" data-element_type=\"widget\" data-widget_type=\"heading.default\">\n\t\t\t\t<div class=\"elementor-widget-container\">\n\t\t\t<p class=\"elementor-heading-title elementor-size-default\">Pack sensibilisation fatigue avec 1 lunette<\/p>\t\t<\/div>\n\t\t\t\t<\/div>\n\t\t\t\t<div class=\"elementor-element elementor-element-3a30256 elementor-widget elementor-widget-text-editor\" data-id=\"3a30256\" data-element_type=\"widget\" data-widget_type=\"text-editor.default\">\n\t\t\t\t<div class=\"elementor-widget-container\">\n\t\t\t\t\t\t\t\t<p>Sensibilisez vos collaborateurs sur les dangers li\u00e9s \u00e0 la fatigue avec ce pack qui comprend : 1 paire de lunettes fatigue nuit blanche, 1 parcours au choix, 1 casque anti-bruit, 250 flyers sur la fatigue et d&rsquo;autres accessoires.<\/p>\t\t\t\t\t\t<\/div>\n\t\t\t\t<\/div>\n\t\t\t\t\t<\/div>\n\t\t<\/div>\n\t\t\t\t<div class=\"elementor-column elementor-col-50 elementor-inner-column elementor-element elementor-element-4a2c039\" data-id=\"4a2c039\" data-element_type=\"column\">\n\t\t\t<div class=\"elementor-widget-wrap elementor-element-populated\">\n\t\t\t\t\t\t\t\t<div class=\"elementor-element elementor-element-3f0f809 elementor-align-center elementor-widget elementor-widget-button\" data-id=\"3f0f809\" data-element_type=\"widget\" data-widget_type=\"button.default\">\n\t\t\t\t<div class=\"elementor-widget-container\">\n\t\t\t\t\t<div class=\"elementor-button-wrapper\">\n\t\t\t<a href=\"https:\/\/www.drivecase.fr\/packs-pedagogiques-de-prevention-aux-addictions-alcool-stupefiants-fatigue\/474-pack-sensibilisation-fatigue-avec-2-lunettes.html\" target=\"_blank\" class=\"elementor-button-link elementor-button elementor-size-sm elementor-animation-grow\" role=\"button\">\n\t\t\t\t\t\t<span class=\"elementor-button-content-wrapper\">\n\t\t\t\t\t\t<span class=\"elementor-button-icon elementor-align-icon-left\">\n\t\t\t\t<i aria-hidden=\"true\" class=\"fas fa-shopping-cart\"><\/i>\t\t\t<\/span>\n\t\t\t\t\t\t<span class=\"elementor-button-text\">Pack sensibilisation fatigue<\/span>\n\t\t<\/span>\n\t\t\t\t\t<\/a>\n\t\t<\/div>\n\t\t\t\t<\/div>\n\t\t\t\t<\/div>\n\t\t\t\t\t<\/div>\n\t\t<\/div>\n\t\t\t\t\t\t\t<\/div>\n\t\t<\/section>\n\t\t\t\t<div class=\"elementor-element elementor-element-7d5019d elementor-widget elementor-widget-spacer\" data-id=\"7d5019d\" data-element_type=\"widget\" data-widget_type=\"spacer.default\">\n\t\t\t\t<div class=\"elementor-widget-container\">\n\t\t\t\t\t<div class=\"elementor-spacer\">\n\t\t\t<div class=\"elementor-spacer-inner\"><\/div>\n\t\t<\/div>\n\t\t\t\t<\/div>\n\t\t\t\t<\/div>\n\t\t\t\t<div class=\"elementor-element elementor-element-9c1868f elementor-widget elementor-widget-heading\" data-id=\"9c1868f\" data-element_type=\"widget\" data-widget_type=\"heading.default\">\n\t\t\t\t<div class=\"elementor-widget-container\">\n\t\t\t<h2 class=\"elementor-heading-title elementor-size-default\">Que disent les lois concernant la fatigue au volant chez les professionnels ? \n<\/h2>\t\t<\/div>\n\t\t\t\t<\/div>\n\t\t\t\t<div class=\"elementor-element elementor-element-91707e0 elementor-widget elementor-widget-text-editor\" data-id=\"91707e0\" data-element_type=\"widget\" data-widget_type=\"text-editor.default\">\n\t\t\t\t<div class=\"elementor-widget-container\">\n\t\t\t\t\t\t\t\t<p><span style=\"font-weight: 400;\">En Europe, les lois encadrent les <\/span><strong>heures maximales de conduite, <\/strong><span style=\"font-weight: 400;\">les <\/span><strong>pauses <\/strong><span style=\"font-weight: 400;\">et les<\/span><strong> repos <\/strong><span style=\"font-weight: 400;\">des <\/span><strong>conducteurs de poids lourds professionnels. <\/strong><span style=\"font-weight: 400;\">Cette <\/span><a href=\"https:\/\/www.ecologie.gouv.fr\/temps-travail-des-conducteurs-routiers-transport-marchandises#:~:text=une%20dur%C3%A9e%20de%20conduite%20journali%C3%A8re,heures%20sur%20deux%20semaines%20cons%C3%A9cutives.\" target=\"_blank\" rel=\"noopener\"><span style=\"font-weight: 400;\">r\u00e9glementation du 15 mars 2006<\/span><\/a><span style=\"font-weight: 400;\"> vise \u00e0 assurer la s\u00e9curit\u00e9 et la sant\u00e9 mentale et physique des <\/span><strong>chauffeurs professionnels<\/strong><span style=\"font-weight: 400;\">. Elle concerne tous les <\/span><strong>chauffeurs de poids lourds<\/strong><span style=\"font-weight: 400;\">, c\u2019est-\u00e0-dire ceux conduisant des v\u00e9hicules ayant un PTAC (Poids Total Autoris\u00e9 en Charge) de 3,5 tonnes.<\/span><\/p>\t\t\t\t\t\t<\/div>\n\t\t\t\t<\/div>\n\t\t\t\t<div class=\"elementor-element elementor-element-412a77f elementor-widget elementor-widget-text-editor\" data-id=\"412a77f\" data-element_type=\"widget\" data-widget_type=\"text-editor.default\">\n\t\t\t\t<div class=\"elementor-widget-container\">\n\t\t\t\t\t\t\t\t<p><span style=\"font-weight: 400;\">Pour les <\/span><strong>v\u00e9hicules de fonction l\u00e9gers <\/strong><span style=\"font-weight: 400;\">(&gt;3,5 tonnes), aucune r\u00e9glementation sp\u00e9cifique n\u2019est en vigueur en dehors des r\u00e8gles g\u00e9n\u00e9rales du <\/span><a href=\"https:\/\/www.service-public.fr\/particuliers\/vosdroits\/F1911\" target=\"_blank\" rel=\"noopener\"><span style=\"font-weight: 400;\">Code du travail fran\u00e7ais<\/span><\/a><span style=\"font-weight: 400;\"> en mati\u00e8re de temps de travail.<\/span><\/p>\t\t\t\t\t\t<\/div>\n\t\t\t\t<\/div>\n\t\t\t\t<div class=\"elementor-element elementor-element-bddf06a elementor-widget elementor-widget-spacer\" data-id=\"bddf06a\" data-element_type=\"widget\" data-widget_type=\"spacer.default\">\n\t\t\t\t<div class=\"elementor-widget-container\">\n\t\t\t\t\t<div class=\"elementor-spacer\">\n\t\t\t<div class=\"elementor-spacer-inner\"><\/div>\n\t\t<\/div>\n\t\t\t\t<\/div>\n\t\t\t\t<\/div>\n\t\t\t\t<div class=\"elementor-element elementor-element-089cd8a elementor-widget elementor-widget-heading\" data-id=\"089cd8a\" data-element_type=\"widget\" data-widget_type=\"heading.default\">\n\t\t\t\t<div class=\"elementor-widget-container\">\n\t\t\t<h3 class=\"elementor-heading-title elementor-size-default\">Temps de conduite maximum autoris\u00e9 pour les chauffeurs et conducteurs professionnels  <\/h3>\t\t<\/div>\n\t\t\t\t<\/div>\n\t\t\t\t<div class=\"elementor-element elementor-element-00d3cfa elementor-widget elementor-widget-text-editor\" data-id=\"00d3cfa\" data-element_type=\"widget\" data-widget_type=\"text-editor.default\">\n\t\t\t\t<div class=\"elementor-widget-container\">\n\t\t\t\t\t\t\t\t<p><span style=\"font-weight: 400;\">Pour les <\/span><strong>poids lourds<\/strong><span style=\"font-weight: 400;\"> (&lt;3,5 tonnes) :<\/span><\/p>\n<ul>\n<li style=\"font-weight: 400;\" aria-level=\"1\"><span style=\"font-weight: 400;\">La <\/span><strong>conduite <\/strong><span style=\"font-weight: 400;\">continue <\/span><strong>sans pauses<\/strong><span style=\"font-weight: 400;\"> est r&eacute;duite &agrave; 4h30 <\/span><strong>maximum<\/strong><span style=\"font-weight: 400;\">.&nbsp;<\/span><\/li>\n<li style=\"font-weight: 400;\" aria-level=\"1\"><span style=\"font-weight: 400;\">Le <\/span><strong>temps <\/strong><span style=\"font-weight: 400;\">de <\/span><strong>conduite maximum<\/strong><span style=\"font-weight: 400;\"> est de 9 heures <\/span><strong>par jour<\/strong><span style=\"font-weight: 400;\"> (jusqu&rsquo;&agrave; 10 heures dans une limite de 2 fois par semaine).<\/span><\/li>\n<li style=\"font-weight: 400;\" aria-level=\"1\"><span style=\"font-weight: 400;\">La <\/span><strong>conduite maximale hebdomadaire<\/strong><span style=\"font-weight: 400;\"> est quant &agrave; elle limit&eacute;e &agrave; 56 heures et 90 heures sur deux semaines cons&eacute;cutives.<\/span><\/li>\n<\/ul>\t\t\t\t\t\t<\/div>\n\t\t\t\t<\/div>\n\t\t\t\t<div class=\"elementor-element elementor-element-3e49b28 elementor-widget elementor-widget-text-editor\" data-id=\"3e49b28\" data-element_type=\"widget\" data-widget_type=\"text-editor.default\">\n\t\t\t\t<div class=\"elementor-widget-container\">\n\t\t\t\t\t\t\t\t<p><span style=\"font-weight: 400;\">Pour les <\/span><strong>v&eacute;hicules de fonction l&eacute;gers <\/strong><span style=\"font-weight: 400;\">(&gt;3,5 tonnes) :<\/span><\/p>\n<p><span style=\"font-weight: 400;\">La <\/span><strong>dur&eacute;e maximale de conduite<\/strong><span style=\"font-weight: 400;\">, de fa&ccedil;on non continue, est limit&eacute;e &agrave; 10 heures par jour, conform&eacute;ment &agrave; la dur&eacute;e maximale quotidienne de travail.<\/span><\/p>\t\t\t\t\t\t<\/div>\n\t\t\t\t<\/div>\n\t\t\t\t<div class=\"elementor-element elementor-element-2257d13 elementor-widget elementor-widget-spacer\" data-id=\"2257d13\" data-element_type=\"widget\" data-widget_type=\"spacer.default\">\n\t\t\t\t<div class=\"elementor-widget-container\">\n\t\t\t\t\t<div class=\"elementor-spacer\">\n\t\t\t<div class=\"elementor-spacer-inner\"><\/div>\n\t\t<\/div>\n\t\t\t\t<\/div>\n\t\t\t\t<\/div>\n\t\t\t\t<div class=\"elementor-element elementor-element-34a9a3d elementor-widget elementor-widget-heading\" data-id=\"34a9a3d\" data-element_type=\"widget\" data-widget_type=\"heading.default\">\n\t\t\t\t<div class=\"elementor-widget-container\">\n\t\t\t<h3 class=\"elementor-heading-title elementor-size-default\">Temps de pauses pour les chauffeurs et conducteurs professionnels  \n<\/h3>\t\t<\/div>\n\t\t\t\t<\/div>\n\t\t\t\t<div class=\"elementor-element elementor-element-16712cb elementor-widget elementor-widget-text-editor\" data-id=\"16712cb\" data-element_type=\"widget\" data-widget_type=\"text-editor.default\">\n\t\t\t\t<div class=\"elementor-widget-container\">\n\t\t\t\t\t\t\t\t<p><span style=\"font-weight: 400;\">Pour les <\/span><strong>poids lourds<\/strong><span style=\"font-weight: 400;\"> :<\/span><\/p>\n<ul>\n<li style=\"font-weight: 400;\" aria-level=\"1\"><span style=\"font-weight: 400;\">Le <\/span><strong>temps de pause<\/strong><span style=\"font-weight: 400;\"> apr&egrave;s une conduite d&rsquo;une dur&eacute;e de 4h30 est d&rsquo;au moins 45 minutes. &Agrave; noter que ce temps est fractionnable en pauses de 15 et 30 minutes lorsqu&rsquo;elles sont r&eacute;parties au cours de la p&eacute;riode de 4 heures 30.<\/span><\/li>\n<\/ul>\t\t\t\t\t\t<\/div>\n\t\t\t\t<\/div>\n\t\t\t\t<div class=\"elementor-element elementor-element-0f41de1 elementor-widget elementor-widget-text-editor\" data-id=\"0f41de1\" data-element_type=\"widget\" data-widget_type=\"text-editor.default\">\n\t\t\t\t<div class=\"elementor-widget-container\">\n\t\t\t\t\t\t\t\t\nEn cas de non-respect de cette r\u00e9glementation, l&#8217;employeur en infraction risque une amende pouvant atteindre 1 500 \u20ac. Parall\u00e8lement, le salari\u00e9 peut demander au conseil de prud&rsquo;hommes une compensation pour son pr\u00e9judice sous forme de dommages-int\u00e9r\u00eats. \n\t\t\t\t\t\t<\/div>\n\t\t\t\t<\/div>\n\t\t\t\t<div class=\"elementor-element elementor-element-d6a4d1d elementor-widget elementor-widget-text-editor\" data-id=\"d6a4d1d\" data-element_type=\"widget\" data-widget_type=\"text-editor.default\">\n\t\t\t\t<div class=\"elementor-widget-container\">\n\t\t\t\t\t\t\t\t<p><span style=\"font-weight: 400;\">Pour les <\/span><strong>v&eacute;hicules de fonction l&eacute;gers :&nbsp;<\/strong><\/p>\n<ul>\n<li style=\"font-weight: 400;\" aria-level=\"1\"><span style=\"font-weight: 400;\">Apr&egrave;s 6 heures de travail cons&eacute;cutives, une pause obligatoire de 20 minutes doit &ecirc;tre prise, y compris au volant. Il est cependant recommand&eacute; de prendre une pause d&rsquo;environ 15 minutes toutes les 2 heures de conduite.<\/span><\/li>\n<\/ul>\t\t\t\t\t\t<\/div>\n\t\t\t\t<\/div>\n\t\t\t\t<div class=\"elementor-element elementor-element-b8de976 elementor-widget elementor-widget-heading\" data-id=\"b8de976\" data-element_type=\"widget\" data-widget_type=\"heading.default\">\n\t\t\t\t<div class=\"elementor-widget-container\">\n\t\t\t<h2 class=\"elementor-heading-title elementor-size-default\">L'importance de la sensibilisation et de la pr\u00e9vention de la fatigue au volant<\/h2>\t\t<\/div>\n\t\t\t\t<\/div>\n\t\t\t\t<div class=\"elementor-element elementor-element-987c413 elementor-widget elementor-widget-text-editor\" data-id=\"987c413\" data-element_type=\"widget\" data-widget_type=\"text-editor.default\">\n\t\t\t\t<div class=\"elementor-widget-container\">\n\t\t\t\t\t\t\t\t<p><span style=\"font-weight: 400;\">La <\/span><strong>fatigue au volant<\/strong><span style=\"font-weight: 400;\"> repr&eacute;sente un <\/span><strong>risque <\/strong><span style=\"font-weight: 400;\">majeur pour la s&eacute;curit&eacute; des <\/span><strong>conducteurs professionnels<\/strong><span style=\"font-weight: 400;\"> et des autres usagers de la route. Il est essentiel de sensibiliser et de pr&eacute;venir ce probl&egrave;me au sein des conducteurs de poids lourds et des entreprises de transport.<\/span><\/p>\t\t\t\t\t\t<\/div>\n\t\t\t\t<\/div>\n\t\t\t\t<div class=\"elementor-element elementor-element-eb57299 elementor-widget elementor-widget-text-editor\" data-id=\"eb57299\" data-element_type=\"widget\" data-widget_type=\"text-editor.default\">\n\t\t\t\t<div class=\"elementor-widget-container\">\n\t\t\t\t\t\t\t\t<p><span style=\"font-weight: 400;\">Informer les conducteurs sur les <\/span><strong>signes de fatigue<\/strong><span style=\"font-weight: 400;\"> et de <\/span><strong>somnolence<\/strong><span style=\"font-weight: 400;\">, les moyens et solutions de pr&eacute;vention mis en place pour les limiter est crucial. Les formations, ateliers pratiques et interventions de sensibilisation jouent un r&ocirc;le cl&eacute; dans la pr&eacute;vention des risques et la r&eacute;duction des accidents. Investir dans la pr&eacute;vention et promouvoir une culture de la s&eacute;curit&eacute; est donc indispensable pour garantir une conduite s&eacute;curis&eacute;e et responsable.<\/span><\/p>\t\t\t\t\t\t<\/div>\n\t\t\t\t<\/div>\n\t\t\t\t<section class=\"elementor-section elementor-inner-section elementor-element elementor-element-5a609ab elementor-section-height-min-height elementor-section-boxed elementor-section-height-default\" data-id=\"5a609ab\" data-element_type=\"section\" data-settings=\"{&quot;background_background&quot;:&quot;gradient&quot;}\">\n\t\t\t\t\t\t\t<div class=\"elementor-background-overlay\"><\/div>\n\t\t\t\t\t\t\t<div class=\"elementor-container elementor-column-gap-default\">\n\t\t\t\t\t<div class=\"elementor-column elementor-col-50 elementor-inner-column elementor-element elementor-element-af9234b\" data-id=\"af9234b\" data-element_type=\"column\">\n\t\t\t<div class=\"elementor-widget-wrap elementor-element-populated\">\n\t\t\t\t\t\t\t\t<div class=\"elementor-element elementor-element-2234a3a elementor-widget elementor-widget-heading\" data-id=\"2234a3a\" data-element_type=\"widget\" data-widget_type=\"heading.default\">\n\t\t\t\t<div class=\"elementor-widget-container\">\n\t\t\t<p class=\"elementor-heading-title elementor-size-default\">Totem enrouleur - les risques de la fatigue au volant<\/p>\t\t<\/div>\n\t\t\t\t<\/div>\n\t\t\t\t<div class=\"elementor-element elementor-element-0550a51 elementor-widget elementor-widget-text-editor\" data-id=\"0550a51\" data-element_type=\"widget\" data-widget_type=\"text-editor.default\">\n\t\t\t\t<div class=\"elementor-widget-container\">\n\t\t\t\t\t\t\t\t<p>Informez votre public sur les risques et dangers de la fatigue au volant avec ce totem enrouleur p\u00e9dagogique.<\/p>\t\t\t\t\t\t<\/div>\n\t\t\t\t<\/div>\n\t\t\t\t\t<\/div>\n\t\t<\/div>\n\t\t\t\t<div class=\"elementor-column elementor-col-50 elementor-inner-column elementor-element elementor-element-8465014\" data-id=\"8465014\" data-element_type=\"column\">\n\t\t\t<div class=\"elementor-widget-wrap elementor-element-populated\">\n\t\t\t\t\t\t\t\t<div class=\"elementor-element elementor-element-2aa1df5 elementor-align-center elementor-widget elementor-widget-button\" data-id=\"2aa1df5\" data-element_type=\"widget\" data-widget_type=\"button.default\">\n\t\t\t\t<div class=\"elementor-widget-container\">\n\t\t\t\t\t<div class=\"elementor-button-wrapper\">\n\t\t\t<a href=\"https:\/\/www.drivecase.fr\/materiel-pedagogique-securite-routiere\/531-totem-enrouleur-les-risques-de-la-fatigue-au-volant.html\" target=\"_blank\" class=\"elementor-button-link elementor-button elementor-size-sm elementor-animation-grow\" role=\"button\">\n\t\t\t\t\t\t<span class=\"elementor-button-content-wrapper\">\n\t\t\t\t\t\t<span class=\"elementor-button-icon elementor-align-icon-left\">\n\t\t\t\t<i aria-hidden=\"true\" class=\"fas fa-shopping-cart\"><\/i>\t\t\t<\/span>\n\t\t\t\t\t\t<span class=\"elementor-button-text\">Totem risques de la fatigue au volant<\/span>\n\t\t<\/span>\n\t\t\t\t\t<\/a>\n\t\t<\/div>\n\t\t\t\t<\/div>\n\t\t\t\t<\/div>\n\t\t\t\t\t<\/div>\n\t\t<\/div>\n\t\t\t\t\t\t\t<\/div>\n\t\t<\/section>\n\t\t\t\t\t<\/div>\n\t\t<\/div>\n\t\t\t\t\t\t\t<\/div>\n\t\t<\/section>\n\t\t\t\t\t\t<\/div>\n\t\t\t\t\t<\/div>\n\t\t","protected":false},"excerpt":{"rendered":"<p>La fatigue au volant est un \u00e9tat de lassitude ou de diminution de la vigilance que ressent un conducteur lorsqu&rsquo;il conduit sur de longues p\u00e9riodes sans pauses ad\u00e9quates ou lorsqu&rsquo;il est priv\u00e9 de sommeil. Cet \u00e9tat peut compromettre la capacit\u00e9 d&rsquo;une personne \u00e0 conduire en toute s\u00e9curit\u00e9. Un \u00e9tat de fatigue prolong\u00e9 au volant peut&hellip; <a class=\"more-link\" href=\"https:\/\/www.drivecase.fr\/conseils-prevention\/securite-voiture\/pratiques-lutte-fatigue-au-volant-conducteurs-professionnels\/\">Poursuivre la lecture <span class=\"screen-reader-text\">Les pratiques pour lutter contre la fatigue au volant chez les conducteurs professionnels<\/span><\/a><\/p>\n","protected":false},"author":28,"featured_media":13292,"comment_status":"closed","ping_status":"closed","sticky":false,"template":"","format":"standard","meta":[],"categories":[9],"tags":[20,19],"yoast_head":"<!-- This site is optimized with the Yoast SEO Premium plugin v17.4 (Yoast SEO v17.4) - https:\/\/yoast.com\/wordpress\/plugins\/seo\/ -->\n<title>Les pratiques pour lutter contre la fatigue au volant chez les conducteurs professionnels<\/title>\n<meta name=\"description\" content=\"La fatigue au volant est un risque majeur pour la s\u00e9curit\u00e9 des conducteurs professionnels et des usagers. D\u00e9couvrez comment la pr\u00e9venir efficacement.\" \/>\n<meta name=\"robots\" content=\"index, follow, max-snippet:-1, max-image-preview:large, max-video-preview:-1\" \/>\n<link rel=\"canonical\" href=\"https:\/\/www.drivecase.fr\/conseils-prevention\/securite-voiture\/pratiques-lutte-fatigue-au-volant-conducteurs-professionnels\/\" \/>\n<meta property=\"og:locale\" content=\"fr_FR\" \/>\n<meta property=\"og:type\" content=\"article\" \/>\n<meta property=\"og:title\" content=\"Les pratiques pour lutter contre la fatigue au volant chez les conducteurs professionnels\" \/>\n<meta property=\"og:description\" content=\"La fatigue au volant est un \u00e9tat de lassitude ou de diminution de la vigilance que ressent un conducteur lorsqu&#039;il conduit sur de longues p\u00e9riodes sans\" \/>\n<meta property=\"og:url\" content=\"https:\/\/www.drivecase.fr\/conseils-prevention\/securite-voiture\/pratiques-lutte-fatigue-au-volant-conducteurs-professionnels\/\" \/>\n<meta property=\"og:site_name\" content=\"S\u00e9curit\u00e9 routi\u00e8re, EPI &amp; pr\u00e9vention sanitaire | Conseils pr\u00e9vention Drivecase\" \/>\n<meta property=\"article:publisher\" content=\"https:\/\/fr-fr.facebook.com\/drivecasefr\" \/>\n<meta property=\"article:published_time\" content=\"2024-05-17T12:12:33+00:00\" \/>\n<meta property=\"article:modified_time\" content=\"2024-07-19T14:34:59+00:00\" \/>\n<meta property=\"og:image\" content=\"https:\/\/www.drivecase.fr\/conseils-prevention\/wp-content\/uploads\/2024\/05\/lutte-fatigue-au-volant-.jpg\" \/>\n\t<meta property=\"og:image:width\" content=\"1000\" \/>\n\t<meta property=\"og:image:height\" content=\"665\" \/>\n<meta name=\"twitter:card\" content=\"summary_large_image\" \/>\n<meta name=\"twitter:creator\" content=\"@Drivecase\" \/>\n<meta name=\"twitter:site\" content=\"@Drivecase\" \/>\n<meta name=\"twitter:label1\" content=\"\u00c9crit par\" \/>\n\t<meta name=\"twitter:data1\" content=\"R\u00e9mi Mazenod\" \/>\n\t<meta name=\"twitter:label2\" content=\"Dur\u00e9e de lecture est.\" \/>\n\t<meta name=\"twitter:data2\" content=\"8 minutes\" \/>\n<script type=\"application\/ld+json\" class=\"yoast-schema-graph\">{\"@context\":\"https:\/\/schema.org\",\"@graph\":[{\"@type\":\"Organization\",\"@id\":\"https:\/\/www.drivecase.fr\/conseils-prevention\/#organization\",\"name\":\"Drivecase\",\"url\":\"https:\/\/www.drivecase.fr\/conseils-prevention\/\",\"sameAs\":[\"https:\/\/fr-fr.facebook.com\/drivecasefr\",\"https:\/\/fr.linkedin.com\/company\/drivecase\",\"https:\/\/www.youtube.com\/channel\/UCQ7ivAl-3feklwC1IX7HO8A\",\"https:\/\/www.pinterest.fr\/drivecase3695\/\",\"https:\/\/twitter.com\/Drivecase\"],\"logo\":{\"@type\":\"ImageObject\",\"@id\":\"https:\/\/www.drivecase.fr\/conseils-prevention\/#logo\",\"inLanguage\":\"fr-FR\",\"url\":\"https:\/\/www.drivecase.fr\/conseils-prevention\/wp-content\/uploads\/2021\/02\/logo_conseils-prevention_bleu_vert-01.png\",\"contentUrl\":\"https:\/\/www.drivecase.fr\/conseils-prevention\/wp-content\/uploads\/2021\/02\/logo_conseils-prevention_bleu_vert-01.png\",\"width\":2221,\"height\":667,\"caption\":\"Drivecase\"},\"image\":{\"@id\":\"https:\/\/www.drivecase.fr\/conseils-prevention\/#logo\"}},{\"@type\":\"WebSite\",\"@id\":\"https:\/\/www.drivecase.fr\/conseils-prevention\/#website\",\"url\":\"https:\/\/www.drivecase.fr\/conseils-prevention\/\",\"name\":\"S\\u00e9curit\\u00e9 routi\\u00e8re, EPI &amp; pr\\u00e9vention sanitaire | Conseils pr\\u00e9vention Drivecase\",\"description\":\"Le blog conseils pr\\u00e9vention d\\u00e9di\\u00e9 \\u00e0 la s\\u00e9curit\\u00e9 routi\\u00e8re, aux EPI, premiers secours &amp; pr\\u00e9vention sanitaire de Drivecase. Toute l&#039;actualit\\u00e9 sur la r\\u00e9glementation &amp; les bons gestes !\",\"publisher\":{\"@id\":\"https:\/\/www.drivecase.fr\/conseils-prevention\/#organization\"},\"potentialAction\":[{\"@type\":\"SearchAction\",\"target\":{\"@type\":\"EntryPoint\",\"urlTemplate\":\"https:\/\/www.drivecase.fr\/conseils-prevention\/?s={search_term_string}\"},\"query-input\":\"required name=search_term_string\"}],\"inLanguage\":\"fr-FR\"},{\"@type\":\"ImageObject\",\"@id\":\"https:\/\/www.drivecase.fr\/conseils-prevention\/securite-voiture\/pratiques-lutte-fatigue-au-volant-conducteurs-professionnels\/#primaryimage\",\"inLanguage\":\"fr-FR\",\"url\":\"https:\/\/www.drivecase.fr\/conseils-prevention\/wp-content\/uploads\/2024\/05\/lutte-fatigue-au-volant-.jpg\",\"contentUrl\":\"https:\/\/www.drivecase.fr\/conseils-prevention\/wp-content\/uploads\/2024\/05\/lutte-fatigue-au-volant-.jpg\",\"width\":1000,\"height\":665},{\"@type\":\"WebPage\",\"@id\":\"https:\/\/www.drivecase.fr\/conseils-prevention\/securite-voiture\/pratiques-lutte-fatigue-au-volant-conducteurs-professionnels\/#webpage\",\"url\":\"https:\/\/www.drivecase.fr\/conseils-prevention\/securite-voiture\/pratiques-lutte-fatigue-au-volant-conducteurs-professionnels\/\",\"name\":\"Les pratiques pour lutter contre la fatigue au volant chez les conducteurs professionnels\",\"isPartOf\":{\"@id\":\"https:\/\/www.drivecase.fr\/conseils-prevention\/#website\"},\"primaryImageOfPage\":{\"@id\":\"https:\/\/www.drivecase.fr\/conseils-prevention\/securite-voiture\/pratiques-lutte-fatigue-au-volant-conducteurs-professionnels\/#primaryimage\"},\"datePublished\":\"2024-05-17T12:12:33+00:00\",\"dateModified\":\"2024-07-19T14:34:59+00:00\",\"description\":\"La fatigue au volant est un risque majeur pour la s\\u00e9curit\\u00e9 des conducteurs professionnels et des usagers. D\\u00e9couvrez comment la pr\\u00e9venir efficacement.\",\"breadcrumb\":{\"@id\":\"https:\/\/www.drivecase.fr\/conseils-prevention\/securite-voiture\/pratiques-lutte-fatigue-au-volant-conducteurs-professionnels\/#breadcrumb\"},\"inLanguage\":\"fr-FR\",\"potentialAction\":[{\"@type\":\"ReadAction\",\"target\":[\"https:\/\/www.drivecase.fr\/conseils-prevention\/securite-voiture\/pratiques-lutte-fatigue-au-volant-conducteurs-professionnels\/\"]}]},{\"@type\":\"BreadcrumbList\",\"@id\":\"https:\/\/www.drivecase.fr\/conseils-prevention\/securite-voiture\/pratiques-lutte-fatigue-au-volant-conducteurs-professionnels\/#breadcrumb\",\"itemListElement\":[{\"@type\":\"ListItem\",\"position\":1,\"name\":\"Conseils pr\\u00e9vention\",\"item\":\"https:\/\/www.drivecase.fr\/conseils-prevention\/\"},{\"@type\":\"ListItem\",\"position\":2,\"name\":\"S\\u00e9curit\\u00e9 en voiture\",\"item\":\"https:\/\/www.drivecase.fr\/conseils-prevention\/securite-voiture\/\"},{\"@type\":\"ListItem\",\"position\":3,\"name\":\"Les pratiques pour lutter contre la fatigue au volant chez les conducteurs professionnels\"}]},{\"@type\":\"Article\",\"@id\":\"https:\/\/www.drivecase.fr\/conseils-prevention\/securite-voiture\/pratiques-lutte-fatigue-au-volant-conducteurs-professionnels\/#article\",\"isPartOf\":{\"@id\":\"https:\/\/www.drivecase.fr\/conseils-prevention\/securite-voiture\/pratiques-lutte-fatigue-au-volant-conducteurs-professionnels\/#webpage\"},\"author\":{\"@id\":\"https:\/\/www.drivecase.fr\/conseils-prevention\/#\/schema\/person\/5e799b9eb7f568f36d5b5a2732c59abd\"},\"headline\":\"Les pratiques pour lutter contre la fatigue au volant chez les conducteurs professionnels\",\"datePublished\":\"2024-05-17T12:12:33+00:00\",\"dateModified\":\"2024-07-19T14:34:59+00:00\",\"mainEntityOfPage\":{\"@id\":\"https:\/\/www.drivecase.fr\/conseils-prevention\/securite-voiture\/pratiques-lutte-fatigue-au-volant-conducteurs-professionnels\/#webpage\"},\"wordCount\":1537,\"publisher\":{\"@id\":\"https:\/\/www.drivecase.fr\/conseils-prevention\/#organization\"},\"image\":{\"@id\":\"https:\/\/www.drivecase.fr\/conseils-prevention\/securite-voiture\/pratiques-lutte-fatigue-au-volant-conducteurs-professionnels\/#primaryimage\"},\"thumbnailUrl\":\"https:\/\/www.drivecase.fr\/conseils-prevention\/wp-content\/uploads\/2024\/05\/lutte-fatigue-au-volant-.jpg\",\"keywords\":[\"Conseils d'experts\",\"R\\u00e8glementations\"],\"articleSection\":[\"S\\u00e9curit\\u00e9 en voiture\"],\"inLanguage\":\"fr-FR\"},{\"@type\":\"Person\",\"@id\":\"https:\/\/www.drivecase.fr\/conseils-prevention\/#\/schema\/person\/5e799b9eb7f568f36d5b5a2732c59abd\",\"name\":\"R\\u00e9mi Mazenod\",\"image\":{\"@type\":\"ImageObject\",\"@id\":\"https:\/\/www.drivecase.fr\/conseils-prevention\/#personlogo\",\"inLanguage\":\"fr-FR\",\"url\":\"https:\/\/secure.gravatar.com\/avatar\/bc9eb21d323b3467a2024e7996cec4b3?s=96&d=mm&r=g\",\"contentUrl\":\"https:\/\/secure.gravatar.com\/avatar\/bc9eb21d323b3467a2024e7996cec4b3?s=96&d=mm&r=g\",\"caption\":\"R\\u00e9mi Mazenod\"},\"description\":\"La pr\\u00e9vention routi\\u00e8re, c'est mon dada ! Que ce soit pour vous accompagner dans vos actions de pr\\u00e9vention ou pour trouver la solution \\u00e0 vos besoins mat\\u00e9riels, je suis votre interlocuteur d\\u00e9di\\u00e9, toujours pr\\u00eat \\u00e0 renforcer la s\\u00e9curit\\u00e9 sur nos routes\",\"url\":\"https:\/\/www.drivecase.fr\/conseils-prevention\/author\/remi\/\"}]}<\/script>\n<!-- \/ Yoast SEO Premium plugin. -->","yoast_head_json":{"title":"Les pratiques pour lutter contre la fatigue au volant chez les conducteurs professionnels","description":"La fatigue au volant est un risque majeur pour la s\u00e9curit\u00e9 des conducteurs professionnels et des usagers. D\u00e9couvrez comment la pr\u00e9venir efficacement.","robots":{"index":"index","follow":"follow","max-snippet":"max-snippet:-1","max-image-preview":"max-image-preview:large","max-video-preview":"max-video-preview:-1"},"canonical":"https:\/\/www.drivecase.fr\/conseils-prevention\/securite-voiture\/pratiques-lutte-fatigue-au-volant-conducteurs-professionnels\/","og_locale":"fr_FR","og_type":"article","og_title":"Les pratiques pour lutter contre la fatigue au volant chez les conducteurs professionnels","og_description":"La fatigue au volant est un \u00e9tat de lassitude ou de diminution de la vigilance que ressent un conducteur lorsqu'il conduit sur de longues p\u00e9riodes sans","og_url":"https:\/\/www.drivecase.fr\/conseils-prevention\/securite-voiture\/pratiques-lutte-fatigue-au-volant-conducteurs-professionnels\/","og_site_name":"S\u00e9curit\u00e9 routi\u00e8re, EPI &amp; pr\u00e9vention sanitaire | Conseils pr\u00e9vention Drivecase","article_publisher":"https:\/\/fr-fr.facebook.com\/drivecasefr","article_published_time":"2024-05-17T12:12:33+00:00","article_modified_time":"2024-07-19T14:34:59+00:00","og_image":[{"width":1000,"height":665,"url":"https:\/\/www.drivecase.fr\/conseils-prevention\/wp-content\/uploads\/2024\/05\/lutte-fatigue-au-volant-.jpg","type":"image\/jpeg"}],"twitter_card":"summary_large_image","twitter_creator":"@Drivecase","twitter_site":"@Drivecase","twitter_misc":{"\u00c9crit par":"R\u00e9mi Mazenod","Dur\u00e9e de lecture est.":"8 minutes"},"schema":{"@context":"https:\/\/schema.org","@graph":[{"@type":"Organization","@id":"https:\/\/www.drivecase.fr\/conseils-prevention\/#organization","name":"Drivecase","url":"https:\/\/www.drivecase.fr\/conseils-prevention\/","sameAs":["https:\/\/fr-fr.facebook.com\/drivecasefr","https:\/\/fr.linkedin.com\/company\/drivecase","https:\/\/www.youtube.com\/channel\/UCQ7ivAl-3feklwC1IX7HO8A","https:\/\/www.pinterest.fr\/drivecase3695\/","https:\/\/twitter.com\/Drivecase"],"logo":{"@type":"ImageObject","@id":"https:\/\/www.drivecase.fr\/conseils-prevention\/#logo","inLanguage":"fr-FR","url":"https:\/\/www.drivecase.fr\/conseils-prevention\/wp-content\/uploads\/2021\/02\/logo_conseils-prevention_bleu_vert-01.png","contentUrl":"https:\/\/www.drivecase.fr\/conseils-prevention\/wp-content\/uploads\/2021\/02\/logo_conseils-prevention_bleu_vert-01.png","width":2221,"height":667,"caption":"Drivecase"},"image":{"@id":"https:\/\/www.drivecase.fr\/conseils-prevention\/#logo"}},{"@type":"WebSite","@id":"https:\/\/www.drivecase.fr\/conseils-prevention\/#website","url":"https:\/\/www.drivecase.fr\/conseils-prevention\/","name":"S\u00e9curit\u00e9 routi\u00e8re, EPI &amp; pr\u00e9vention sanitaire | Conseils pr\u00e9vention Drivecase","description":"Le blog conseils pr\u00e9vention d\u00e9di\u00e9 \u00e0 la s\u00e9curit\u00e9 routi\u00e8re, aux EPI, premiers secours &amp; pr\u00e9vention sanitaire de Drivecase. Toute l&#039;actualit\u00e9 sur la r\u00e9glementation &amp; les bons gestes !","publisher":{"@id":"https:\/\/www.drivecase.fr\/conseils-prevention\/#organization"},"potentialAction":[{"@type":"SearchAction","target":{"@type":"EntryPoint","urlTemplate":"https:\/\/www.drivecase.fr\/conseils-prevention\/?s={search_term_string}"},"query-input":"required name=search_term_string"}],"inLanguage":"fr-FR"},{"@type":"ImageObject","@id":"https:\/\/www.drivecase.fr\/conseils-prevention\/securite-voiture\/pratiques-lutte-fatigue-au-volant-conducteurs-professionnels\/#primaryimage","inLanguage":"fr-FR","url":"https:\/\/www.drivecase.fr\/conseils-prevention\/wp-content\/uploads\/2024\/05\/lutte-fatigue-au-volant-.jpg","contentUrl":"https:\/\/www.drivecase.fr\/conseils-prevention\/wp-content\/uploads\/2024\/05\/lutte-fatigue-au-volant-.jpg","width":1000,"height":665},{"@type":"WebPage","@id":"https:\/\/www.drivecase.fr\/conseils-prevention\/securite-voiture\/pratiques-lutte-fatigue-au-volant-conducteurs-professionnels\/#webpage","url":"https:\/\/www.drivecase.fr\/conseils-prevention\/securite-voiture\/pratiques-lutte-fatigue-au-volant-conducteurs-professionnels\/","name":"Les pratiques pour lutter contre la fatigue au volant chez les conducteurs professionnels","isPartOf":{"@id":"https:\/\/www.drivecase.fr\/conseils-prevention\/#website"},"primaryImageOfPage":{"@id":"https:\/\/www.drivecase.fr\/conseils-prevention\/securite-voiture\/pratiques-lutte-fatigue-au-volant-conducteurs-professionnels\/#primaryimage"},"datePublished":"2024-05-17T12:12:33+00:00","dateModified":"2024-07-19T14:34:59+00:00","description":"La fatigue au volant est un risque majeur pour la s\u00e9curit\u00e9 des conducteurs professionnels et des usagers. D\u00e9couvrez comment la pr\u00e9venir efficacement.","breadcrumb":{"@id":"https:\/\/www.drivecase.fr\/conseils-prevention\/securite-voiture\/pratiques-lutte-fatigue-au-volant-conducteurs-professionnels\/#breadcrumb"},"inLanguage":"fr-FR","potentialAction":[{"@type":"ReadAction","target":["https:\/\/www.drivecase.fr\/conseils-prevention\/securite-voiture\/pratiques-lutte-fatigue-au-volant-conducteurs-professionnels\/"]}]},{"@type":"BreadcrumbList","@id":"https:\/\/www.drivecase.fr\/conseils-prevention\/securite-voiture\/pratiques-lutte-fatigue-au-volant-conducteurs-professionnels\/#breadcrumb","itemListElement":[{"@type":"ListItem","position":1,"name":"Conseils pr\u00e9vention","item":"https:\/\/www.drivecase.fr\/conseils-prevention\/"},{"@type":"ListItem","position":2,"name":"S\u00e9curit\u00e9 en voiture","item":"https:\/\/www.drivecase.fr\/conseils-prevention\/securite-voiture\/"},{"@type":"ListItem","position":3,"name":"Les pratiques pour lutter contre la fatigue au volant chez les conducteurs professionnels"}]},{"@type":"Article","@id":"https:\/\/www.drivecase.fr\/conseils-prevention\/securite-voiture\/pratiques-lutte-fatigue-au-volant-conducteurs-professionnels\/#article","isPartOf":{"@id":"https:\/\/www.drivecase.fr\/conseils-prevention\/securite-voiture\/pratiques-lutte-fatigue-au-volant-conducteurs-professionnels\/#webpage"},"author":{"@id":"https:\/\/www.drivecase.fr\/conseils-prevention\/#\/schema\/person\/5e799b9eb7f568f36d5b5a2732c59abd"},"headline":"Les pratiques pour lutter contre la fatigue au volant chez les conducteurs professionnels","datePublished":"2024-05-17T12:12:33+00:00","dateModified":"2024-07-19T14:34:59+00:00","mainEntityOfPage":{"@id":"https:\/\/www.drivecase.fr\/conseils-prevention\/securite-voiture\/pratiques-lutte-fatigue-au-volant-conducteurs-professionnels\/#webpage"},"wordCount":1537,"publisher":{"@id":"https:\/\/www.drivecase.fr\/conseils-prevention\/#organization"},"image":{"@id":"https:\/\/www.drivecase.fr\/conseils-prevention\/securite-voiture\/pratiques-lutte-fatigue-au-volant-conducteurs-professionnels\/#primaryimage"},"thumbnailUrl":"https:\/\/www.drivecase.fr\/conseils-prevention\/wp-content\/uploads\/2024\/05\/lutte-fatigue-au-volant-.jpg","keywords":["Conseils d'experts","R\u00e8glementations"],"articleSection":["S\u00e9curit\u00e9 en voiture"],"inLanguage":"fr-FR"},{"@type":"Person","@id":"https:\/\/www.drivecase.fr\/conseils-prevention\/#\/schema\/person\/5e799b9eb7f568f36d5b5a2732c59abd","name":"R\u00e9mi Mazenod","image":{"@type":"ImageObject","@id":"https:\/\/www.drivecase.fr\/conseils-prevention\/#personlogo","inLanguage":"fr-FR","url":"https:\/\/secure.gravatar.com\/avatar\/bc9eb21d323b3467a2024e7996cec4b3?s=96&d=mm&r=g","contentUrl":"https:\/\/secure.gravatar.com\/avatar\/bc9eb21d323b3467a2024e7996cec4b3?s=96&d=mm&r=g","caption":"R\u00e9mi Mazenod"},"description":"La pr\u00e9vention routi\u00e8re, c'est mon dada ! Que ce soit pour vous accompagner dans vos actions de pr\u00e9vention ou pour trouver la solution \u00e0 vos besoins mat\u00e9riels, je suis votre interlocuteur d\u00e9di\u00e9, toujours pr\u00eat \u00e0 renforcer la s\u00e9curit\u00e9 sur nos routes","url":"https:\/\/www.drivecase.fr\/conseils-prevention\/author\/remi\/"}]}},"_links":{"self":[{"href":"https:\/\/www.drivecase.fr\/conseils-prevention\/wp-json\/wp\/v2\/posts\/13289"}],"collection":[{"href":"https:\/\/www.drivecase.fr\/conseils-prevention\/wp-json\/wp\/v2\/posts"}],"about":[{"href":"https:\/\/www.drivecase.fr\/conseils-prevention\/wp-json\/wp\/v2\/types\/post"}],"author":[{"embeddable":true,"href":"https:\/\/www.drivecase.fr\/conseils-prevention\/wp-json\/wp\/v2\/users\/28"}],"replies":[{"embeddable":true,"href":"https:\/\/www.drivecase.fr\/conseils-prevention\/wp-json\/wp\/v2\/comments?post=13289"}],"version-history":[{"count":33,"href":"https:\/\/www.drivecase.fr\/conseils-prevention\/wp-json\/wp\/v2\/posts\/13289\/revisions"}],"predecessor-version":[{"id":13908,"href":"https:\/\/www.drivecase.fr\/conseils-prevention\/wp-json\/wp\/v2\/posts\/13289\/revisions\/13908"}],"wp:featuredmedia":[{"embeddable":true,"href":"https:\/\/www.drivecase.fr\/conseils-prevention\/wp-json\/wp\/v2\/media\/13292"}],"wp:attachment":[{"href":"https:\/\/www.drivecase.fr\/conseils-prevention\/wp-json\/wp\/v2\/media?parent=13289"}],"wp:term":[{"taxonomy":"category","embeddable":true,"href":"https:\/\/www.drivecase.fr\/conseils-prevention\/wp-json\/wp\/v2\/categories?post=13289"},{"taxonomy":"post_tag","embeddable":true,"href":"https:\/\/www.drivecase.fr\/conseils-prevention\/wp-json\/wp\/v2\/tags?post=13289"}],"curies":[{"name":"wp","href":"https:\/\/api.w.org\/{rel}","templated":true}]}}