{"id":13417,"date":"2024-06-10T10:30:32","date_gmt":"2024-06-10T08:30:32","guid":{"rendered":"https:\/\/www.drivecase.fr\/conseils-prevention\/?p=13417"},"modified":"2024-07-19T16:15:45","modified_gmt":"2024-07-19T14:15:45","slug":"mobilite-douce-quels-avantages","status":"publish","type":"post","link":"https:\/\/www.drivecase.fr\/conseils-prevention\/securite-velo\/mobilite-douce-quels-avantages\/","title":{"rendered":"Qu\u2019est ce que la mobilit\u00e9 douce et quels sont ses avantages ?"},"content":{"rendered":"\t\t<div data-elementor-type=\"wp-post\" data-elementor-id=\"13417\" class=\"elementor elementor-13417\" data-elementor-settings=\"[]\">\n\t\t\t\t\t\t\t<div class=\"elementor-section-wrap\">\n\t\t\t\t\t\t\t<section class=\"elementor-section elementor-top-section elementor-element elementor-element-6f7f58f elementor-section-boxed elementor-section-height-default elementor-section-height-default\" data-id=\"6f7f58f\" data-element_type=\"section\">\n\t\t\t\t\t\t<div class=\"elementor-container elementor-column-gap-default\">\n\t\t\t\t\t<div class=\"elementor-column elementor-col-100 elementor-top-column elementor-element elementor-element-a0e49fa\" data-id=\"a0e49fa\" data-element_type=\"column\">\n\t\t\t<div class=\"elementor-widget-wrap elementor-element-populated\">\n\t\t\t\t\t\t\t\t<div class=\"elementor-element elementor-element-4ebc950 elementor-widget elementor-widget-text-editor\" data-id=\"4ebc950\" data-element_type=\"widget\" data-widget_type=\"text-editor.default\">\n\t\t\t\t<div class=\"elementor-widget-container\">\n\t\t\t\t\t\t\t\t<p><span style=\"font-weight: 400;\">La <\/span><strong>mobilit\u00e9 douce<\/strong><span style=\"font-weight: 400;\">, aussi appel\u00e9e <\/span><strong>mobilit\u00e9 active<\/strong><span style=\"font-weight: 400;\">, d\u00e9signe l\u2019ensemble des d\u00e9placements individuels non motoris\u00e9s qui font appel \u00e0 l\u2019\u00e9nergie humaine comme la marche ou le v\u00e9lo par exemple. Selon l\u2019INSEE, <\/span><a href=\"https:\/\/www.insee.fr\/fr\/statistiques\/5013868\" target=\"_blank\" rel=\"noopener\"><span style=\"font-weight: 400;\">la voiture repr\u00e9senterait 60% des trajets domicile-travail<\/span><\/a><span style=\"font-weight: 400;\"> ayant une distance de moins de 5 kilom\u00e8tres. La mobilit\u00e9 douce s&rsquo;impose donc comme une solution de mobilit\u00e9 \u00e0 promouvoir au sein de la population active.<\/span><\/p>\t\t\t\t\t\t<\/div>\n\t\t\t\t<\/div>\n\t\t\t\t\t<\/div>\n\t\t<\/div>\n\t\t\t\t\t\t\t<\/div>\n\t\t<\/section>\n\t\t\t\t<section class=\"elementor-section elementor-top-section elementor-element elementor-element-3df80244 elementor-section-boxed elementor-section-height-default elementor-section-height-default\" data-id=\"3df80244\" data-element_type=\"section\">\n\t\t\t\t\t\t<div class=\"elementor-container elementor-column-gap-default\">\n\t\t\t\t\t<div class=\"elementor-column elementor-col-100 elementor-top-column elementor-element elementor-element-35f21f00\" data-id=\"35f21f00\" data-element_type=\"column\">\n\t\t\t<div class=\"elementor-widget-wrap elementor-element-populated\">\n\t\t\t\t\t\t\t\t<div class=\"elementor-element elementor-element-36cfd27 elementor-toc--content-ellipsis elementor-toc--minimized-on-tablet elementor-widget elementor-widget-table-of-contents\" data-id=\"36cfd27\" data-element_type=\"widget\" data-settings=\"{&quot;headings_by_tags&quot;:[&quot;h2&quot;,&quot;h3&quot;],&quot;exclude_headings_by_selector&quot;:[],&quot;min_height&quot;:{&quot;unit&quot;:&quot;px&quot;,&quot;size&quot;:0,&quot;sizes&quot;:[]},&quot;marker_view&quot;:&quot;numbers&quot;,&quot;minimize_box&quot;:&quot;yes&quot;,&quot;minimized_on&quot;:&quot;tablet&quot;,&quot;hierarchical_view&quot;:&quot;yes&quot;,&quot;min_height_tablet&quot;:{&quot;unit&quot;:&quot;px&quot;,&quot;size&quot;:&quot;&quot;,&quot;sizes&quot;:[]},&quot;min_height_mobile&quot;:{&quot;unit&quot;:&quot;px&quot;,&quot;size&quot;:&quot;&quot;,&quot;sizes&quot;:[]}}\" data-widget_type=\"table-of-contents.default\">\n\t\t\t\t<div class=\"elementor-widget-container\">\n\t\t\t\t\t<div class=\"elementor-toc__header\">\n\t\t\t<div class=\"elementor-toc__header-title\">Naviguer au sein de l'article<\/div>\t\t\t\t\t\t\t<div class=\"elementor-toc__toggle-button elementor-toc__toggle-button--expand\"><i class=\"fas fa-chevron-down\"><\/i><\/div>\n\t\t\t\t<div class=\"elementor-toc__toggle-button elementor-toc__toggle-button--collapse\"><i class=\"fas fa-chevron-up\"><\/i><\/div>\n\t\t\t\t\t<\/div>\n\t\t<div class=\"elementor-toc__body\">\n\t\t\t<div class=\"elementor-toc__spinner-container\">\n\t\t\t\t<i class=\"elementor-toc__spinner eicon-loading eicon-animation-spin\" aria-hidden=\"true\"><\/i>\n\t\t\t<\/div>\n\t\t<\/div>\n\t\t\t\t<\/div>\n\t\t\t\t<\/div>\n\t\t\t\t\t<\/div>\n\t\t<\/div>\n\t\t\t\t\t\t\t<\/div>\n\t\t<\/section>\n\t\t\t\t<section class=\"elementor-section elementor-top-section elementor-element elementor-element-bed7020 elementor-section-boxed elementor-section-height-default elementor-section-height-default\" data-id=\"bed7020\" data-element_type=\"section\">\n\t\t\t\t\t\t<div class=\"elementor-container elementor-column-gap-default\">\n\t\t\t\t\t<div class=\"elementor-column elementor-col-100 elementor-top-column elementor-element elementor-element-2a0f3f6\" data-id=\"2a0f3f6\" data-element_type=\"column\">\n\t\t\t<div class=\"elementor-widget-wrap elementor-element-populated\">\n\t\t\t\t\t\t\t\t<div class=\"elementor-element elementor-element-b4a7647 elementor-widget elementor-widget-spacer\" data-id=\"b4a7647\" data-element_type=\"widget\" data-widget_type=\"spacer.default\">\n\t\t\t\t<div class=\"elementor-widget-container\">\n\t\t\t\t\t<div class=\"elementor-spacer\">\n\t\t\t<div class=\"elementor-spacer-inner\"><\/div>\n\t\t<\/div>\n\t\t\t\t<\/div>\n\t\t\t\t<\/div>\n\t\t\t\t<div class=\"elementor-element elementor-element-fa5f487 elementor-widget elementor-widget-heading\" data-id=\"fa5f487\" data-element_type=\"widget\" data-widget_type=\"heading.default\">\n\t\t\t\t<div class=\"elementor-widget-container\">\n\t\t\t<h2 class=\"elementor-heading-title elementor-size-xl\">Quels sont les diff\u00e9rents modes de mobilit\u00e9 douce ? <\/h2>\t\t<\/div>\n\t\t\t\t<\/div>\n\t\t\t\t<div class=\"elementor-element elementor-element-d5e570c elementor-widget elementor-widget-text-editor\" data-id=\"d5e570c\" data-element_type=\"widget\" data-widget_type=\"text-editor.default\">\n\t\t\t\t<div class=\"elementor-widget-container\">\n\t\t\t\t\t\t\t\t<p><span style=\"font-weight: 400;\">La mobilit\u00e9 douce englobe de nombreux modes de transport. Voici la <\/span><strong>liste des modes de mobilit\u00e9 douce<\/strong><span style=\"font-weight: 400;\"> :\u00a0<\/span><\/p><ul><li style=\"font-weight: 400;\" aria-level=\"1\"><span style=\"font-weight: 400;\">La marche<\/span><\/li><li style=\"font-weight: 400;\" aria-level=\"1\"><span style=\"font-weight: 400;\">Le v\u00e9lo<\/span><\/li><li style=\"font-weight: 400;\" aria-level=\"1\"><span style=\"font-weight: 400;\">La trottinette<\/span><\/li><li style=\"font-weight: 400;\" aria-level=\"1\"><span style=\"font-weight: 400;\">Les rollers<\/span><\/li><li style=\"font-weight: 400;\" aria-level=\"1\"><span style=\"font-weight: 400;\">Le skateboard<\/span><\/li><\/ul><p>\u00a0<\/p><p><span style=\"font-weight: 400;\">Si vous souhaitez l\u2019adopter, vous pourrez ainsi choisir parmi tous ces moyens de d\u00e9placement celui qui est le plus adapt\u00e9 \u00e0 vos besoins.<\/span><\/p><p>\u00a0<\/p><p><span style=\"font-weight: 400;\">En g\u00e9n\u00e9ral, lorsque l\u2019on parle de mobilit\u00e9 douce, on inclut aussi les <\/span><strong>modes de d\u00e9placement motoris\u00e9s \u00e9cologiques<\/strong><span style=\"font-weight: 400;\"> comme les trottinettes \u00e9lectriques ou encore les tramways et bus utilisant l\u2019\u00e9nergie \u00e9lectrique. On les consid\u00e8re ainsi car ils laissent une empreinte de carbone minime par rapport aux autres modes de transport motoris\u00e9s.\u00a0<\/span><\/p>\t\t\t\t\t\t<\/div>\n\t\t\t\t<\/div>\n\t\t\t\t<div class=\"elementor-element elementor-element-4ee3939 elementor-widget elementor-widget-image\" data-id=\"4ee3939\" data-element_type=\"widget\" data-widget_type=\"image.default\">\n\t\t\t\t<div class=\"elementor-widget-container\">\n\t\t\t\t\t\t\t\t\t\t\t\t\t\t\t<picture class=\"attachment-medium_large size-medium_large sp-no-webp\" style=\"height:66.67%;max-width:768px;\"><source srcset=\"https:\/\/www.drivecase.fr\/conseils-prevention\/wp-content\/uploads\/2024\/06\/personnes-pratiquant-la-mobilite-douce-2-300x200.webp 300w,https:\/\/www.drivecase.fr\/conseils-prevention\/wp-content\/uploads\/2024\/06\/personnes-pratiquant-la-mobilite-douce-2-1024x683.webp 1024w\" sizes=\"(max-width: 750px) 100vw, 750px\" type=\"image\/webp\"><source srcset=\"https:\/\/www.drivecase.fr\/conseils-prevention\/wp-content\/uploads\/2024\/06\/personnes-pratiquant-la-mobilite-douce-2-e1718010483747.jpg 768w, https:\/\/www.drivecase.fr\/conseils-prevention\/wp-content\/uploads\/2024\/06\/personnes-pratiquant-la-mobilite-douce-2-300x200.jpg 300w, https:\/\/www.drivecase.fr\/conseils-prevention\/wp-content\/uploads\/2024\/06\/personnes-pratiquant-la-mobilite-douce-2-1024x683.jpg 1024w\" sizes=\"(max-width: 750px) 100vw, 750px\" type=\"image\/jpeg\"><img src=\"https:\/\/www.drivecase.fr\/conseils-prevention\/wp-content\/uploads\/2024\/06\/personnes-pratiquant-la-mobilite-douce-2-768x512.jpg\" class=\"attachment-medium_large size-medium_large sp-no-webp\" loading=\"lazy\" style=\"width:100%;height:66.67%;max-width:768px;\" alt=\"Personnes adoptant un mode de mobilite douce\" height=\"500\" width=\"750\" srcset=\"https:\/\/www.drivecase.fr\/conseils-prevention\/wp-content\/uploads\/2024\/06\/personnes-pratiquant-la-mobilite-douce-2-e1718010483747.jpg 768w, https:\/\/www.drivecase.fr\/conseils-prevention\/wp-content\/uploads\/2024\/06\/personnes-pratiquant-la-mobilite-douce-2-300x200.jpg 300w, https:\/\/www.drivecase.fr\/conseils-prevention\/wp-content\/uploads\/2024\/06\/personnes-pratiquant-la-mobilite-douce-2-1024x683.jpg 1024w\" sizes=\"(max-width: 750px) 100vw, 750px\"><\/picture>\t\t\t\t\t\t\t\t\t\t\t\t\t\t\t<\/div>\n\t\t\t\t<\/div>\n\t\t\t\t<div class=\"elementor-element elementor-element-0e466be elementor-widget elementor-widget-heading\" data-id=\"0e466be\" data-element_type=\"widget\" data-widget_type=\"heading.default\">\n\t\t\t\t<div class=\"elementor-widget-container\">\n\t\t\t<h2 class=\"elementor-heading-title elementor-size-default\">Quelle est la diff\u00e9rence entre mobilit\u00e9 douce et mobilit\u00e9 durable ?<\/h2>\t\t<\/div>\n\t\t\t\t<\/div>\n\t\t\t\t<div class=\"elementor-element elementor-element-ca5a009 elementor-widget elementor-widget-text-editor\" data-id=\"ca5a009\" data-element_type=\"widget\" data-widget_type=\"text-editor.default\">\n\t\t\t\t<div class=\"elementor-widget-container\">\n\t\t\t\t\t\t\t\t<p><span style=\"font-weight: 400;\">Comme dit pr&eacute;c&eacute;demment, la <\/span><strong>mobilit&eacute; douce<\/strong><span style=\"font-weight: 400;\"> englobe tous les<\/span><strong> moyens de d&eacute;placement non motoris&eacute;s<\/strong><span style=\"font-weight: 400;\">, celle-ci vise &agrave; r&eacute;duire l&rsquo;utilisation des modes de transport urbains comme la voiture ou les transports en commun. La <\/span><strong>mobilit&eacute; durable<\/strong><span style=\"font-weight: 400;\"> quant &agrave; elle est un concept qui a pour but de changer nos habitudes pour limiter au maximum notre empreinte carbone. Ses modes de transports incluent donc les moyens de d&eacute;placement motoris&eacute;s. Ainsi, utiliser les transports en commun ou une voiture en autopartage s&rsquo;inscrivent tous deux dans un objectif de mobilit&eacute; durable. <\/span><\/p>\t\t\t\t\t\t<\/div>\n\t\t\t\t<\/div>\n\t\t\t\t<div class=\"elementor-element elementor-element-289dadd elementor-widget elementor-widget-heading\" data-id=\"289dadd\" data-element_type=\"widget\" data-widget_type=\"heading.default\">\n\t\t\t\t<div class=\"elementor-widget-container\">\n\t\t\t<h2 class=\"elementor-heading-title elementor-size-default\">Quels sont les avantages de choisir une mobilit\u00e9 douce ?<\/h2>\t\t<\/div>\n\t\t\t\t<\/div>\n\t\t\t\t<div class=\"elementor-element elementor-element-a90ef92 elementor-widget elementor-widget-text-editor\" data-id=\"a90ef92\" data-element_type=\"widget\" data-widget_type=\"text-editor.default\">\n\t\t\t\t<div class=\"elementor-widget-container\">\n\t\t\t\t\t\t\t\t<p><span style=\"font-weight: 400;\">Les <\/span><strong>avantages d&rsquo;un mode de mobilit&eacute; douce<\/strong><span style=\"font-weight: 400;\"> sont multiples. Faisant de cette solution une solution cr&eacute;dible et profitable &agrave; envisager.<\/span><\/p>\t\t\t\t\t\t<\/div>\n\t\t\t\t<\/div>\n\t\t\t\t<div class=\"elementor-element elementor-element-963ae52 elementor-widget elementor-widget-heading\" data-id=\"963ae52\" data-element_type=\"widget\" data-widget_type=\"heading.default\">\n\t\t\t\t<div class=\"elementor-widget-container\">\n\t\t\t<h3 class=\"elementor-heading-title elementor-size-default\">Les avantages environnementaux de la mobilit\u00e9 active<\/h3>\t\t<\/div>\n\t\t\t\t<\/div>\n\t\t\t\t<div class=\"elementor-element elementor-element-3ef9c4b elementor-widget elementor-widget-text-editor\" data-id=\"3ef9c4b\" data-element_type=\"widget\" data-widget_type=\"text-editor.default\">\n\t\t\t\t<div class=\"elementor-widget-container\">\n\t\t\t\t\t\t\t\t<p><span style=\"font-weight: 400;\">Un des nombreux avantages de la <\/span><strong>mobilit\u00e9 douce<\/strong><span style=\"font-weight: 400;\"> est son impact environnemental positif qu\u2019elle engendre. En utilisant des <\/span><strong>modes de transport non motoris\u00e9s<\/strong><span style=\"font-weight: 400;\"> ou \u00e0 <\/span><strong>faible \u00e9mission de carbone<\/strong><span style=\"font-weight: 400;\">, tels que le v\u00e9lo ou la marche, nous contribuons \u00e0 la r\u00e9duction des gaz \u00e0 effet de serre, participant ainsi \u00e0 la pr\u00e9servation de l\u2019environnement et \u00e0 l&rsquo;am\u00e9lioration de la qualit\u00e9 de l\u2019air.<\/span><\/p><p>\u00a0<\/p><p><span style=\"font-weight: 400;\">Un avantage souvent oubli\u00e9 de la mobilit\u00e9 douce est son impact positif sur l&rsquo;environnement sonore d&rsquo;une ville. Les modes de transport doux, \u00e9tant g\u00e9n\u00e9ralement silencieux, r\u00e9duisent consid\u00e9rablement la <\/span><a href=\"https:\/\/www.ecologie.gouv.fr\/bruit-nuisances-sonores-et-pollution-sonore\" target=\"_blank\" rel=\"noopener\"><span style=\"font-weight: 400;\">pollution sonore<\/span><\/a><span style=\"font-weight: 400;\">. Cela am\u00e9liore la qualit\u00e9 de vie en milieu urbain et diminue les nuisances pour les habitants, rendant ainsi les villes plus agr\u00e9ables \u00e0 vivre.<\/span><\/p>\t\t\t\t\t\t<\/div>\n\t\t\t\t<\/div>\n\t\t\t\t<div class=\"elementor-element elementor-element-3170c84 elementor-widget elementor-widget-heading\" data-id=\"3170c84\" data-element_type=\"widget\" data-widget_type=\"heading.default\">\n\t\t\t\t<div class=\"elementor-widget-container\">\n\t\t\t<h3 class=\"elementor-heading-title elementor-size-default\">Les avantages \u00e9conomiques d\u2019une mobilit\u00e9 douce<\/h3>\t\t<\/div>\n\t\t\t\t<\/div>\n\t\t\t\t<div class=\"elementor-element elementor-element-3cd5a00 elementor-widget elementor-widget-text-editor\" data-id=\"3cd5a00\" data-element_type=\"widget\" data-widget_type=\"text-editor.default\">\n\t\t\t\t<div class=\"elementor-widget-container\">\n\t\t\t\t\t\t\t\t<p><span style=\"font-weight: 400;\">Adopter la <\/span><strong>mobilit&eacute; douce<\/strong><span style=\"font-weight: 400;\"> permet de <\/span><strong>r&eacute;duire sa consommation de carburant<\/strong><span style=\"font-weight: 400;\"> et de r&eacute;duire toutes les autres d&eacute;penses li&eacute;es &agrave; l&rsquo;utilisation de la voiture, comme l&rsquo;entretien et le stationnement. En effet, les frais de carburant repr&eacute;sentent une part importante du budget des m&eacute;nages, et les co&ucirc;ts ne cessent d&rsquo;augmenter avec les fluctuations des prix du p&eacute;trole. Le stationnement est un autre facteur de d&eacute;pense non n&eacute;gligeable, surtout dans les zones urbaines o&ugrave; les places sont rares et souvent payantes. En optant pour des modes de transport comme le v&eacute;lo ou la marche, ces d&eacute;penses peuvent &ecirc;tre consid&eacute;rablement r&eacute;duites, voire &eacute;limin&eacute;es.<\/span><\/p>\t\t\t\t\t\t<\/div>\n\t\t\t\t<\/div>\n\t\t\t\t<div class=\"elementor-element elementor-element-4322bbb elementor-widget elementor-widget-heading\" data-id=\"4322bbb\" data-element_type=\"widget\" data-widget_type=\"heading.default\">\n\t\t\t\t<div class=\"elementor-widget-container\">\n\t\t\t<h3 class=\"elementor-heading-title elementor-size-default\">Les bienfaits de la mobilit\u00e9 douce sur la sant\u00e9 <\/h3>\t\t<\/div>\n\t\t\t\t<\/div>\n\t\t\t\t<div class=\"elementor-element elementor-element-4fbb86d elementor-widget elementor-widget-text-editor\" data-id=\"4fbb86d\" data-element_type=\"widget\" data-widget_type=\"text-editor.default\">\n\t\t\t\t<div class=\"elementor-widget-container\">\n\t\t\t\t\t\t\t\t<p><a href=\"https:\/\/www.drivecase.fr\/conseils-prevention\/securite-velo\/les-bienfaits-du-velo-sur-la-sante\/\" target=\"_blank\" rel=\"noopener\"><span style=\"font-weight: 400;\">La pratique r\u00e9guli\u00e8re du v\u00e9lo<\/span><\/a><span style=\"font-weight: 400;\"> ou de la marche favorise l&rsquo;exercice physique, r\u00e9duisant ainsi les risques de toutes les maladies li\u00e9es \u00e0 un mode de vie trop s\u00e9dentaire.\u00a0<\/span><\/p><p><span style=\"font-weight: 400;\">En plus de ces <\/span><strong>bienfaits sur la sant\u00e9 de la mobilit\u00e9 douce<\/strong><span style=\"font-weight: 400;\">, celle-ci a \u00e9galement des avantages significatifs sur la sant\u00e9 mentale. Faire de l&rsquo;exercice en plein air, que ce soit en marchant ou en p\u00e9dalant, aide \u00e0 <\/span><strong>r\u00e9duire le stress et l&rsquo;anxi\u00e9t\u00e9<\/strong><span style=\"font-weight: 400;\"> et \u00e0 am\u00e9liorer l\u2019humeur. <\/span><\/p>\t\t\t\t\t\t<\/div>\n\t\t\t\t<\/div>\n\t\t\t\t<section class=\"elementor-section elementor-inner-section elementor-element elementor-element-4d67a97 elementor-section-height-min-height elementor-section-boxed elementor-section-height-default\" data-id=\"4d67a97\" data-element_type=\"section\" data-settings=\"{&quot;background_background&quot;:&quot;gradient&quot;}\">\n\t\t\t\t\t\t\t<div class=\"elementor-background-overlay\"><\/div>\n\t\t\t\t\t\t\t<div class=\"elementor-container elementor-column-gap-default\">\n\t\t\t\t\t<div class=\"elementor-column elementor-col-50 elementor-inner-column elementor-element elementor-element-b581ec3\" data-id=\"b581ec3\" data-element_type=\"column\">\n\t\t\t<div class=\"elementor-widget-wrap elementor-element-populated\">\n\t\t\t\t\t\t\t\t<div class=\"elementor-element elementor-element-3d46238 elementor-widget elementor-widget-heading\" data-id=\"3d46238\" data-element_type=\"widget\" data-widget_type=\"heading.default\">\n\t\t\t\t<div class=\"elementor-widget-container\">\n\t\t\t<p class=\"elementor-heading-title elementor-size-default\">Accessoires pour v\u00e9lo<\/p>\t\t<\/div>\n\t\t\t\t<\/div>\n\t\t\t\t<div class=\"elementor-element elementor-element-51ae51b elementor-widget elementor-widget-text-editor\" data-id=\"51ae51b\" data-element_type=\"widget\" data-widget_type=\"text-editor.default\">\n\t\t\t\t<div class=\"elementor-widget-container\">\n\t\t\t\t\t\t\t\t<p>D\u00e9couvrez notre large gamme d&rsquo;accessoires pour v\u00e9lo. Pour des d\u00e9placements plus en s\u00e9curit\u00e9 lors de votre transition vers l&rsquo;utilisation de transports respectueux de l&rsquo;environnement.<\/p>\t\t\t\t\t\t<\/div>\n\t\t\t\t<\/div>\n\t\t\t\t\t<\/div>\n\t\t<\/div>\n\t\t\t\t<div class=\"elementor-column elementor-col-50 elementor-inner-column elementor-element elementor-element-1ed0d8e\" data-id=\"1ed0d8e\" data-element_type=\"column\">\n\t\t\t<div class=\"elementor-widget-wrap elementor-element-populated\">\n\t\t\t\t\t\t\t\t<div class=\"elementor-element elementor-element-12d508b elementor-align-center elementor-widget elementor-widget-button\" data-id=\"12d508b\" data-element_type=\"widget\" data-widget_type=\"button.default\">\n\t\t\t\t<div class=\"elementor-widget-container\">\n\t\t\t\t\t<div class=\"elementor-button-wrapper\">\n\t\t\t<a href=\"https:\/\/www.drivecase.fr\/44-accessoires-velo\" target=\"_blank\" class=\"elementor-button-link elementor-button elementor-size-sm elementor-animation-grow\" role=\"button\">\n\t\t\t\t\t\t<span class=\"elementor-button-content-wrapper\">\n\t\t\t\t\t\t<span class=\"elementor-button-icon elementor-align-icon-left\">\n\t\t\t\t<i aria-hidden=\"true\" class=\"fas fa-shopping-cart\"><\/i>\t\t\t<\/span>\n\t\t\t\t\t\t<span class=\"elementor-button-text\">Accessoires pour v\u00e9lo<\/span>\n\t\t<\/span>\n\t\t\t\t\t<\/a>\n\t\t<\/div>\n\t\t\t\t<\/div>\n\t\t\t\t<\/div>\n\t\t\t\t\t<\/div>\n\t\t<\/div>\n\t\t\t\t\t\t\t<\/div>\n\t\t<\/section>\n\t\t\t\t<div class=\"elementor-element elementor-element-c0ddfc4 elementor-widget elementor-widget-heading\" data-id=\"c0ddfc4\" data-element_type=\"widget\" data-widget_type=\"heading.default\">\n\t\t\t\t<div class=\"elementor-widget-container\">\n\t\t\t<h2 class=\"elementor-heading-title elementor-size-default\">Quelles sont les primes et les aides pour la mobilit\u00e9 douce et un transport plus \u00e9cologique en entreprise ?<\/h2>\t\t<\/div>\n\t\t\t\t<\/div>\n\t\t\t\t<div class=\"elementor-element elementor-element-b51378a elementor-widget elementor-widget-text-editor\" data-id=\"b51378a\" data-element_type=\"widget\" data-widget_type=\"text-editor.default\">\n\t\t\t\t<div class=\"elementor-widget-container\">\n\t\t\t\t\t\t\t\t<p><span style=\"font-weight: 400;\">Pour encourager l&rsquo;adoption de la mobilit&eacute; douce et des transports &eacute;cologiques en entreprise, diverses primes et aides financi&egrave;res sont disponibles. Ces incitations visent &agrave; r&eacute;duire les obstacles &eacute;conomiques et &agrave; promouvoir des pratiques de transport durables parmi les employ&eacute;s. <\/span><\/p>\t\t\t\t\t\t<\/div>\n\t\t\t\t<\/div>\n\t\t\t\t<div class=\"elementor-element elementor-element-1ab901c elementor-widget elementor-widget-heading\" data-id=\"1ab901c\" data-element_type=\"widget\" data-widget_type=\"heading.default\">\n\t\t\t\t<div class=\"elementor-widget-container\">\n\t\t\t<h3 class=\"elementor-heading-title elementor-size-default\">Le forfait mobilit\u00e9s durables <\/h3>\t\t<\/div>\n\t\t\t\t<\/div>\n\t\t\t\t<div class=\"elementor-element elementor-element-beb2f21 elementor-widget elementor-widget-text-editor\" data-id=\"beb2f21\" data-element_type=\"widget\" data-widget_type=\"text-editor.default\">\n\t\t\t\t<div class=\"elementor-widget-container\">\n\t\t\t\t\t\t\t\t<p><span style=\"font-weight: 400;\">En 2020, l\u2019\u00c9tat a mis en place le <\/span><strong>forfait mobilit\u00e9s durables <\/strong><span style=\"font-weight: 400;\">ou <\/span><a href=\"https:\/\/www.drivecase.fr\/conseils-prevention\/securite-velo\/titre-mobilite-forfait-mobilite-durable-quels-avantages\/\" target=\"_blank\" rel=\"noopener\"><span style=\"font-weight: 400;\">FMD<\/span><\/a><span style=\"font-weight: 400;\">. Ce dispositif de soutien financier est destin\u00e9 aux <\/span><strong>salari\u00e9s du secteur priv\u00e9<\/strong><span style=\"font-weight: 400;\"> et du <\/span><strong>secteur public<\/strong><span style=\"font-weight: 400;\">. Dans le secteur priv\u00e9, le FMD, s\u2019il est mis en place dans votre entreprise, peut aller jusqu\u2019\u00e0 800\u20ac par an et par salari\u00e9. Dans le secteur public, o\u00f9 le FMD est toujours mis en place, il peut aller jusqu\u2019\u00e0 300\u20ac par an.\u00a0<\/span><\/p><p>\u00a0<\/p><p><span style=\"font-weight: 400;\">Les <\/span><strong>modes de transport \u00e9ligibles au FMD<\/strong><span style=\"font-weight: 400;\"> sont les suivants :\u00a0<\/span><\/p><ul><li style=\"font-weight: 400;\" aria-level=\"1\"><span style=\"font-weight: 400;\">V\u00e9lo et v\u00e9lo \u00e9lectrique<\/span><\/li><li style=\"font-weight: 400;\" aria-level=\"1\"><span style=\"font-weight: 400;\">Covoiturage<\/span><\/li><li style=\"font-weight: 400;\" aria-level=\"1\"><span style=\"font-weight: 400;\">Les cyclomoteurs et motocyclettes en location ou en libre-service (comme dans le cas des scooters et trottinettes \u00e9lectriques)\u00a0<\/span><\/li><li style=\"font-weight: 400;\" aria-level=\"1\"><span style=\"font-weight: 400;\">Autopartage avec des v\u00e9hicules qui n\u2019utilisent pas l\u2019\u00e9nergie thermique ou partiellement comme les voitures \u00e9lectriques, hybrides rechargeables ou hydrog\u00e8nes<\/span><\/li><li style=\"font-weight: 400;\" aria-level=\"1\"><span style=\"font-weight: 400;\">Transports en commun (hors abonnement), uniquement pour le secteur priv\u00e9<\/span><\/li><\/ul>\t\t\t\t\t\t<\/div>\n\t\t\t\t<\/div>\n\t\t\t\t<div class=\"elementor-element elementor-element-78571f0 elementor-widget elementor-widget-heading\" data-id=\"78571f0\" data-element_type=\"widget\" data-widget_type=\"heading.default\">\n\t\t\t\t<div class=\"elementor-widget-container\">\n\t\t\t<h3 class=\"elementor-heading-title elementor-size-default\">Les aides \u00e0 l\u2019achat d\u2019un v\u00e9lo<\/h3>\t\t<\/div>\n\t\t\t\t<\/div>\n\t\t\t\t<div class=\"elementor-element elementor-element-03ca43d elementor-widget elementor-widget-text-editor\" data-id=\"03ca43d\" data-element_type=\"widget\" data-widget_type=\"text-editor.default\">\n\t\t\t\t<div class=\"elementor-widget-container\">\n\t\t\t\t\t\t\t\t<p><span style=\"font-weight: 400;\">Pour pallier les contraintes \u00e9conomiques que pourrait causer votre transition vers une mobilit\u00e9 plus douce, l\u2019\u00c9tat vous propose deux aides, cumulables entre elles pour financer l\u2019<\/span><a href=\"https:\/\/www.ecologie.gouv.fr\/aides-lachat-marquage-velo-preparez-vous\" target=\"_blank\" rel=\"noopener\"><span style=\"font-weight: 400;\">achat de votre v\u00e9lo<\/span><\/a><span style=\"font-weight: 400;\">. Cette aide est destin\u00e9e aux particuliers et aux entreprises.<\/span><\/p>\t\t\t\t\t\t<\/div>\n\t\t\t\t<\/div>\n\t\t\t\t<div class=\"elementor-element elementor-element-ec4b42b elementor-widget elementor-widget-heading\" data-id=\"ec4b42b\" data-element_type=\"widget\" data-widget_type=\"heading.default\">\n\t\t\t\t<div class=\"elementor-widget-container\">\n\t\t\t<h3 class=\"elementor-heading-title elementor-size-default\">La prime de 100\u20ac pour le covoiturage<\/h3>\t\t<\/div>\n\t\t\t\t<\/div>\n\t\t\t\t<div class=\"elementor-element elementor-element-903fbbb elementor-widget elementor-widget-text-editor\" data-id=\"903fbbb\" data-element_type=\"widget\" data-widget_type=\"text-editor.default\">\n\t\t\t\t<div class=\"elementor-widget-container\">\n\t\t\t\t\t\t\t\t<p><span style=\"font-weight: 400;\">Pour inciter \u00e0 une mobilit\u00e9 plus durable et un <\/span><strong>mode de d\u00e9placement domicile-travail \u00e9cologique<\/strong><span style=\"font-weight: 400;\">, d\u2019autres aides peuvent \u00eatre mises en place comme cette <\/span><strong>aide au covoiturage<\/strong><span style=\"font-weight: 400;\">. En effet, depuis le 1er janvier 2023, une <\/span><a href=\"https:\/\/www.ecologie.gouv.fr\/covoiturage-en-france-avantages-et-reglementation-en-vigueur\" target=\"_blank\" rel=\"noopener\"><span style=\"font-weight: 400;\">prime de 100\u20ac<\/span><\/a><span style=\"font-weight: 400;\"> est offerte pour les trajets d\u2019une distance \u00e9gale ou inf\u00e9rieure \u00e0 80 km r\u00e9alis\u00e9s en covoiturage. Pour b\u00e9n\u00e9ficier de cette prime, vous devrez passer par des plateformes de covoiturage. <\/span><\/p>\t\t\t\t\t\t<\/div>\n\t\t\t\t<\/div>\n\t\t\t\t<div class=\"elementor-element elementor-element-9c1868f elementor-widget elementor-widget-heading\" data-id=\"9c1868f\" data-element_type=\"widget\" data-widget_type=\"heading.default\">\n\t\t\t\t<div class=\"elementor-widget-container\">\n\t\t\t<h2 class=\"elementor-heading-title elementor-size-default\">Journ\u00e9es et \u00e9v\u00e9nements de mobilit\u00e9 douce et durable<\/h2>\t\t<\/div>\n\t\t\t\t<\/div>\n\t\t\t\t<div class=\"elementor-element elementor-element-e8ce845 elementor-widget elementor-widget-text-editor\" data-id=\"e8ce845\" data-element_type=\"widget\" data-widget_type=\"text-editor.default\">\n\t\t\t\t<div class=\"elementor-widget-container\">\n\t\t\t\t\t\t\t\t<p><span style=\"font-weight: 400;\">Du 16 au 22 septembre est organis\u00e9e la <\/span><a href=\"https:\/\/www.drivecase.fr\/conseils-prevention\/securite-velo\/semaine-europeenne-de-la-mobilite-quest-ce-que-cest\/\" target=\"_blank\" rel=\"noopener\"><span style=\"font-weight: 400;\">Semaine Europ\u00e9enne de la Mobilit\u00e9<\/span><\/a><span style=\"font-weight: 400;\">. Cet \u00e9v\u00e9nement annuel vise \u00e0 promouvoir l&rsquo;usage des modes de transport \u00e9cologiques et durables. Cette journ\u00e9e est l&rsquo;occasion pour les citoyens, les entreprises et les collectivit\u00e9s de d\u00e9couvrir et d&rsquo;adopter des pratiques de mobilit\u00e9 respectueuses de l&rsquo;environnement. Les activit\u00e9s organis\u00e9es incluent des ateliers de r\u00e9paration de v\u00e9los, des balades \u00e0 v\u00e9lo en groupe, des d\u00e9monstrations de trottinettes \u00e9lectriques et des stands d&rsquo;information sur les <\/span><strong>avantages de la mobilit\u00e9 douce<\/strong><span style=\"font-weight: 400;\">.<\/span><\/p><p>\u00a0<\/p><p><span style=\"font-weight: 400;\">Participer \u00e0 la <\/span><strong>Semaine Europ\u00e9enne de la Mobilit\u00e9<\/strong><span style=\"font-weight: 400;\"> permet aux individus de s&rsquo;informer sur les <\/span><strong>alternatives \u00e0 la voiture<\/strong><span style=\"font-weight: 400;\"> et d&rsquo;essayer de nouveaux modes de transport dans un cadre convivial et s\u00e9curis\u00e9. Les entreprises et les collectivit\u00e9s locales peuvent \u00e9galement mettre en place des initiatives sp\u00e9ciales pour encourager leurs employ\u00e9s et r\u00e9sidents \u00e0 participer, comme des concours de kilom\u00e8tres parcourus \u00e0 v\u00e9lo ou des <\/span><strong>primes pour la mobilit\u00e9 douce<\/strong><span style=\"font-weight: 400;\"> si elle est adopt\u00e9e.\u00a0<\/span><\/p>\t\t\t\t\t\t<\/div>\n\t\t\t\t<\/div>\n\t\t\t\t<section class=\"elementor-section elementor-inner-section elementor-element elementor-element-6409b53 elementor-section-height-min-height elementor-section-boxed elementor-section-height-default\" data-id=\"6409b53\" data-element_type=\"section\" data-settings=\"{&quot;background_background&quot;:&quot;gradient&quot;}\">\n\t\t\t\t\t\t\t<div class=\"elementor-background-overlay\"><\/div>\n\t\t\t\t\t\t\t<div class=\"elementor-container elementor-column-gap-default\">\n\t\t\t\t\t<div class=\"elementor-column elementor-col-50 elementor-inner-column elementor-element elementor-element-3475629\" data-id=\"3475629\" data-element_type=\"column\">\n\t\t\t<div class=\"elementor-widget-wrap elementor-element-populated\">\n\t\t\t\t\t\t\t\t<div class=\"elementor-element elementor-element-bde2cbd elementor-widget elementor-widget-heading\" data-id=\"bde2cbd\" data-element_type=\"widget\" data-widget_type=\"heading.default\">\n\t\t\t\t<div class=\"elementor-widget-container\">\n\t\t\t<p class=\"elementor-heading-title elementor-size-default\">Goodies v\u00e9lo personnalis\u00e9s<\/p>\t\t<\/div>\n\t\t\t\t<\/div>\n\t\t\t\t<div class=\"elementor-element elementor-element-3a30256 elementor-widget elementor-widget-text-editor\" data-id=\"3a30256\" data-element_type=\"widget\" data-widget_type=\"text-editor.default\">\n\t\t\t\t<div class=\"elementor-widget-container\">\n\t\t\t\t\t\t\t\t<p>D\u00e9couvrez tous nos goodies personnalis\u00e9s pour v\u00e9lo, des accessoires personnalisables avec votre logo qui vous permettront de promouvoir la s\u00e9curit\u00e9 \u00e0 v\u00e9lo au sein de votre entreprise.<\/p>\t\t\t\t\t\t<\/div>\n\t\t\t\t<\/div>\n\t\t\t\t\t<\/div>\n\t\t<\/div>\n\t\t\t\t<div class=\"elementor-column elementor-col-50 elementor-inner-column elementor-element elementor-element-4a2c039\" data-id=\"4a2c039\" data-element_type=\"column\">\n\t\t\t<div class=\"elementor-widget-wrap elementor-element-populated\">\n\t\t\t\t\t\t\t\t<div class=\"elementor-element elementor-element-3f0f809 elementor-align-center elementor-widget elementor-widget-button\" data-id=\"3f0f809\" data-element_type=\"widget\" data-widget_type=\"button.default\">\n\t\t\t\t<div class=\"elementor-widget-container\">\n\t\t\t\t\t<div class=\"elementor-button-wrapper\">\n\t\t\t<a href=\"https:\/\/www.drivecase.fr\/46-accessoires-velo-personnalises\" target=\"_blank\" class=\"elementor-button-link elementor-button elementor-size-sm elementor-animation-grow\" role=\"button\">\n\t\t\t\t\t\t<span class=\"elementor-button-content-wrapper\">\n\t\t\t\t\t\t<span class=\"elementor-button-icon elementor-align-icon-left\">\n\t\t\t\t<i aria-hidden=\"true\" class=\"fas fa-shopping-cart\"><\/i>\t\t\t<\/span>\n\t\t\t\t\t\t<span class=\"elementor-button-text\">Goodies v\u00e9lo personnalis\u00e9s<\/span>\n\t\t<\/span>\n\t\t\t\t\t<\/a>\n\t\t<\/div>\n\t\t\t\t<\/div>\n\t\t\t\t<\/div>\n\t\t\t\t\t<\/div>\n\t\t<\/div>\n\t\t\t\t\t\t\t<\/div>\n\t\t<\/section>\n\t\t\t\t\t<\/div>\n\t\t<\/div>\n\t\t\t\t\t\t\t<\/div>\n\t\t<\/section>\n\t\t\t\t\t\t<\/div>\n\t\t\t\t\t<\/div>\n\t\t","protected":false},"excerpt":{"rendered":"<p>La mobilit\u00e9 douce, aussi appel\u00e9e mobilit\u00e9 active, d\u00e9signe l\u2019ensemble des d\u00e9placements individuels non motoris\u00e9s qui font appel \u00e0 l\u2019\u00e9nergie humaine comme la marche ou le v\u00e9lo par exemple. Selon l\u2019INSEE, la voiture repr\u00e9senterait 60% des trajets domicile-travail ayant une distance de moins de 5 kilom\u00e8tres. La mobilit\u00e9 douce s&rsquo;impose donc comme une solution de mobilit\u00e9&hellip; <a class=\"more-link\" href=\"https:\/\/www.drivecase.fr\/conseils-prevention\/securite-velo\/mobilite-douce-quels-avantages\/\">Poursuivre la lecture <span class=\"screen-reader-text\">Qu\u2019est ce que la mobilit\u00e9 douce et quels sont ses avantages ?<\/span><\/a><\/p>\n","protected":false},"author":4,"featured_media":13421,"comment_status":"closed","ping_status":"closed","sticky":false,"template":"","format":"standard","meta":[],"categories":[23],"tags":[20,19],"yoast_head":"<!-- This site is optimized with the Yoast SEO Premium plugin v17.4 (Yoast SEO v17.4) - https:\/\/yoast.com\/wordpress\/plugins\/seo\/ -->\n<title>Qu\u2019est ce que la mobilit\u00e9 douce et quels sont ses avantages ?<\/title>\n<meta name=\"description\" content=\"D\u00e9couvrez les divers avantages et bienfaits de la mobilit\u00e9 douce : mode de transport plus \u00e9cologique, sant\u00e9 et qualit\u00e9 de vie, primes et aides financi\u00e8res\" \/>\n<meta name=\"robots\" content=\"index, follow, max-snippet:-1, max-image-preview:large, max-video-preview:-1\" \/>\n<link rel=\"canonical\" href=\"https:\/\/www.drivecase.fr\/conseils-prevention\/securite-velo\/mobilite-douce-quels-avantages\/\" \/>\n<meta property=\"og:locale\" content=\"fr_FR\" \/>\n<meta property=\"og:type\" content=\"article\" \/>\n<meta property=\"og:title\" content=\"Qu\u2019est ce que la mobilit\u00e9 douce et quels sont ses avantages ?\" \/>\n<meta property=\"og:description\" content=\"La mobilit\u00e9 douce, aussi appel\u00e9e mobilit\u00e9 active, d\u00e9signe l\u2019ensemble des d\u00e9placements individuels non motoris\u00e9s qui font appel \u00e0 l\u2019\u00e9nergie humaine comme\" \/>\n<meta property=\"og:url\" content=\"https:\/\/www.drivecase.fr\/conseils-prevention\/securite-velo\/mobilite-douce-quels-avantages\/\" \/>\n<meta property=\"og:site_name\" content=\"S\u00e9curit\u00e9 routi\u00e8re, EPI &amp; pr\u00e9vention sanitaire | Conseils pr\u00e9vention Drivecase\" \/>\n<meta property=\"article:publisher\" content=\"https:\/\/fr-fr.facebook.com\/drivecasefr\" \/>\n<meta property=\"article:published_time\" content=\"2024-06-10T08:30:32+00:00\" \/>\n<meta property=\"article:modified_time\" content=\"2024-07-19T14:15:45+00:00\" \/>\n<meta property=\"og:image\" content=\"https:\/\/www.drivecase.fr\/conseils-prevention\/wp-content\/uploads\/2024\/06\/personnes-pratiquant-la-mobilite-douce-2-e1718010483747.jpg\" \/>\n\t<meta property=\"og:image:width\" content=\"768\" \/>\n\t<meta property=\"og:image:height\" content=\"512\" \/>\n<meta name=\"twitter:card\" content=\"summary_large_image\" \/>\n<meta name=\"twitter:creator\" content=\"@Drivecase\" \/>\n<meta name=\"twitter:site\" content=\"@Drivecase\" \/>\n<meta name=\"twitter:label1\" content=\"\u00c9crit par\" \/>\n\t<meta name=\"twitter:data1\" content=\"Lucile Pariat\" \/>\n\t<meta name=\"twitter:label2\" content=\"Dur\u00e9e de lecture est.\" \/>\n\t<meta name=\"twitter:data2\" content=\"6 minutes\" \/>\n<script type=\"application\/ld+json\" class=\"yoast-schema-graph\">{\"@context\":\"https:\/\/schema.org\",\"@graph\":[{\"@type\":\"Organization\",\"@id\":\"https:\/\/www.drivecase.fr\/conseils-prevention\/#organization\",\"name\":\"Drivecase\",\"url\":\"https:\/\/www.drivecase.fr\/conseils-prevention\/\",\"sameAs\":[\"https:\/\/fr-fr.facebook.com\/drivecasefr\",\"https:\/\/fr.linkedin.com\/company\/drivecase\",\"https:\/\/www.youtube.com\/channel\/UCQ7ivAl-3feklwC1IX7HO8A\",\"https:\/\/www.pinterest.fr\/drivecase3695\/\",\"https:\/\/twitter.com\/Drivecase\"],\"logo\":{\"@type\":\"ImageObject\",\"@id\":\"https:\/\/www.drivecase.fr\/conseils-prevention\/#logo\",\"inLanguage\":\"fr-FR\",\"url\":\"https:\/\/www.drivecase.fr\/conseils-prevention\/wp-content\/uploads\/2021\/02\/logo_conseils-prevention_bleu_vert-01.png\",\"contentUrl\":\"https:\/\/www.drivecase.fr\/conseils-prevention\/wp-content\/uploads\/2021\/02\/logo_conseils-prevention_bleu_vert-01.png\",\"width\":2221,\"height\":667,\"caption\":\"Drivecase\"},\"image\":{\"@id\":\"https:\/\/www.drivecase.fr\/conseils-prevention\/#logo\"}},{\"@type\":\"WebSite\",\"@id\":\"https:\/\/www.drivecase.fr\/conseils-prevention\/#website\",\"url\":\"https:\/\/www.drivecase.fr\/conseils-prevention\/\",\"name\":\"S\\u00e9curit\\u00e9 routi\\u00e8re, EPI &amp; pr\\u00e9vention sanitaire | Conseils pr\\u00e9vention Drivecase\",\"description\":\"Le blog conseils pr\\u00e9vention d\\u00e9di\\u00e9 \\u00e0 la s\\u00e9curit\\u00e9 routi\\u00e8re, aux EPI, premiers secours &amp; pr\\u00e9vention sanitaire de Drivecase. Toute l&#039;actualit\\u00e9 sur la r\\u00e9glementation &amp; les bons gestes !\",\"publisher\":{\"@id\":\"https:\/\/www.drivecase.fr\/conseils-prevention\/#organization\"},\"potentialAction\":[{\"@type\":\"SearchAction\",\"target\":{\"@type\":\"EntryPoint\",\"urlTemplate\":\"https:\/\/www.drivecase.fr\/conseils-prevention\/?s={search_term_string}\"},\"query-input\":\"required name=search_term_string\"}],\"inLanguage\":\"fr-FR\"},{\"@type\":\"ImageObject\",\"@id\":\"https:\/\/www.drivecase.fr\/conseils-prevention\/securite-velo\/mobilite-douce-quels-avantages\/#primaryimage\",\"inLanguage\":\"fr-FR\",\"url\":\"https:\/\/www.drivecase.fr\/conseils-prevention\/wp-content\/uploads\/2024\/06\/personnes-pratiquant-la-mobilite-douce-2-e1718010483747.jpg\",\"contentUrl\":\"https:\/\/www.drivecase.fr\/conseils-prevention\/wp-content\/uploads\/2024\/06\/personnes-pratiquant-la-mobilite-douce-2-e1718010483747.jpg\",\"width\":768,\"height\":512,\"caption\":\"Personnes adoptant un mode de mobilite douce\"},{\"@type\":\"WebPage\",\"@id\":\"https:\/\/www.drivecase.fr\/conseils-prevention\/securite-velo\/mobilite-douce-quels-avantages\/#webpage\",\"url\":\"https:\/\/www.drivecase.fr\/conseils-prevention\/securite-velo\/mobilite-douce-quels-avantages\/\",\"name\":\"Qu\\u2019est ce que la mobilit\\u00e9 douce et quels sont ses avantages ?\",\"isPartOf\":{\"@id\":\"https:\/\/www.drivecase.fr\/conseils-prevention\/#website\"},\"primaryImageOfPage\":{\"@id\":\"https:\/\/www.drivecase.fr\/conseils-prevention\/securite-velo\/mobilite-douce-quels-avantages\/#primaryimage\"},\"datePublished\":\"2024-06-10T08:30:32+00:00\",\"dateModified\":\"2024-07-19T14:15:45+00:00\",\"description\":\"D\\u00e9couvrez les divers avantages et bienfaits de la mobilit\\u00e9 douce : mode de transport plus \\u00e9cologique, sant\\u00e9 et qualit\\u00e9 de vie, primes et aides financi\\u00e8res\",\"breadcrumb\":{\"@id\":\"https:\/\/www.drivecase.fr\/conseils-prevention\/securite-velo\/mobilite-douce-quels-avantages\/#breadcrumb\"},\"inLanguage\":\"fr-FR\",\"potentialAction\":[{\"@type\":\"ReadAction\",\"target\":[\"https:\/\/www.drivecase.fr\/conseils-prevention\/securite-velo\/mobilite-douce-quels-avantages\/\"]}]},{\"@type\":\"BreadcrumbList\",\"@id\":\"https:\/\/www.drivecase.fr\/conseils-prevention\/securite-velo\/mobilite-douce-quels-avantages\/#breadcrumb\",\"itemListElement\":[{\"@type\":\"ListItem\",\"position\":1,\"name\":\"Conseils pr\\u00e9vention\",\"item\":\"https:\/\/www.drivecase.fr\/conseils-prevention\/\"},{\"@type\":\"ListItem\",\"position\":2,\"name\":\"S\\u00e9curit\\u00e9 \\u00e0 v\\u00e9lo\",\"item\":\"https:\/\/www.drivecase.fr\/conseils-prevention\/securite-velo\/\"},{\"@type\":\"ListItem\",\"position\":3,\"name\":\"Qu\\u2019est ce que la mobilit\\u00e9 douce et quels sont ses avantages ?\"}]},{\"@type\":\"Article\",\"@id\":\"https:\/\/www.drivecase.fr\/conseils-prevention\/securite-velo\/mobilite-douce-quels-avantages\/#article\",\"isPartOf\":{\"@id\":\"https:\/\/www.drivecase.fr\/conseils-prevention\/securite-velo\/mobilite-douce-quels-avantages\/#webpage\"},\"author\":{\"@id\":\"https:\/\/www.drivecase.fr\/conseils-prevention\/#\/schema\/person\/8fcaaa212378e263f27b7b575fe05667\"},\"headline\":\"Qu\\u2019est ce que la mobilit\\u00e9 douce et quels sont ses avantages ?\",\"datePublished\":\"2024-06-10T08:30:32+00:00\",\"dateModified\":\"2024-07-19T14:15:45+00:00\",\"mainEntityOfPage\":{\"@id\":\"https:\/\/www.drivecase.fr\/conseils-prevention\/securite-velo\/mobilite-douce-quels-avantages\/#webpage\"},\"wordCount\":1306,\"publisher\":{\"@id\":\"https:\/\/www.drivecase.fr\/conseils-prevention\/#organization\"},\"image\":{\"@id\":\"https:\/\/www.drivecase.fr\/conseils-prevention\/securite-velo\/mobilite-douce-quels-avantages\/#primaryimage\"},\"thumbnailUrl\":\"https:\/\/www.drivecase.fr\/conseils-prevention\/wp-content\/uploads\/2024\/06\/personnes-pratiquant-la-mobilite-douce-2-e1718010483747.jpg\",\"keywords\":[\"Conseils d'experts\",\"R\\u00e8glementations\"],\"articleSection\":[\"S\\u00e9curit\\u00e9 \\u00e0 v\\u00e9lo\"],\"inLanguage\":\"fr-FR\"},{\"@type\":\"Person\",\"@id\":\"https:\/\/www.drivecase.fr\/conseils-prevention\/#\/schema\/person\/8fcaaa212378e263f27b7b575fe05667\",\"name\":\"Lucile Pariat\",\"image\":{\"@type\":\"ImageObject\",\"@id\":\"https:\/\/www.drivecase.fr\/conseils-prevention\/#personlogo\",\"inLanguage\":\"fr-FR\",\"url\":\"https:\/\/secure.gravatar.com\/avatar\/c94420476552da6c1c489edc3f766559?s=96&d=mm&r=g\",\"contentUrl\":\"https:\/\/secure.gravatar.com\/avatar\/c94420476552da6c1c489edc3f766559?s=96&d=mm&r=g\",\"caption\":\"Lucile Pariat\"},\"description\":\"Responsable D\\u00e9veloppement chez Drivecase, et f\\u00e9rue d'actualit\\u00e9 sur la mobilit\\u00e9 et la pr\\u00e9vention.\",\"url\":\"https:\/\/www.drivecase.fr\/conseils-prevention\/author\/luciledrivecase-fr\/\"}]}<\/script>\n<!-- \/ Yoast SEO Premium plugin. -->","yoast_head_json":{"title":"Qu\u2019est ce que la mobilit\u00e9 douce et quels sont ses avantages ?","description":"D\u00e9couvrez les divers avantages et bienfaits de la mobilit\u00e9 douce : mode de transport plus \u00e9cologique, sant\u00e9 et qualit\u00e9 de vie, primes et aides financi\u00e8res","robots":{"index":"index","follow":"follow","max-snippet":"max-snippet:-1","max-image-preview":"max-image-preview:large","max-video-preview":"max-video-preview:-1"},"canonical":"https:\/\/www.drivecase.fr\/conseils-prevention\/securite-velo\/mobilite-douce-quels-avantages\/","og_locale":"fr_FR","og_type":"article","og_title":"Qu\u2019est ce que la mobilit\u00e9 douce et quels sont ses avantages ?","og_description":"La mobilit\u00e9 douce, aussi appel\u00e9e mobilit\u00e9 active, d\u00e9signe l\u2019ensemble des d\u00e9placements individuels non motoris\u00e9s qui font appel \u00e0 l\u2019\u00e9nergie humaine comme","og_url":"https:\/\/www.drivecase.fr\/conseils-prevention\/securite-velo\/mobilite-douce-quels-avantages\/","og_site_name":"S\u00e9curit\u00e9 routi\u00e8re, EPI &amp; pr\u00e9vention sanitaire | Conseils pr\u00e9vention Drivecase","article_publisher":"https:\/\/fr-fr.facebook.com\/drivecasefr","article_published_time":"2024-06-10T08:30:32+00:00","article_modified_time":"2024-07-19T14:15:45+00:00","og_image":[{"width":768,"height":512,"url":"https:\/\/www.drivecase.fr\/conseils-prevention\/wp-content\/uploads\/2024\/06\/personnes-pratiquant-la-mobilite-douce-2-e1718010483747.jpg","type":"image\/jpeg"}],"twitter_card":"summary_large_image","twitter_creator":"@Drivecase","twitter_site":"@Drivecase","twitter_misc":{"\u00c9crit par":"Lucile Pariat","Dur\u00e9e de lecture est.":"6 minutes"},"schema":{"@context":"https:\/\/schema.org","@graph":[{"@type":"Organization","@id":"https:\/\/www.drivecase.fr\/conseils-prevention\/#organization","name":"Drivecase","url":"https:\/\/www.drivecase.fr\/conseils-prevention\/","sameAs":["https:\/\/fr-fr.facebook.com\/drivecasefr","https:\/\/fr.linkedin.com\/company\/drivecase","https:\/\/www.youtube.com\/channel\/UCQ7ivAl-3feklwC1IX7HO8A","https:\/\/www.pinterest.fr\/drivecase3695\/","https:\/\/twitter.com\/Drivecase"],"logo":{"@type":"ImageObject","@id":"https:\/\/www.drivecase.fr\/conseils-prevention\/#logo","inLanguage":"fr-FR","url":"https:\/\/www.drivecase.fr\/conseils-prevention\/wp-content\/uploads\/2021\/02\/logo_conseils-prevention_bleu_vert-01.png","contentUrl":"https:\/\/www.drivecase.fr\/conseils-prevention\/wp-content\/uploads\/2021\/02\/logo_conseils-prevention_bleu_vert-01.png","width":2221,"height":667,"caption":"Drivecase"},"image":{"@id":"https:\/\/www.drivecase.fr\/conseils-prevention\/#logo"}},{"@type":"WebSite","@id":"https:\/\/www.drivecase.fr\/conseils-prevention\/#website","url":"https:\/\/www.drivecase.fr\/conseils-prevention\/","name":"S\u00e9curit\u00e9 routi\u00e8re, EPI &amp; pr\u00e9vention sanitaire | Conseils pr\u00e9vention Drivecase","description":"Le blog conseils pr\u00e9vention d\u00e9di\u00e9 \u00e0 la s\u00e9curit\u00e9 routi\u00e8re, aux EPI, premiers secours &amp; pr\u00e9vention sanitaire de Drivecase. Toute l&#039;actualit\u00e9 sur la r\u00e9glementation &amp; les bons gestes !","publisher":{"@id":"https:\/\/www.drivecase.fr\/conseils-prevention\/#organization"},"potentialAction":[{"@type":"SearchAction","target":{"@type":"EntryPoint","urlTemplate":"https:\/\/www.drivecase.fr\/conseils-prevention\/?s={search_term_string}"},"query-input":"required name=search_term_string"}],"inLanguage":"fr-FR"},{"@type":"ImageObject","@id":"https:\/\/www.drivecase.fr\/conseils-prevention\/securite-velo\/mobilite-douce-quels-avantages\/#primaryimage","inLanguage":"fr-FR","url":"https:\/\/www.drivecase.fr\/conseils-prevention\/wp-content\/uploads\/2024\/06\/personnes-pratiquant-la-mobilite-douce-2-e1718010483747.jpg","contentUrl":"https:\/\/www.drivecase.fr\/conseils-prevention\/wp-content\/uploads\/2024\/06\/personnes-pratiquant-la-mobilite-douce-2-e1718010483747.jpg","width":768,"height":512,"caption":"Personnes adoptant un mode de mobilite douce"},{"@type":"WebPage","@id":"https:\/\/www.drivecase.fr\/conseils-prevention\/securite-velo\/mobilite-douce-quels-avantages\/#webpage","url":"https:\/\/www.drivecase.fr\/conseils-prevention\/securite-velo\/mobilite-douce-quels-avantages\/","name":"Qu\u2019est ce que la mobilit\u00e9 douce et quels sont ses avantages ?","isPartOf":{"@id":"https:\/\/www.drivecase.fr\/conseils-prevention\/#website"},"primaryImageOfPage":{"@id":"https:\/\/www.drivecase.fr\/conseils-prevention\/securite-velo\/mobilite-douce-quels-avantages\/#primaryimage"},"datePublished":"2024-06-10T08:30:32+00:00","dateModified":"2024-07-19T14:15:45+00:00","description":"D\u00e9couvrez les divers avantages et bienfaits de la mobilit\u00e9 douce : mode de transport plus \u00e9cologique, sant\u00e9 et qualit\u00e9 de vie, primes et aides financi\u00e8res","breadcrumb":{"@id":"https:\/\/www.drivecase.fr\/conseils-prevention\/securite-velo\/mobilite-douce-quels-avantages\/#breadcrumb"},"inLanguage":"fr-FR","potentialAction":[{"@type":"ReadAction","target":["https:\/\/www.drivecase.fr\/conseils-prevention\/securite-velo\/mobilite-douce-quels-avantages\/"]}]},{"@type":"BreadcrumbList","@id":"https:\/\/www.drivecase.fr\/conseils-prevention\/securite-velo\/mobilite-douce-quels-avantages\/#breadcrumb","itemListElement":[{"@type":"ListItem","position":1,"name":"Conseils pr\u00e9vention","item":"https:\/\/www.drivecase.fr\/conseils-prevention\/"},{"@type":"ListItem","position":2,"name":"S\u00e9curit\u00e9 \u00e0 v\u00e9lo","item":"https:\/\/www.drivecase.fr\/conseils-prevention\/securite-velo\/"},{"@type":"ListItem","position":3,"name":"Qu\u2019est ce que la mobilit\u00e9 douce et quels sont ses avantages ?"}]},{"@type":"Article","@id":"https:\/\/www.drivecase.fr\/conseils-prevention\/securite-velo\/mobilite-douce-quels-avantages\/#article","isPartOf":{"@id":"https:\/\/www.drivecase.fr\/conseils-prevention\/securite-velo\/mobilite-douce-quels-avantages\/#webpage"},"author":{"@id":"https:\/\/www.drivecase.fr\/conseils-prevention\/#\/schema\/person\/8fcaaa212378e263f27b7b575fe05667"},"headline":"Qu\u2019est ce que la mobilit\u00e9 douce et quels sont ses avantages ?","datePublished":"2024-06-10T08:30:32+00:00","dateModified":"2024-07-19T14:15:45+00:00","mainEntityOfPage":{"@id":"https:\/\/www.drivecase.fr\/conseils-prevention\/securite-velo\/mobilite-douce-quels-avantages\/#webpage"},"wordCount":1306,"publisher":{"@id":"https:\/\/www.drivecase.fr\/conseils-prevention\/#organization"},"image":{"@id":"https:\/\/www.drivecase.fr\/conseils-prevention\/securite-velo\/mobilite-douce-quels-avantages\/#primaryimage"},"thumbnailUrl":"https:\/\/www.drivecase.fr\/conseils-prevention\/wp-content\/uploads\/2024\/06\/personnes-pratiquant-la-mobilite-douce-2-e1718010483747.jpg","keywords":["Conseils d'experts","R\u00e8glementations"],"articleSection":["S\u00e9curit\u00e9 \u00e0 v\u00e9lo"],"inLanguage":"fr-FR"},{"@type":"Person","@id":"https:\/\/www.drivecase.fr\/conseils-prevention\/#\/schema\/person\/8fcaaa212378e263f27b7b575fe05667","name":"Lucile Pariat","image":{"@type":"ImageObject","@id":"https:\/\/www.drivecase.fr\/conseils-prevention\/#personlogo","inLanguage":"fr-FR","url":"https:\/\/secure.gravatar.com\/avatar\/c94420476552da6c1c489edc3f766559?s=96&d=mm&r=g","contentUrl":"https:\/\/secure.gravatar.com\/avatar\/c94420476552da6c1c489edc3f766559?s=96&d=mm&r=g","caption":"Lucile Pariat"},"description":"Responsable D\u00e9veloppement chez Drivecase, et f\u00e9rue d'actualit\u00e9 sur la mobilit\u00e9 et la pr\u00e9vention.","url":"https:\/\/www.drivecase.fr\/conseils-prevention\/author\/luciledrivecase-fr\/"}]}},"_links":{"self":[{"href":"https:\/\/www.drivecase.fr\/conseils-prevention\/wp-json\/wp\/v2\/posts\/13417"}],"collection":[{"href":"https:\/\/www.drivecase.fr\/conseils-prevention\/wp-json\/wp\/v2\/posts"}],"about":[{"href":"https:\/\/www.drivecase.fr\/conseils-prevention\/wp-json\/wp\/v2\/types\/post"}],"author":[{"embeddable":true,"href":"https:\/\/www.drivecase.fr\/conseils-prevention\/wp-json\/wp\/v2\/users\/4"}],"replies":[{"embeddable":true,"href":"https:\/\/www.drivecase.fr\/conseils-prevention\/wp-json\/wp\/v2\/comments?post=13417"}],"version-history":[{"count":17,"href":"https:\/\/www.drivecase.fr\/conseils-prevention\/wp-json\/wp\/v2\/posts\/13417\/revisions"}],"predecessor-version":[{"id":13883,"href":"https:\/\/www.drivecase.fr\/conseils-prevention\/wp-json\/wp\/v2\/posts\/13417\/revisions\/13883"}],"wp:featuredmedia":[{"embeddable":true,"href":"https:\/\/www.drivecase.fr\/conseils-prevention\/wp-json\/wp\/v2\/media\/13421"}],"wp:attachment":[{"href":"https:\/\/www.drivecase.fr\/conseils-prevention\/wp-json\/wp\/v2\/media?parent=13417"}],"wp:term":[{"taxonomy":"category","embeddable":true,"href":"https:\/\/www.drivecase.fr\/conseils-prevention\/wp-json\/wp\/v2\/categories?post=13417"},{"taxonomy":"post_tag","embeddable":true,"href":"https:\/\/www.drivecase.fr\/conseils-prevention\/wp-json\/wp\/v2\/tags?post=13417"}],"curies":[{"name":"wp","href":"https:\/\/api.w.org\/{rel}","templated":true}]}}