{"id":14074,"date":"2024-08-05T09:48:56","date_gmt":"2024-08-05T07:48:56","guid":{"rendered":"https:\/\/www.drivecase.fr\/conseils-prevention\/?p=14074"},"modified":"2026-02-24T16:55:58","modified_gmt":"2026-02-24T15:55:58","slug":"equipements-enfants-velo","status":"publish","type":"post","link":"https:\/\/www.drivecase.fr\/conseils-prevention\/securite-velo\/equipements-enfants-velo\/","title":{"rendered":"Quels sont les \u00e9quipements n\u00e9cessaires pour un enfant \u00e0 v\u00e9lo ?"},"content":{"rendered":"\t\t<div data-elementor-type=\"wp-post\" data-elementor-id=\"14074\" class=\"elementor elementor-14074\" data-elementor-settings=\"[]\">\n\t\t\t\t\t\t\t<div class=\"elementor-section-wrap\">\n\t\t\t\t\t\t\t<section class=\"elementor-section elementor-top-section elementor-element elementor-element-6f7f58f elementor-section-boxed elementor-section-height-default elementor-section-height-default\" data-id=\"6f7f58f\" data-element_type=\"section\">\n\t\t\t\t\t\t<div class=\"elementor-container elementor-column-gap-default\">\n\t\t\t\t\t<div class=\"elementor-column elementor-col-100 elementor-top-column elementor-element elementor-element-a0e49fa\" data-id=\"a0e49fa\" data-element_type=\"column\">\n\t\t\t<div class=\"elementor-widget-wrap elementor-element-populated\">\n\t\t\t\t\t\t\t\t<div class=\"elementor-element elementor-element-4ebc950 elementor-widget elementor-widget-text-editor\" data-id=\"4ebc950\" data-element_type=\"widget\" data-widget_type=\"text-editor.default\">\n\t\t\t\t<div class=\"elementor-widget-container\">\n\t\t\t\t\t\t\t\t<p>Que ce soit lors de balades ou lors d&rsquo;un trajet &agrave; l&rsquo;&eacute;cole, bien &eacute;quiper son enfant lorsqu&rsquo;il se d&eacute;place &agrave; v&eacute;lo est indispensable pour assurer sa s&eacute;curit&eacute;. Pour ce faire, plusieurs &eacute;quipements et accessoires sont obligatoires ou judicieux &agrave; poss&eacute;der, tant sur le v&eacute;lo que sur l&rsquo;enfant. Ces &eacute;quipements visent &agrave; limiter les risques d&rsquo;accident et &agrave; <strong>prot&eacute;ger les enfants &agrave; v&eacute;lo<\/strong> des blessures en cas de chute.<\/p>\t\t\t\t\t\t<\/div>\n\t\t\t\t<\/div>\n\t\t\t\t\t<\/div>\n\t\t<\/div>\n\t\t\t\t\t\t\t<\/div>\n\t\t<\/section>\n\t\t\t\t<section class=\"elementor-section elementor-top-section elementor-element elementor-element-3df80244 elementor-section-boxed elementor-section-height-default elementor-section-height-default\" data-id=\"3df80244\" data-element_type=\"section\">\n\t\t\t\t\t\t<div class=\"elementor-container elementor-column-gap-default\">\n\t\t\t\t\t<div class=\"elementor-column elementor-col-100 elementor-top-column elementor-element elementor-element-35f21f00\" data-id=\"35f21f00\" data-element_type=\"column\">\n\t\t\t<div class=\"elementor-widget-wrap elementor-element-populated\">\n\t\t\t\t\t\t\t\t<div class=\"elementor-element elementor-element-36cfd27 elementor-toc--content-ellipsis elementor-toc--minimized-on-tablet elementor-widget elementor-widget-table-of-contents\" data-id=\"36cfd27\" data-element_type=\"widget\" data-settings=\"{&quot;headings_by_tags&quot;:[&quot;h2&quot;,&quot;h3&quot;],&quot;exclude_headings_by_selector&quot;:[],&quot;min_height&quot;:{&quot;unit&quot;:&quot;px&quot;,&quot;size&quot;:0,&quot;sizes&quot;:[]},&quot;marker_view&quot;:&quot;numbers&quot;,&quot;minimize_box&quot;:&quot;yes&quot;,&quot;minimized_on&quot;:&quot;tablet&quot;,&quot;hierarchical_view&quot;:&quot;yes&quot;,&quot;min_height_tablet&quot;:{&quot;unit&quot;:&quot;px&quot;,&quot;size&quot;:&quot;&quot;,&quot;sizes&quot;:[]},&quot;min_height_mobile&quot;:{&quot;unit&quot;:&quot;px&quot;,&quot;size&quot;:&quot;&quot;,&quot;sizes&quot;:[]}}\" data-widget_type=\"table-of-contents.default\">\n\t\t\t\t<div class=\"elementor-widget-container\">\n\t\t\t\t\t<div class=\"elementor-toc__header\">\n\t\t\t<div class=\"elementor-toc__header-title\">Naviguer au sein de l'article<\/div>\t\t\t\t\t\t\t<div class=\"elementor-toc__toggle-button elementor-toc__toggle-button--expand\"><i class=\"fas fa-chevron-down\"><\/i><\/div>\n\t\t\t\t<div class=\"elementor-toc__toggle-button elementor-toc__toggle-button--collapse\"><i class=\"fas fa-chevron-up\"><\/i><\/div>\n\t\t\t\t\t<\/div>\n\t\t<div class=\"elementor-toc__body\">\n\t\t\t<div class=\"elementor-toc__spinner-container\">\n\t\t\t\t<i class=\"elementor-toc__spinner eicon-loading eicon-animation-spin\" aria-hidden=\"true\"><\/i>\n\t\t\t<\/div>\n\t\t<\/div>\n\t\t\t\t<\/div>\n\t\t\t\t<\/div>\n\t\t\t\t\t<\/div>\n\t\t<\/div>\n\t\t\t\t\t\t\t<\/div>\n\t\t<\/section>\n\t\t\t\t<section class=\"elementor-section elementor-top-section elementor-element elementor-element-bed7020 elementor-section-boxed elementor-section-height-default elementor-section-height-default\" data-id=\"bed7020\" data-element_type=\"section\">\n\t\t\t\t\t\t<div class=\"elementor-container elementor-column-gap-default\">\n\t\t\t\t\t<div class=\"elementor-column elementor-col-100 elementor-top-column elementor-element elementor-element-2a0f3f6\" data-id=\"2a0f3f6\" data-element_type=\"column\">\n\t\t\t<div class=\"elementor-widget-wrap elementor-element-populated\">\n\t\t\t\t\t\t\t\t<div class=\"elementor-element elementor-element-b4a7647 elementor-widget elementor-widget-spacer\" data-id=\"b4a7647\" data-element_type=\"widget\" data-widget_type=\"spacer.default\">\n\t\t\t\t<div class=\"elementor-widget-container\">\n\t\t\t\t\t<div class=\"elementor-spacer\">\n\t\t\t<div class=\"elementor-spacer-inner\"><\/div>\n\t\t<\/div>\n\t\t\t\t<\/div>\n\t\t\t\t<\/div>\n\t\t\t\t<div class=\"elementor-element elementor-element-c300e38 elementor-widget elementor-widget-image\" data-id=\"c300e38\" data-element_type=\"widget\" data-widget_type=\"image.default\">\n\t\t\t\t<div class=\"elementor-widget-container\">\n\t\t\t\t\t\t\t\t\t\t\t\t\t\t\t<picture class=\"attachment-medium_large size-medium_large sp-no-webp\" style=\"height:66.7%;max-width:1000px;\"><source srcset=\"https:\/\/www.drivecase.fr\/conseils-prevention\/wp-content\/uploads\/2024\/08\/equipements-velo-enfant-768x512.webp 768w,https:\/\/www.drivecase.fr\/conseils-prevention\/wp-content\/uploads\/2024\/08\/equipements-velo-enfant-300x200.webp 300w,https:\/\/www.drivecase.fr\/conseils-prevention\/wp-content\/uploads\/2024\/08\/equipements-velo-enfant.webp 1000w\" sizes=\"(max-width: 750px) 100vw, 750px\" type=\"image\/webp\"><source srcset=\"https:\/\/www.drivecase.fr\/conseils-prevention\/wp-content\/uploads\/2024\/08\/equipements-velo-enfant-768x512.jpg 768w, https:\/\/www.drivecase.fr\/conseils-prevention\/wp-content\/uploads\/2024\/08\/equipements-velo-enfant-300x200.jpg 300w, https:\/\/www.drivecase.fr\/conseils-prevention\/wp-content\/uploads\/2024\/08\/equipements-velo-enfant.jpg 1000w\" sizes=\"(max-width: 750px) 100vw, 750px\" type=\"image\/jpeg\"><img src=\"https:\/\/www.drivecase.fr\/conseils-prevention\/wp-content\/uploads\/2024\/08\/equipements-velo-enfant-768x512.jpg\" class=\"attachment-medium_large size-medium_large sp-no-webp\" loading=\"lazy\" style=\"width:100%;height:66.7%;max-width:1000px;\" alt=\"\" height=\"500\" width=\"750\" srcset=\"https:\/\/www.drivecase.fr\/conseils-prevention\/wp-content\/uploads\/2024\/08\/equipements-velo-enfant-768x512.jpg 768w, https:\/\/www.drivecase.fr\/conseils-prevention\/wp-content\/uploads\/2024\/08\/equipements-velo-enfant-300x200.jpg 300w, https:\/\/www.drivecase.fr\/conseils-prevention\/wp-content\/uploads\/2024\/08\/equipements-velo-enfant.jpg 1000w\" sizes=\"(max-width: 750px) 100vw, 750px\"><\/picture>\t\t\t\t\t\t\t\t\t\t\t\t\t\t\t<\/div>\n\t\t\t\t<\/div>\n\t\t\t\t<div class=\"elementor-element elementor-element-fa5f487 elementor-widget elementor-widget-heading\" data-id=\"fa5f487\" data-element_type=\"widget\" data-widget_type=\"heading.default\">\n\t\t\t\t<div class=\"elementor-widget-container\">\n\t\t\t<h2 class=\"elementor-heading-title elementor-size-xl\">Quels sont les \u00e9quipements \u00e0 avoir sur un v\u00e9lo pour enfant ?<\/h2>\t\t<\/div>\n\t\t\t\t<\/div>\n\t\t\t\t<div class=\"elementor-element elementor-element-d5e570c elementor-widget elementor-widget-text-editor\" data-id=\"d5e570c\" data-element_type=\"widget\" data-widget_type=\"text-editor.default\">\n\t\t\t\t<div class=\"elementor-widget-container\">\n\t\t\t\t\t\t\t\t<p>Tout comme avec les <a href=\"https:\/\/www.drivecase.fr\/conseils-prevention\/securite-velo\/les-equipements-obligatoires-pour-une-securite-optimale-a-velo\/\" target=\"_blank\" rel=\"noopener\">\u00e9quipements v\u00e9lo pour les adultes<\/a>, le v\u00e9lo d\u2019un enfant doit ou peut \u00eatre \u00e9quip\u00e9 de certains \u00e9l\u00e9ments pour accro\u00eetre sa visibilit\u00e9 et am\u00e9liorer ainsi la s\u00e9curit\u00e9 ou le confort du jeune cycliste lorsque celui-ci se d\u00e9place \u00e0 v\u00e9lo.<\/p>\t\t\t\t\t\t<\/div>\n\t\t\t\t<\/div>\n\t\t\t\t<div class=\"elementor-element elementor-element-fe8330c elementor-widget elementor-widget-heading\" data-id=\"fe8330c\" data-element_type=\"widget\" data-widget_type=\"heading.default\">\n\t\t\t\t<div class=\"elementor-widget-container\">\n\t\t\t<h3 class=\"elementor-heading-title elementor-size-default\">Quels sont les \u00e9quipements v\u00e9lo obligatoires pour enfant ? <\/h3>\t\t<\/div>\n\t\t\t\t<\/div>\n\t\t\t\t<div class=\"elementor-element elementor-element-c6e16df elementor-widget elementor-widget-text-editor\" data-id=\"c6e16df\" data-element_type=\"widget\" data-widget_type=\"text-editor.default\">\n\t\t\t\t<div class=\"elementor-widget-container\">\n\t\t\t\t\t\t\t\t<p>Pour garantir la <strong>s&eacute;curit&eacute; d&rsquo;un enfant &agrave; v&eacute;lo<\/strong>, celui-ci doit &ecirc;tre pourvu de plusieurs &eacute;l&eacute;ments obligatoires. Les <strong>&eacute;quipements obligatoires sur un v&eacute;lo enfant<\/strong> sont :&nbsp;<\/p>\n<ul>\n<li aria-level=\"1\">Deux freins, sur la roue avant et arri&egrave;re<\/li>\n<li aria-level=\"1\">Diff&eacute;rents catadioptres, un de couleur rouge &agrave; l&rsquo;arri&egrave;re et un orange ou jaune &agrave; l&rsquo;avant du v&eacute;lo enfant<\/li>\n<li aria-level=\"1\">Des dispositifs r&eacute;tro r&eacute;fl&eacute;chissants, situ&eacute;s sur les roues et les p&eacute;dales, de couleur rouge &agrave; l&rsquo;arri&egrave;re, blancs &agrave; l&rsquo;avant, et orange sur les p&eacute;dales<\/li>\n<\/ul>\n<p>Un avertisseur sonore, la sonnette est <strong>obligatoire sur un v&eacute;lo enfant<\/strong> pour lui permettre de signaler sa pr&eacute;sence aux personnes autour de lui<\/p>\t\t\t\t\t\t<\/div>\n\t\t\t\t<\/div>\n\t\t\t\t<div class=\"elementor-element elementor-element-eecd5c6 elementor-widget elementor-widget-heading\" data-id=\"eecd5c6\" data-element_type=\"widget\" data-widget_type=\"heading.default\">\n\t\t\t\t<div class=\"elementor-widget-container\">\n\t\t\t<h3 class=\"elementor-heading-title elementor-size-default\">Quels sont les \u00e9quipements v\u00e9lo recommand\u00e9s pour enfant ? <\/h3>\t\t<\/div>\n\t\t\t\t<\/div>\n\t\t\t\t<div class=\"elementor-element elementor-element-68f1cea elementor-widget elementor-widget-text-editor\" data-id=\"68f1cea\" data-element_type=\"widget\" data-widget_type=\"text-editor.default\">\n\t\t\t\t<div class=\"elementor-widget-container\">\n\t\t\t\t\t\t\t\t<p>En plus des &eacute;quipements obligatoires, quelques accessoires suppl&eacute;mentaires sont fortement recommand&eacute;s pour am&eacute;liorer la s&eacute;curit&eacute; et le confort de votre enfant &agrave; v&eacute;lo :<\/p>\n<ul>\n<li aria-level=\"1\">Les r&eacute;troviseurs pour v&eacute;lo enfant sont des dispositifs, peu chers, faciles &agrave; installer et qui peuvent se r&eacute;v&eacute;ler utiles pour permettre &agrave; un enfant de voir ce qu&rsquo;il se passe derri&egrave;re lui sans pour autant tourner sa t&ecirc;te, ce qui peut lui &eacute;viter des chutes ou autres accidents.<\/li>\n<li aria-level=\"1\">L&rsquo;antivol, si votre enfant utilise son v&eacute;lo pour aller &agrave; l&rsquo;&eacute;cole ou s&rsquo;il doit le laisser sans surveillance pendant un certain moment, il sera indispensable de l&rsquo;&eacute;quiper d&rsquo;un antivol solide pour emp&ecirc;cher tout vol du v&eacute;lo de votre enfant en son absence. Les antivols en U sont les plus efficaces car ils sont les plus difficiles &agrave; casser.&nbsp;<\/li>\n<li aria-level=\"1\">Les gardes-boue pour roues de v&eacute;lo. Ces &eacute;l&eacute;ments &agrave; poser au-dessus des roues du v&eacute;lo permettent d&rsquo;&eacute;viter les projections d&rsquo;eau et de boue et d&rsquo;ainsi limiter les salissures des v&ecirc;tements de votre enfant. La plupart des v&eacute;los sont d&eacute;j&agrave; &eacute;quip&eacute;s de gardes-boue.<\/li>\n<\/ul>\t\t\t\t\t\t<\/div>\n\t\t\t\t<\/div>\n\t\t\t\t<div class=\"elementor-element elementor-element-3fd4eb0 elementor-widget elementor-widget-heading\" data-id=\"3fd4eb0\" data-element_type=\"widget\" data-widget_type=\"heading.default\">\n\t\t\t\t<div class=\"elementor-widget-container\">\n\t\t\t<h3 class=\"elementor-heading-title elementor-size-default\">L\u2019entretien d\u2019un v\u00e9lo enfant<\/h3>\t\t<\/div>\n\t\t\t\t<\/div>\n\t\t\t\t<div class=\"elementor-element elementor-element-0982c94 elementor-widget elementor-widget-text-editor\" data-id=\"0982c94\" data-element_type=\"widget\" data-widget_type=\"text-editor.default\">\n\t\t\t\t<div class=\"elementor-widget-container\">\n\t\t\t\t\t\t\t\t<p>Les enfants ont tendance \u00e0 ne pas pr\u00eater attention \u00e0 leurs affaires et sont plus \u00e0 m\u00eame \u00e0 ab\u00eemer rapidement leur v\u00e9lo. Il est important de <a href=\"https:\/\/www.pyrenees-atlantiques.gouv.fr\/Actions-de-l-Etat\/Transports-et-deplacements\/L-equipement-obligatoire-lorsque-l-on-circule-a-velo\" target=\"_blank\" rel=\"noopener\">v\u00e9rifier r\u00e9guli\u00e8rement l\u2019\u00e9tat du v\u00e9lo de votre enfant<\/a> avant de le laisser l\u2019utiliser. Pour cela, n\u2019h\u00e9sitez pas \u00e0 v\u00e9rifier le fonctionnement des freins, de la sonnette et des \u00e9clairages. V\u00e9rifiez \u00e9galement la pression des pneus et l\u2019\u00e9tat de la cha\u00eene, qu\u2019il faut nettoyer et graisser pour emp\u00eacher sa casse ou pour que le v\u00e9lo ne d\u00e9raille pas.<\/p>\t\t\t\t\t\t<\/div>\n\t\t\t\t<\/div>\n\t\t\t\t<section class=\"elementor-section elementor-inner-section elementor-element elementor-element-4d67a97 elementor-section-height-min-height elementor-section-boxed elementor-section-height-default\" data-id=\"4d67a97\" data-element_type=\"section\" data-settings=\"{&quot;background_background&quot;:&quot;gradient&quot;}\">\n\t\t\t\t\t\t\t<div class=\"elementor-background-overlay\"><\/div>\n\t\t\t\t\t\t\t<div class=\"elementor-container elementor-column-gap-default\">\n\t\t\t\t\t<div class=\"elementor-column elementor-col-50 elementor-inner-column elementor-element elementor-element-b581ec3\" data-id=\"b581ec3\" data-element_type=\"column\">\n\t\t\t<div class=\"elementor-widget-wrap elementor-element-populated\">\n\t\t\t\t\t\t\t\t<div class=\"elementor-element elementor-element-3d46238 elementor-widget elementor-widget-heading\" data-id=\"3d46238\" data-element_type=\"widget\" data-widget_type=\"heading.default\">\n\t\t\t\t<div class=\"elementor-widget-container\">\n\t\t\t<p class=\"elementor-heading-title elementor-size-default\">Accessoires pour v\u00e9lo<\/p>\t\t<\/div>\n\t\t\t\t<\/div>\n\t\t\t\t<div class=\"elementor-element elementor-element-51ae51b elementor-widget elementor-widget-text-editor\" data-id=\"51ae51b\" data-element_type=\"widget\" data-widget_type=\"text-editor.default\">\n\t\t\t\t<div class=\"elementor-widget-container\">\n\t\t\t\t\t\t\t\t<p>D\u00e9couvrez notre large gamme d\u2019accessoires pour v\u00e9lo, incluant \u00e9clairage, casques, garde-boue, gilets de s\u00e9curit\u00e9, et plus encore. Parmi ces \u00e9quipements, vous retrouverez un large choix d&rsquo;accessoires adapt\u00e9s aux enfants pour garantir leur s\u00e9curit\u00e9 \u00e0 v\u00e9lo.<\/p>\t\t\t\t\t\t<\/div>\n\t\t\t\t<\/div>\n\t\t\t\t\t<\/div>\n\t\t<\/div>\n\t\t\t\t<div class=\"elementor-column elementor-col-50 elementor-inner-column elementor-element elementor-element-1ed0d8e\" data-id=\"1ed0d8e\" data-element_type=\"column\">\n\t\t\t<div class=\"elementor-widget-wrap elementor-element-populated\">\n\t\t\t\t\t\t\t\t<div class=\"elementor-element elementor-element-12d508b elementor-align-center elementor-widget elementor-widget-button\" data-id=\"12d508b\" data-element_type=\"widget\" data-widget_type=\"button.default\">\n\t\t\t\t<div class=\"elementor-widget-container\">\n\t\t\t\t\t<div class=\"elementor-button-wrapper\">\n\t\t\t<a href=\"https:\/\/www.drivecase.fr\/44-accessoires-velo\" target=\"_blank\" class=\"elementor-button-link elementor-button elementor-size-sm elementor-animation-grow\" role=\"button\">\n\t\t\t\t\t\t<span class=\"elementor-button-content-wrapper\">\n\t\t\t\t\t\t<span class=\"elementor-button-icon elementor-align-icon-left\">\n\t\t\t\t<i aria-hidden=\"true\" class=\"fas fa-shopping-cart\"><\/i>\t\t\t<\/span>\n\t\t\t\t\t\t<span class=\"elementor-button-text\">Accessoires pour v\u00e9lo<\/span>\n\t\t<\/span>\n\t\t\t\t\t<\/a>\n\t\t<\/div>\n\t\t\t\t<\/div>\n\t\t\t\t<\/div>\n\t\t\t\t\t<\/div>\n\t\t<\/div>\n\t\t\t\t\t\t\t<\/div>\n\t\t<\/section>\n\t\t\t\t<div class=\"elementor-element elementor-element-e1b86eb elementor-widget elementor-widget-heading\" data-id=\"e1b86eb\" data-element_type=\"widget\" data-widget_type=\"heading.default\">\n\t\t\t\t<div class=\"elementor-widget-container\">\n\t\t\t<h2 class=\"elementor-heading-title elementor-size-xl\">Quels sont les accessoires et \u00e9quipements de protection indispensables pour un enfant \u00e0 v\u00e9lo ?<\/h2>\t\t<\/div>\n\t\t\t\t<\/div>\n\t\t\t\t<div class=\"elementor-element elementor-element-48bb8b0 elementor-widget elementor-widget-text-editor\" data-id=\"48bb8b0\" data-element_type=\"widget\" data-widget_type=\"text-editor.default\">\n\t\t\t\t<div class=\"elementor-widget-container\">\n\t\t\t\t\t\t\t\t<p>Tout comme sur son v&eacute;lo, un enfant doit &ecirc;tre &eacute;quip&eacute; de certains &eacute;l&eacute;ments pour assurer sa visibilit&eacute; et sa s&eacute;curit&eacute;. Ces &eacute;quipements peuvent &ecirc;tre obligatoires en fonction de leur importance.<\/p>\t\t\t\t\t\t<\/div>\n\t\t\t\t<\/div>\n\t\t\t\t<div class=\"elementor-element elementor-element-b3cd476 elementor-widget elementor-widget-heading\" data-id=\"b3cd476\" data-element_type=\"widget\" data-widget_type=\"heading.default\">\n\t\t\t\t<div class=\"elementor-widget-container\">\n\t\t\t<h3 class=\"elementor-heading-title elementor-size-default\">Quels sont les \u00e9quipements de protection obligatoires pour un enfant \u00e0 v\u00e9lo ?<\/h3>\t\t<\/div>\n\t\t\t\t<\/div>\n\t\t\t\t<div class=\"elementor-element elementor-element-ac9d4e4 elementor-widget elementor-widget-text-editor\" data-id=\"ac9d4e4\" data-element_type=\"widget\" data-widget_type=\"text-editor.default\">\n\t\t\t\t<div class=\"elementor-widget-container\">\n\t\t\t\t\t\t\t\t<p>Depuis 2017, la loi rend le <a href=\"https:\/\/www.drivecase.fr\/conseils-prevention\/securite-velo\/quel-age-casque-velo\/\" target=\"_blank\" rel=\"noopener\">port du casque obligatoire pour les enfants<\/a> qui ont un \u00e2ge de moins de 12 ans, qu\u2019ils soient passagers ou conducteurs du v\u00e9lo. Le casque doit \u00eatre attach\u00e9 et homologu\u00e9 CE. En cas de non respect de cette r\u00e8gle, le responsable l\u00e9gal de l\u2019enfant risque une <a href=\"https:\/\/www.service-public.fr\/particuliers\/vosdroits\/F34169\" target=\"_blank\" rel=\"noopener\">amende pouvant aller jusqu\u2019\u00e0 750\u20ac<\/a>. Pour les enfants de plus de 12 ans, le port du casque est toujours vivement conseill\u00e9 pour limiter les risques de blessures graves en cas de chute. La raison est que la t\u00eate est une partie du corps particuli\u00e8rement fragile, surtout chez les enfants. De plus, les blessures dues \u00e0 un choc sur celle-ci sont la <a href=\"https:\/\/www.securite-routiere.gouv.fr\/chacun-son-mode-de-deplacement-1-1\" target=\"_blank\" rel=\"noopener\">premi\u00e8re cause de d\u00e9c\u00e8s chez les cyclistes<\/a>. La <a href=\"https:\/\/www.drivecase.fr\/conseils-prevention\/securite-velo\/duree-de-vie-casque-velo\/\" target=\"_blank\" rel=\"noopener\">dur\u00e9e de vie d&rsquo;un casque<\/a> v\u00e9lo est de 3 \u00e0 5 ans en moyenne. Veillez \u00e0 respecter cette dur\u00e9e pour que le casque puisse absorber correctement les chocs.\u00a0<\/p>\t\t\t\t\t\t<\/div>\n\t\t\t\t<\/div>\n\t\t\t\t<div class=\"elementor-element elementor-element-6f2950b elementor-widget elementor-widget-text-editor\" data-id=\"6f2950b\" data-element_type=\"widget\" data-widget_type=\"text-editor.default\">\n\t\t\t\t<div class=\"elementor-widget-container\">\n\t\t\t\t\t\t\t\t<p>Autre \u00e9quipement de s\u00e9curit\u00e9 obligatoire pour les moins de 12 ans, le port du <a href=\"https:\/\/www.drivecase.fr\/conseils-prevention\/epi-haute-visibilite\/augmenter-visibilite-enfants\/\" target=\"_blank\" rel=\"noopener\">gilet de s\u00e9curit\u00e9 pour enfant<\/a> en cas de faible luminosit\u00e9, de jour comme de nuit. Pour les enfants de plus de 12 ans, le port du gilet de s\u00e9curit\u00e9 est obligatoire seulement hors agglom\u00e9ration en cas de faible luminosit\u00e9. Celui-ci doit \u00eatre de couleur vive avec des bandes r\u00e9fl\u00e9chissantes et doit \u00eatre confortable \u00e0 porter pour l\u2019enfant. Pour cela, optez pour un gilet adapt\u00e9 \u00e0 sa taille, qui lui permettra de ne pas \u00eatre g\u00ean\u00e9 lorsqu\u2019il conduira son v\u00e9lo. Tout comme le port du casque, le fait de ne pas porter un gilet dans les conditions lors desquelles il est requis entra\u00eenera une amende.<\/p>\t\t\t\t\t\t<\/div>\n\t\t\t\t<\/div>\n\t\t\t\t<div class=\"elementor-element elementor-element-085ac03 elementor-widget elementor-widget-heading\" data-id=\"085ac03\" data-element_type=\"widget\" data-widget_type=\"heading.default\">\n\t\t\t\t<div class=\"elementor-widget-container\">\n\t\t\t<h3 class=\"elementor-heading-title elementor-size-default\">Quels sont les \u00e9quipements et accessoires de protection recommand\u00e9s pour un enfant \u00e0 v\u00e9lo ? <\/h3>\t\t<\/div>\n\t\t\t\t<\/div>\n\t\t\t\t<div class=\"elementor-element elementor-element-c955489 elementor-widget elementor-widget-text-editor\" data-id=\"c955489\" data-element_type=\"widget\" data-widget_type=\"text-editor.default\">\n\t\t\t\t<div class=\"elementor-widget-container\">\n\t\t\t\t\t\t\t\t<p>Pour une protection optimale, certains &eacute;quipements suppl&eacute;mentaires sont conseill&eacute;s :<\/p>\n<ul>\n<li aria-level=\"1\">Les genouill&egrave;res ou coudi&egrave;res : particuli&egrave;rement utiles pour les jeunes enfants qui d&eacute;butent &agrave; v&eacute;lo et qui sont encore tr&egrave;s sensibles aux chocs. Ces protections suppl&eacute;mentaires permettront d&rsquo;absorber les chocs et d&rsquo;&eacute;viter les &eacute;corchures et &eacute;gratignures aux coudes et aux genoux.<\/li>\n<li aria-level=\"1\">Les gants v&eacute;lo pour enfants : en plus de prot&eacute;ger des &eacute;raflures et de prot&eacute;ger du vent glacial en hiver, ceux-ci permettent une meilleure prise en main du guidon et de pouvoir le tenir plus facilement sans se fatiguer les mains.<\/li>\n<\/ul>\t\t\t\t\t\t<\/div>\n\t\t\t\t<\/div>\n\t\t\t\t<div class=\"elementor-element elementor-element-390a4d8 elementor-widget elementor-widget-heading\" data-id=\"390a4d8\" data-element_type=\"widget\" data-widget_type=\"heading.default\">\n\t\t\t\t<div class=\"elementor-widget-container\">\n\t\t\t<h3 class=\"elementor-heading-title elementor-size-default\">Quels v\u00eatements choisir pour un enfant \u00e0 v\u00e9lo ?<\/h3>\t\t<\/div>\n\t\t\t\t<\/div>\n\t\t\t\t<div class=\"elementor-element elementor-element-3b8d8b1 elementor-widget elementor-widget-text-editor\" data-id=\"3b8d8b1\" data-element_type=\"widget\" data-widget_type=\"text-editor.default\">\n\t\t\t\t<div class=\"elementor-widget-container\">\n\t\t\t\t\t\t\t\t<p>Afin de limiter les chutes ou un inconfort, il est important de v&ecirc;tir son enfant avec des v&ecirc;tements et des chaussures adapt&eacute;s et appropri&eacute;s &agrave; la pratique du v&eacute;lo. Les pantalons trop larges sont &agrave; &eacute;viter en raison de leur risque &agrave; se coincer dans les roues, de m&ecirc;me pour les lacets de chaussures. Optez ainsi pour des pantalons resserr&eacute;s par un &eacute;lastique au niveau de la cheville. Pour les chaussures, privil&eacute;giez des chaussures &agrave; scratch ou des lacets ferm&eacute;s &agrave; deux reprises pour plus de s&eacute;curit&eacute;.<\/p>\t\t\t\t\t\t<\/div>\n\t\t\t\t<\/div>\n\t\t\t\t<div class=\"elementor-element elementor-element-4d044cd elementor-widget elementor-widget-text-editor\" data-id=\"4d044cd\" data-element_type=\"widget\" data-widget_type=\"text-editor.default\">\n\t\t\t\t<div class=\"elementor-widget-container\">\n\t\t\t\t\t\t\t\t<p>En raison de leur petite taille, les enfants peuvent &ecirc;tre moins visibles par les automobilistes ou les autres usagers de la route, ce qui peut les mettre en danger. Pour pallier &agrave; cela, vous pouvez habiller vos enfants avec des v&ecirc;tements de couleur vive de fa&ccedil;on &agrave; augmenter leur visibilit&eacute;. <\/p>\t\t\t\t\t\t<\/div>\n\t\t\t\t<\/div>\n\t\t\t\t<div class=\"elementor-element elementor-element-0148da3 elementor-widget elementor-widget-text-editor\" data-id=\"0148da3\" data-element_type=\"widget\" data-widget_type=\"text-editor.default\">\n\t\t\t\t<div class=\"elementor-widget-container\">\n\t\t\t\t\t\t\t\t<p>\u00c9quiper correctement son enfant \u00e0 v\u00e9lo est un excellent moyen de lui garantir une plus grande protection et de limiter le risque de chutes et d\u2019accidents qui pourraient \u00eatre dangereux. En plus de tout cela, il est n\u00e9cessaire d\u2019inculquer aux enfants les <a href=\"https:\/\/www.drivecase.fr\/conseils-prevention\/securite-velo\/comment-apprendre-a-un-enfant-a-faire-du-velo\/\" target=\"_blank\" rel=\"noopener\">r\u00e8gles de base pour apprendre \u00e0 rouler \u00e0 v\u00e9lo<\/a> et \u00e0 circuler en toute s\u00e9curit\u00e9. De nos jours, de plus en plus d\u2019<a href=\"https:\/\/generationvelo.fr\/programme\/srav\" target=\"_blank\" rel=\"noopener\">initiatives gouvernementales pour favoriser l\u2019apprentissage du v\u00e9lo aux enfants<\/a> existent. Ces programmes visent \u00e0 initier les enfants au v\u00e9lo d\u00e8s leur plus jeune \u00e2ge et \u00e0 leur enseigner les bases de la circulation \u00e0 v\u00e9lo en les faisant s&rsquo;entra\u00eener sur un <a href=\"https:\/\/www.drivecase.fr\/105-circuits-ludiques-pedagogiques\" target=\"_blank\" rel=\"noopener\">circuit p\u00e9dagogique<\/a> appel\u00e9 le <a href=\"https:\/\/www.drivecase.fr\/337-kit-savoir-rouler-a-velo\" target=\"_blank\" rel=\"noopener\">parcours savoir rouler \u00e0 v\u00e9lo<\/a> (SRAV).<\/p>\t\t\t\t\t\t<\/div>\n\t\t\t\t<\/div>\n\t\t\t\t<div class=\"elementor-element elementor-element-30738f4 elementor-widget elementor-widget-image\" data-id=\"30738f4\" data-element_type=\"widget\" data-widget_type=\"image.default\">\n\t\t\t\t<div class=\"elementor-widget-container\">\n\t\t\t\t\t\t\t\t\t\t\t\t\t\t\t<picture class=\"attachment-medium_large size-medium_large sp-no-webp\" style=\"height:66.73%;max-width:1500px;\"><source srcset=\"https:\/\/www.drivecase.fr\/conseils-prevention\/wp-content\/uploads\/2024\/08\/habiller-enfant-velo-768x513.webp 768w,https:\/\/www.drivecase.fr\/conseils-prevention\/wp-content\/uploads\/2024\/08\/habiller-enfant-velo-300x200.webp 300w,https:\/\/www.drivecase.fr\/conseils-prevention\/wp-content\/uploads\/2024\/08\/habiller-enfant-velo-1024x683.webp 1024w,https:\/\/www.drivecase.fr\/conseils-prevention\/wp-content\/uploads\/2024\/08\/habiller-enfant-velo.webp 1500w\" sizes=\"(max-width: 750px) 100vw, 750px\" type=\"image\/webp\"><source srcset=\"https:\/\/www.drivecase.fr\/conseils-prevention\/wp-content\/uploads\/2024\/08\/habiller-enfant-velo-768x513.jpg 768w, https:\/\/www.drivecase.fr\/conseils-prevention\/wp-content\/uploads\/2024\/08\/habiller-enfant-velo-300x200.jpg 300w, https:\/\/www.drivecase.fr\/conseils-prevention\/wp-content\/uploads\/2024\/08\/habiller-enfant-velo-1024x683.jpg 1024w, https:\/\/www.drivecase.fr\/conseils-prevention\/wp-content\/uploads\/2024\/08\/habiller-enfant-velo.jpg 1500w\" sizes=\"(max-width: 750px) 100vw, 750px\" type=\"image\/jpeg\"><img src=\"https:\/\/www.drivecase.fr\/conseils-prevention\/wp-content\/uploads\/2024\/08\/habiller-enfant-velo-768x513.jpg\" class=\"attachment-medium_large size-medium_large sp-no-webp\" loading=\"lazy\" style=\"width:100%;height:66.73%;max-width:1500px;\" alt=\"choisir vetements enfant a velo\" height=\"501\" width=\"750\" srcset=\"https:\/\/www.drivecase.fr\/conseils-prevention\/wp-content\/uploads\/2024\/08\/habiller-enfant-velo-768x513.jpg 768w, https:\/\/www.drivecase.fr\/conseils-prevention\/wp-content\/uploads\/2024\/08\/habiller-enfant-velo-300x200.jpg 300w, https:\/\/www.drivecase.fr\/conseils-prevention\/wp-content\/uploads\/2024\/08\/habiller-enfant-velo-1024x683.jpg 1024w, https:\/\/www.drivecase.fr\/conseils-prevention\/wp-content\/uploads\/2024\/08\/habiller-enfant-velo.jpg 1500w\" sizes=\"(max-width: 750px) 100vw, 750px\"><\/picture>\t\t\t\t\t\t\t\t\t\t\t\t\t\t\t<\/div>\n\t\t\t\t<\/div>\n\t\t\t\t<section class=\"elementor-section elementor-inner-section elementor-element elementor-element-6409b53 elementor-section-height-min-height elementor-section-boxed elementor-section-height-default\" data-id=\"6409b53\" data-element_type=\"section\" data-settings=\"{&quot;background_background&quot;:&quot;gradient&quot;}\">\n\t\t\t\t\t\t\t<div class=\"elementor-background-overlay\"><\/div>\n\t\t\t\t\t\t\t<div class=\"elementor-container elementor-column-gap-default\">\n\t\t\t\t\t<div class=\"elementor-column elementor-col-50 elementor-inner-column elementor-element elementor-element-3475629\" data-id=\"3475629\" data-element_type=\"column\">\n\t\t\t<div class=\"elementor-widget-wrap elementor-element-populated\">\n\t\t\t\t\t\t\t\t<div class=\"elementor-element elementor-element-bde2cbd elementor-widget elementor-widget-heading\" data-id=\"bde2cbd\" data-element_type=\"widget\" data-widget_type=\"heading.default\">\n\t\t\t\t<div class=\"elementor-widget-container\">\n\t\t\t<p class=\"elementor-heading-title elementor-size-default\">Gilet r\u00e9fl\u00e9chissant pour enfant<\/p>\t\t<\/div>\n\t\t\t\t<\/div>\n\t\t\t\t<div class=\"elementor-element elementor-element-3a30256 elementor-widget elementor-widget-text-editor\" data-id=\"3a30256\" data-element_type=\"widget\" data-widget_type=\"text-editor.default\">\n\t\t\t\t<div class=\"elementor-widget-container\">\n\t\t\t\t\t\t\t\t<p>Ce gilet de s\u00e9curit\u00e9 jaune offre une solution de signalisation \u00e0 la fois efficace et \u00e9conomique. Con\u00e7u pour les enfants, il assure une visibilit\u00e9 optimale aupr\u00e8s des conducteurs, m\u00eame par faible luminosit\u00e9. Simple et robuste, il convient parfaitement aux \u00e9coles, centres a\u00e9r\u00e9s et clubs sportifs.<\/p>\t\t\t\t\t\t<\/div>\n\t\t\t\t<\/div>\n\t\t\t\t\t<\/div>\n\t\t<\/div>\n\t\t\t\t<div class=\"elementor-column elementor-col-50 elementor-inner-column elementor-element elementor-element-4a2c039\" data-id=\"4a2c039\" data-element_type=\"column\">\n\t\t\t<div class=\"elementor-widget-wrap elementor-element-populated\">\n\t\t\t\t\t\t\t\t<div class=\"elementor-element elementor-element-3f0f809 elementor-align-center elementor-widget elementor-widget-button\" data-id=\"3f0f809\" data-element_type=\"widget\" data-widget_type=\"button.default\">\n\t\t\t\t<div class=\"elementor-widget-container\">\n\t\t\t\t\t<div class=\"elementor-button-wrapper\">\n\t\t\t<a href=\"https:\/\/www.drivecase.fr\/gilets-de-securite-pour-enfant\/126938-gilet-reflechissant-enfant-le-meilleur-prix.html\" target=\"_blank\" class=\"elementor-button-link elementor-button elementor-size-sm elementor-animation-grow\" role=\"button\">\n\t\t\t\t\t\t<span class=\"elementor-button-content-wrapper\">\n\t\t\t\t\t\t<span class=\"elementor-button-icon elementor-align-icon-left\">\n\t\t\t\t<i aria-hidden=\"true\" class=\"fas fa-shopping-cart\"><\/i>\t\t\t<\/span>\n\t\t\t\t\t\t<span class=\"elementor-button-text\">Gilet r\u00e9fl\u00e9chissant enfant<\/span>\n\t\t<\/span>\n\t\t\t\t\t<\/a>\n\t\t<\/div>\n\t\t\t\t<\/div>\n\t\t\t\t<\/div>\n\t\t\t\t\t<\/div>\n\t\t<\/div>\n\t\t\t\t\t\t\t<\/div>\n\t\t<\/section>\n\t\t\t\t\t<\/div>\n\t\t<\/div>\n\t\t\t\t\t\t\t<\/div>\n\t\t<\/section>\n\t\t\t\t\t\t<\/div>\n\t\t\t\t\t<\/div>\n\t\t","protected":false},"excerpt":{"rendered":"<p>Que ce soit lors de balades ou lors d&rsquo;un trajet &agrave; l&rsquo;&eacute;cole, bien &eacute;quiper son enfant lorsqu&rsquo;il se d&eacute;place &agrave; v&eacute;lo est indispensable pour assurer sa s&eacute;curit&eacute;. Pour ce faire, plusieurs &eacute;quipements et accessoires sont obligatoires ou judicieux &agrave; poss&eacute;der, tant sur le v&eacute;lo que sur l&rsquo;enfant. Ces &eacute;quipements visent &agrave; limiter les risques d&rsquo;accident&hellip; <a class=\"more-link\" href=\"https:\/\/www.drivecase.fr\/conseils-prevention\/securite-velo\/equipements-enfants-velo\/\">Poursuivre la lecture <span class=\"screen-reader-text\">Quels sont les \u00e9quipements n\u00e9cessaires pour un enfant \u00e0 v\u00e9lo ?<\/span><\/a><\/p>\n","protected":false},"author":27,"featured_media":14083,"comment_status":"closed","ping_status":"closed","sticky":false,"template":"","format":"standard","meta":[],"categories":[23],"tags":[21,19],"yoast_head":"<!-- This site is optimized with the Yoast SEO Premium plugin v17.4 (Yoast SEO v17.4) - https:\/\/yoast.com\/wordpress\/plugins\/seo\/ -->\n<title>Quels sont les \u00e9quipements n\u00e9cessaires pour un enfant \u00e0 v\u00e9lo ?<\/title>\n<meta name=\"description\" content=\"Bien \u00e9quiper un enfant \u00e0 v\u00e9lo est crucial pour sa s\u00e9curit\u00e9. Les \u00e9quipements v\u00e9lo pr\u00e9viennent des accidents et prot\u00e8gent l&#039;enfant en cas de chute.\" \/>\n<meta name=\"robots\" content=\"index, follow, max-snippet:-1, max-image-preview:large, max-video-preview:-1\" \/>\n<link rel=\"canonical\" href=\"https:\/\/www.drivecase.fr\/conseils-prevention\/securite-velo\/equipements-enfants-velo\/\" \/>\n<meta property=\"og:locale\" content=\"fr_FR\" \/>\n<meta property=\"og:type\" content=\"article\" \/>\n<meta property=\"og:title\" content=\"Quels sont les \u00e9quipements n\u00e9cessaires pour un enfant \u00e0 v\u00e9lo ?\" \/>\n<meta property=\"og:description\" content=\"Que ce soit lors de balades ou lors d&rsquo;un trajet &agrave; l&rsquo;&eacute;cole, bien &eacute;quiper son enfant lorsqu&rsquo;il se\" \/>\n<meta property=\"og:url\" content=\"https:\/\/www.drivecase.fr\/conseils-prevention\/securite-velo\/equipements-enfants-velo\/\" \/>\n<meta property=\"og:site_name\" content=\"S\u00e9curit\u00e9 routi\u00e8re, EPI &amp; pr\u00e9vention sanitaire | Conseils pr\u00e9vention Drivecase\" \/>\n<meta property=\"article:publisher\" content=\"https:\/\/fr-fr.facebook.com\/drivecasefr\" \/>\n<meta property=\"article:published_time\" content=\"2024-08-05T07:48:56+00:00\" \/>\n<meta property=\"article:modified_time\" content=\"2026-02-24T15:55:58+00:00\" \/>\n<meta property=\"og:image\" content=\"https:\/\/www.drivecase.fr\/conseils-prevention\/wp-content\/uploads\/2024\/08\/habiller-enfant-velo.jpg\" \/>\n\t<meta property=\"og:image:width\" content=\"1500\" \/>\n\t<meta property=\"og:image:height\" content=\"1001\" \/>\n<meta name=\"twitter:card\" content=\"summary_large_image\" \/>\n<meta name=\"twitter:creator\" content=\"@Drivecase\" \/>\n<meta name=\"twitter:site\" content=\"@Drivecase\" \/>\n<meta name=\"twitter:label1\" content=\"\u00c9crit par\" \/>\n\t<meta name=\"twitter:data1\" content=\"Lohan Spiteri\" \/>\n\t<meta name=\"twitter:label2\" content=\"Dur\u00e9e de lecture est.\" \/>\n\t<meta name=\"twitter:data2\" content=\"7 minutes\" \/>\n<script type=\"application\/ld+json\" class=\"yoast-schema-graph\">{\"@context\":\"https:\/\/schema.org\",\"@graph\":[{\"@type\":\"Organization\",\"@id\":\"https:\/\/www.drivecase.fr\/conseils-prevention\/#organization\",\"name\":\"Drivecase\",\"url\":\"https:\/\/www.drivecase.fr\/conseils-prevention\/\",\"sameAs\":[\"https:\/\/fr-fr.facebook.com\/drivecasefr\",\"https:\/\/fr.linkedin.com\/company\/drivecase\",\"https:\/\/www.youtube.com\/channel\/UCQ7ivAl-3feklwC1IX7HO8A\",\"https:\/\/www.pinterest.fr\/drivecase3695\/\",\"https:\/\/twitter.com\/Drivecase\"],\"logo\":{\"@type\":\"ImageObject\",\"@id\":\"https:\/\/www.drivecase.fr\/conseils-prevention\/#logo\",\"inLanguage\":\"fr-FR\",\"url\":\"https:\/\/www.drivecase.fr\/conseils-prevention\/wp-content\/uploads\/2021\/02\/logo_conseils-prevention_bleu_vert-01.png\",\"contentUrl\":\"https:\/\/www.drivecase.fr\/conseils-prevention\/wp-content\/uploads\/2021\/02\/logo_conseils-prevention_bleu_vert-01.png\",\"width\":2221,\"height\":667,\"caption\":\"Drivecase\"},\"image\":{\"@id\":\"https:\/\/www.drivecase.fr\/conseils-prevention\/#logo\"}},{\"@type\":\"WebSite\",\"@id\":\"https:\/\/www.drivecase.fr\/conseils-prevention\/#website\",\"url\":\"https:\/\/www.drivecase.fr\/conseils-prevention\/\",\"name\":\"S\\u00e9curit\\u00e9 routi\\u00e8re, EPI &amp; pr\\u00e9vention sanitaire | Conseils pr\\u00e9vention Drivecase\",\"description\":\"Le blog conseils pr\\u00e9vention d\\u00e9di\\u00e9 \\u00e0 la s\\u00e9curit\\u00e9 routi\\u00e8re, aux EPI, premiers secours &amp; pr\\u00e9vention sanitaire de Drivecase. Toute l&#039;actualit\\u00e9 sur la r\\u00e9glementation &amp; les bons gestes !\",\"publisher\":{\"@id\":\"https:\/\/www.drivecase.fr\/conseils-prevention\/#organization\"},\"potentialAction\":[{\"@type\":\"SearchAction\",\"target\":{\"@type\":\"EntryPoint\",\"urlTemplate\":\"https:\/\/www.drivecase.fr\/conseils-prevention\/?s={search_term_string}\"},\"query-input\":\"required name=search_term_string\"}],\"inLanguage\":\"fr-FR\"},{\"@type\":\"ImageObject\",\"@id\":\"https:\/\/www.drivecase.fr\/conseils-prevention\/securite-velo\/equipements-enfants-velo\/#primaryimage\",\"inLanguage\":\"fr-FR\",\"url\":\"https:\/\/www.drivecase.fr\/conseils-prevention\/wp-content\/uploads\/2024\/08\/habiller-enfant-velo.jpg\",\"contentUrl\":\"https:\/\/www.drivecase.fr\/conseils-prevention\/wp-content\/uploads\/2024\/08\/habiller-enfant-velo.jpg\",\"width\":1500,\"height\":1001,\"caption\":\"choisir vetements enfant a velo\"},{\"@type\":\"WebPage\",\"@id\":\"https:\/\/www.drivecase.fr\/conseils-prevention\/securite-velo\/equipements-enfants-velo\/#webpage\",\"url\":\"https:\/\/www.drivecase.fr\/conseils-prevention\/securite-velo\/equipements-enfants-velo\/\",\"name\":\"Quels sont les \\u00e9quipements n\\u00e9cessaires pour un enfant \\u00e0 v\\u00e9lo ?\",\"isPartOf\":{\"@id\":\"https:\/\/www.drivecase.fr\/conseils-prevention\/#website\"},\"primaryImageOfPage\":{\"@id\":\"https:\/\/www.drivecase.fr\/conseils-prevention\/securite-velo\/equipements-enfants-velo\/#primaryimage\"},\"datePublished\":\"2024-08-05T07:48:56+00:00\",\"dateModified\":\"2026-02-24T15:55:58+00:00\",\"description\":\"Bien \\u00e9quiper un enfant \\u00e0 v\\u00e9lo est crucial pour sa s\\u00e9curit\\u00e9. Les \\u00e9quipements v\\u00e9lo pr\\u00e9viennent des accidents et prot\\u00e8gent l'enfant en cas de chute.\",\"breadcrumb\":{\"@id\":\"https:\/\/www.drivecase.fr\/conseils-prevention\/securite-velo\/equipements-enfants-velo\/#breadcrumb\"},\"inLanguage\":\"fr-FR\",\"potentialAction\":[{\"@type\":\"ReadAction\",\"target\":[\"https:\/\/www.drivecase.fr\/conseils-prevention\/securite-velo\/equipements-enfants-velo\/\"]}]},{\"@type\":\"BreadcrumbList\",\"@id\":\"https:\/\/www.drivecase.fr\/conseils-prevention\/securite-velo\/equipements-enfants-velo\/#breadcrumb\",\"itemListElement\":[{\"@type\":\"ListItem\",\"position\":1,\"name\":\"Conseils pr\\u00e9vention\",\"item\":\"https:\/\/www.drivecase.fr\/conseils-prevention\/\"},{\"@type\":\"ListItem\",\"position\":2,\"name\":\"S\\u00e9curit\\u00e9 \\u00e0 v\\u00e9lo\",\"item\":\"https:\/\/www.drivecase.fr\/conseils-prevention\/securite-velo\/\"},{\"@type\":\"ListItem\",\"position\":3,\"name\":\"Quels sont les \\u00e9quipements n\\u00e9cessaires pour un enfant \\u00e0 v\\u00e9lo ?\"}]},{\"@type\":\"Article\",\"@id\":\"https:\/\/www.drivecase.fr\/conseils-prevention\/securite-velo\/equipements-enfants-velo\/#article\",\"isPartOf\":{\"@id\":\"https:\/\/www.drivecase.fr\/conseils-prevention\/securite-velo\/equipements-enfants-velo\/#webpage\"},\"author\":{\"@id\":\"https:\/\/www.drivecase.fr\/conseils-prevention\/#\/schema\/person\/aa200483e1dfe452a20ca5faa190171f\"},\"headline\":\"Quels sont les \\u00e9quipements n\\u00e9cessaires pour un enfant \\u00e0 v\\u00e9lo ?\",\"datePublished\":\"2024-08-05T07:48:56+00:00\",\"dateModified\":\"2026-02-24T15:55:58+00:00\",\"mainEntityOfPage\":{\"@id\":\"https:\/\/www.drivecase.fr\/conseils-prevention\/securite-velo\/equipements-enfants-velo\/#webpage\"},\"wordCount\":1576,\"publisher\":{\"@id\":\"https:\/\/www.drivecase.fr\/conseils-prevention\/#organization\"},\"image\":{\"@id\":\"https:\/\/www.drivecase.fr\/conseils-prevention\/securite-velo\/equipements-enfants-velo\/#primaryimage\"},\"thumbnailUrl\":\"https:\/\/www.drivecase.fr\/conseils-prevention\/wp-content\/uploads\/2024\/08\/habiller-enfant-velo.jpg\",\"keywords\":[\"Quel produit choisir ?\",\"R\\u00e8glementations\"],\"articleSection\":[\"S\\u00e9curit\\u00e9 \\u00e0 v\\u00e9lo\"],\"inLanguage\":\"fr-FR\"},{\"@type\":\"Person\",\"@id\":\"https:\/\/www.drivecase.fr\/conseils-prevention\/#\/schema\/person\/aa200483e1dfe452a20ca5faa190171f\",\"name\":\"Lohan Spiteri\",\"image\":{\"@type\":\"ImageObject\",\"@id\":\"https:\/\/www.drivecase.fr\/conseils-prevention\/#personlogo\",\"inLanguage\":\"fr-FR\",\"url\":\"https:\/\/secure.gravatar.com\/avatar\/12fd36362b9a07a5829e42c9f15d9ce5?s=96&d=mm&r=g\",\"contentUrl\":\"https:\/\/secure.gravatar.com\/avatar\/12fd36362b9a07a5829e42c9f15d9ce5?s=96&d=mm&r=g\",\"caption\":\"Lohan Spiteri\"},\"description\":\"Charg\\u00e9 de client\\u00e8le chez Drivecase, je vous informe sur les sujets relatifs \\u00e0 la pr\\u00e9vention de l'alcool et des drogues, ainsi que sur la s\\u00e9curit\\u00e9 des cyclistes.\",\"url\":\"https:\/\/www.drivecase.fr\/conseils-prevention\/author\/lohan\/\"}]}<\/script>\n<!-- \/ Yoast SEO Premium plugin. -->","yoast_head_json":{"title":"Quels sont les \u00e9quipements n\u00e9cessaires pour un enfant \u00e0 v\u00e9lo ?","description":"Bien \u00e9quiper un enfant \u00e0 v\u00e9lo est crucial pour sa s\u00e9curit\u00e9. Les \u00e9quipements v\u00e9lo pr\u00e9viennent des accidents et prot\u00e8gent l'enfant en cas de chute.","robots":{"index":"index","follow":"follow","max-snippet":"max-snippet:-1","max-image-preview":"max-image-preview:large","max-video-preview":"max-video-preview:-1"},"canonical":"https:\/\/www.drivecase.fr\/conseils-prevention\/securite-velo\/equipements-enfants-velo\/","og_locale":"fr_FR","og_type":"article","og_title":"Quels sont les \u00e9quipements n\u00e9cessaires pour un enfant \u00e0 v\u00e9lo ?","og_description":"Que ce soit lors de balades ou lors d&rsquo;un trajet &agrave; l&rsquo;&eacute;cole, bien &eacute;quiper son enfant lorsqu&rsquo;il se","og_url":"https:\/\/www.drivecase.fr\/conseils-prevention\/securite-velo\/equipements-enfants-velo\/","og_site_name":"S\u00e9curit\u00e9 routi\u00e8re, EPI &amp; pr\u00e9vention sanitaire | Conseils pr\u00e9vention Drivecase","article_publisher":"https:\/\/fr-fr.facebook.com\/drivecasefr","article_published_time":"2024-08-05T07:48:56+00:00","article_modified_time":"2026-02-24T15:55:58+00:00","og_image":[{"width":1500,"height":1001,"url":"https:\/\/www.drivecase.fr\/conseils-prevention\/wp-content\/uploads\/2024\/08\/habiller-enfant-velo.jpg","type":"image\/jpeg"}],"twitter_card":"summary_large_image","twitter_creator":"@Drivecase","twitter_site":"@Drivecase","twitter_misc":{"\u00c9crit par":"Lohan Spiteri","Dur\u00e9e de lecture est.":"7 minutes"},"schema":{"@context":"https:\/\/schema.org","@graph":[{"@type":"Organization","@id":"https:\/\/www.drivecase.fr\/conseils-prevention\/#organization","name":"Drivecase","url":"https:\/\/www.drivecase.fr\/conseils-prevention\/","sameAs":["https:\/\/fr-fr.facebook.com\/drivecasefr","https:\/\/fr.linkedin.com\/company\/drivecase","https:\/\/www.youtube.com\/channel\/UCQ7ivAl-3feklwC1IX7HO8A","https:\/\/www.pinterest.fr\/drivecase3695\/","https:\/\/twitter.com\/Drivecase"],"logo":{"@type":"ImageObject","@id":"https:\/\/www.drivecase.fr\/conseils-prevention\/#logo","inLanguage":"fr-FR","url":"https:\/\/www.drivecase.fr\/conseils-prevention\/wp-content\/uploads\/2021\/02\/logo_conseils-prevention_bleu_vert-01.png","contentUrl":"https:\/\/www.drivecase.fr\/conseils-prevention\/wp-content\/uploads\/2021\/02\/logo_conseils-prevention_bleu_vert-01.png","width":2221,"height":667,"caption":"Drivecase"},"image":{"@id":"https:\/\/www.drivecase.fr\/conseils-prevention\/#logo"}},{"@type":"WebSite","@id":"https:\/\/www.drivecase.fr\/conseils-prevention\/#website","url":"https:\/\/www.drivecase.fr\/conseils-prevention\/","name":"S\u00e9curit\u00e9 routi\u00e8re, EPI &amp; pr\u00e9vention sanitaire | Conseils pr\u00e9vention Drivecase","description":"Le blog conseils pr\u00e9vention d\u00e9di\u00e9 \u00e0 la s\u00e9curit\u00e9 routi\u00e8re, aux EPI, premiers secours &amp; pr\u00e9vention sanitaire de Drivecase. Toute l&#039;actualit\u00e9 sur la r\u00e9glementation &amp; les bons gestes !","publisher":{"@id":"https:\/\/www.drivecase.fr\/conseils-prevention\/#organization"},"potentialAction":[{"@type":"SearchAction","target":{"@type":"EntryPoint","urlTemplate":"https:\/\/www.drivecase.fr\/conseils-prevention\/?s={search_term_string}"},"query-input":"required name=search_term_string"}],"inLanguage":"fr-FR"},{"@type":"ImageObject","@id":"https:\/\/www.drivecase.fr\/conseils-prevention\/securite-velo\/equipements-enfants-velo\/#primaryimage","inLanguage":"fr-FR","url":"https:\/\/www.drivecase.fr\/conseils-prevention\/wp-content\/uploads\/2024\/08\/habiller-enfant-velo.jpg","contentUrl":"https:\/\/www.drivecase.fr\/conseils-prevention\/wp-content\/uploads\/2024\/08\/habiller-enfant-velo.jpg","width":1500,"height":1001,"caption":"choisir vetements enfant a velo"},{"@type":"WebPage","@id":"https:\/\/www.drivecase.fr\/conseils-prevention\/securite-velo\/equipements-enfants-velo\/#webpage","url":"https:\/\/www.drivecase.fr\/conseils-prevention\/securite-velo\/equipements-enfants-velo\/","name":"Quels sont les \u00e9quipements n\u00e9cessaires pour un enfant \u00e0 v\u00e9lo ?","isPartOf":{"@id":"https:\/\/www.drivecase.fr\/conseils-prevention\/#website"},"primaryImageOfPage":{"@id":"https:\/\/www.drivecase.fr\/conseils-prevention\/securite-velo\/equipements-enfants-velo\/#primaryimage"},"datePublished":"2024-08-05T07:48:56+00:00","dateModified":"2026-02-24T15:55:58+00:00","description":"Bien \u00e9quiper un enfant \u00e0 v\u00e9lo est crucial pour sa s\u00e9curit\u00e9. Les \u00e9quipements v\u00e9lo pr\u00e9viennent des accidents et prot\u00e8gent l'enfant en cas de chute.","breadcrumb":{"@id":"https:\/\/www.drivecase.fr\/conseils-prevention\/securite-velo\/equipements-enfants-velo\/#breadcrumb"},"inLanguage":"fr-FR","potentialAction":[{"@type":"ReadAction","target":["https:\/\/www.drivecase.fr\/conseils-prevention\/securite-velo\/equipements-enfants-velo\/"]}]},{"@type":"BreadcrumbList","@id":"https:\/\/www.drivecase.fr\/conseils-prevention\/securite-velo\/equipements-enfants-velo\/#breadcrumb","itemListElement":[{"@type":"ListItem","position":1,"name":"Conseils pr\u00e9vention","item":"https:\/\/www.drivecase.fr\/conseils-prevention\/"},{"@type":"ListItem","position":2,"name":"S\u00e9curit\u00e9 \u00e0 v\u00e9lo","item":"https:\/\/www.drivecase.fr\/conseils-prevention\/securite-velo\/"},{"@type":"ListItem","position":3,"name":"Quels sont les \u00e9quipements n\u00e9cessaires pour un enfant \u00e0 v\u00e9lo ?"}]},{"@type":"Article","@id":"https:\/\/www.drivecase.fr\/conseils-prevention\/securite-velo\/equipements-enfants-velo\/#article","isPartOf":{"@id":"https:\/\/www.drivecase.fr\/conseils-prevention\/securite-velo\/equipements-enfants-velo\/#webpage"},"author":{"@id":"https:\/\/www.drivecase.fr\/conseils-prevention\/#\/schema\/person\/aa200483e1dfe452a20ca5faa190171f"},"headline":"Quels sont les \u00e9quipements n\u00e9cessaires pour un enfant \u00e0 v\u00e9lo ?","datePublished":"2024-08-05T07:48:56+00:00","dateModified":"2026-02-24T15:55:58+00:00","mainEntityOfPage":{"@id":"https:\/\/www.drivecase.fr\/conseils-prevention\/securite-velo\/equipements-enfants-velo\/#webpage"},"wordCount":1576,"publisher":{"@id":"https:\/\/www.drivecase.fr\/conseils-prevention\/#organization"},"image":{"@id":"https:\/\/www.drivecase.fr\/conseils-prevention\/securite-velo\/equipements-enfants-velo\/#primaryimage"},"thumbnailUrl":"https:\/\/www.drivecase.fr\/conseils-prevention\/wp-content\/uploads\/2024\/08\/habiller-enfant-velo.jpg","keywords":["Quel produit choisir ?","R\u00e8glementations"],"articleSection":["S\u00e9curit\u00e9 \u00e0 v\u00e9lo"],"inLanguage":"fr-FR"},{"@type":"Person","@id":"https:\/\/www.drivecase.fr\/conseils-prevention\/#\/schema\/person\/aa200483e1dfe452a20ca5faa190171f","name":"Lohan Spiteri","image":{"@type":"ImageObject","@id":"https:\/\/www.drivecase.fr\/conseils-prevention\/#personlogo","inLanguage":"fr-FR","url":"https:\/\/secure.gravatar.com\/avatar\/12fd36362b9a07a5829e42c9f15d9ce5?s=96&d=mm&r=g","contentUrl":"https:\/\/secure.gravatar.com\/avatar\/12fd36362b9a07a5829e42c9f15d9ce5?s=96&d=mm&r=g","caption":"Lohan Spiteri"},"description":"Charg\u00e9 de client\u00e8le chez Drivecase, je vous informe sur les sujets relatifs \u00e0 la pr\u00e9vention de l'alcool et des drogues, ainsi que sur la s\u00e9curit\u00e9 des cyclistes.","url":"https:\/\/www.drivecase.fr\/conseils-prevention\/author\/lohan\/"}]}},"_links":{"self":[{"href":"https:\/\/www.drivecase.fr\/conseils-prevention\/wp-json\/wp\/v2\/posts\/14074"}],"collection":[{"href":"https:\/\/www.drivecase.fr\/conseils-prevention\/wp-json\/wp\/v2\/posts"}],"about":[{"href":"https:\/\/www.drivecase.fr\/conseils-prevention\/wp-json\/wp\/v2\/types\/post"}],"author":[{"embeddable":true,"href":"https:\/\/www.drivecase.fr\/conseils-prevention\/wp-json\/wp\/v2\/users\/27"}],"replies":[{"embeddable":true,"href":"https:\/\/www.drivecase.fr\/conseils-prevention\/wp-json\/wp\/v2\/comments?post=14074"}],"version-history":[{"count":36,"href":"https:\/\/www.drivecase.fr\/conseils-prevention\/wp-json\/wp\/v2\/posts\/14074\/revisions"}],"predecessor-version":[{"id":16753,"href":"https:\/\/www.drivecase.fr\/conseils-prevention\/wp-json\/wp\/v2\/posts\/14074\/revisions\/16753"}],"wp:featuredmedia":[{"embeddable":true,"href":"https:\/\/www.drivecase.fr\/conseils-prevention\/wp-json\/wp\/v2\/media\/14083"}],"wp:attachment":[{"href":"https:\/\/www.drivecase.fr\/conseils-prevention\/wp-json\/wp\/v2\/media?parent=14074"}],"wp:term":[{"taxonomy":"category","embeddable":true,"href":"https:\/\/www.drivecase.fr\/conseils-prevention\/wp-json\/wp\/v2\/categories?post=14074"},{"taxonomy":"post_tag","embeddable":true,"href":"https:\/\/www.drivecase.fr\/conseils-prevention\/wp-json\/wp\/v2\/tags?post=14074"}],"curies":[{"name":"wp","href":"https:\/\/api.w.org\/{rel}","templated":true}]}}