{"id":16226,"date":"2025-08-20T16:02:14","date_gmt":"2025-08-20T14:02:14","guid":{"rendered":"https:\/\/www.drivecase.fr\/conseils-prevention\/?p=16226"},"modified":"2025-10-22T16:23:55","modified_gmt":"2025-10-22T14:23:55","slug":"comment-choisir-son-velo-electrique","status":"publish","type":"post","link":"https:\/\/www.drivecase.fr\/conseils-prevention\/securite-velo\/comment-choisir-son-velo-electrique\/","title":{"rendered":"Comment choisir son v\u00e9lo \u00e9lectrique ?"},"content":{"rendered":"\t\t<div data-elementor-type=\"wp-post\" data-elementor-id=\"16226\" class=\"elementor elementor-16226\" data-elementor-settings=\"[]\">\n\t\t\t\t\t\t\t<div class=\"elementor-section-wrap\">\n\t\t\t\t\t\t\t<section class=\"elementor-section elementor-top-section elementor-element elementor-element-6f7f58f elementor-section-boxed elementor-section-height-default elementor-section-height-default\" data-id=\"6f7f58f\" data-element_type=\"section\">\n\t\t\t\t\t\t<div class=\"elementor-container elementor-column-gap-default\">\n\t\t\t\t\t<div class=\"elementor-column elementor-col-100 elementor-top-column elementor-element elementor-element-a0e49fa\" data-id=\"a0e49fa\" data-element_type=\"column\">\n\t\t\t<div class=\"elementor-widget-wrap elementor-element-populated\">\n\t\t\t\t\t\t\t\t<div class=\"elementor-element elementor-element-4ebc950 elementor-widget elementor-widget-text-editor\" data-id=\"4ebc950\" data-element_type=\"widget\" data-widget_type=\"text-editor.default\">\n\t\t\t\t<div class=\"elementor-widget-container\">\n\t\t\t\t\t\t\t\t<p>Face aux initiatives encourageant les <a href=\"https:\/\/www.drivecase.fr\/conseils-prevention\/securite-velo\/mobilite-douce-quels-avantages\/\">modes de transports plus respectueux de l&rsquo;environnement<\/a>, les v&eacute;los &eacute;lectriques deviennent de plus en plus attractifs. En effet, ceux-ci s&rsquo;adaptent d&eacute;sormais &agrave; tous : trajets urbains, ruraux et m&ecirc;mes forestiers.&nbsp;<\/p>\n<p>La demande est en augmentation, de m&ecirc;me pour l&rsquo;offre, qui se voit d&eacute;cupler ces derniers temps. Les mod&egrave;les de v&eacute;los &eacute;lectriques sont de plus en plus nombreux et il peut devenir difficile de <strong>choisir son v&eacute;lo &eacute;lectrique<\/strong>.<\/p>\t\t\t\t\t\t<\/div>\n\t\t\t\t<\/div>\n\t\t\t\t\t<\/div>\n\t\t<\/div>\n\t\t\t\t\t\t\t<\/div>\n\t\t<\/section>\n\t\t\t\t<section class=\"elementor-section elementor-top-section elementor-element elementor-element-3df80244 elementor-section-boxed elementor-section-height-default elementor-section-height-default\" data-id=\"3df80244\" data-element_type=\"section\">\n\t\t\t\t\t\t<div class=\"elementor-container elementor-column-gap-default\">\n\t\t\t\t\t<div class=\"elementor-column elementor-col-100 elementor-top-column elementor-element elementor-element-35f21f00\" data-id=\"35f21f00\" data-element_type=\"column\">\n\t\t\t<div class=\"elementor-widget-wrap elementor-element-populated\">\n\t\t\t\t\t\t\t\t<div class=\"elementor-element elementor-element-36cfd27 elementor-toc--content-ellipsis elementor-toc--minimized-on-tablet elementor-widget elementor-widget-table-of-contents\" data-id=\"36cfd27\" data-element_type=\"widget\" data-settings=\"{&quot;headings_by_tags&quot;:[&quot;h2&quot;,&quot;h3&quot;],&quot;exclude_headings_by_selector&quot;:[],&quot;min_height&quot;:{&quot;unit&quot;:&quot;px&quot;,&quot;size&quot;:0,&quot;sizes&quot;:[]},&quot;marker_view&quot;:&quot;numbers&quot;,&quot;minimize_box&quot;:&quot;yes&quot;,&quot;minimized_on&quot;:&quot;tablet&quot;,&quot;hierarchical_view&quot;:&quot;yes&quot;,&quot;min_height_tablet&quot;:{&quot;unit&quot;:&quot;px&quot;,&quot;size&quot;:&quot;&quot;,&quot;sizes&quot;:[]},&quot;min_height_mobile&quot;:{&quot;unit&quot;:&quot;px&quot;,&quot;size&quot;:&quot;&quot;,&quot;sizes&quot;:[]}}\" data-widget_type=\"table-of-contents.default\">\n\t\t\t\t<div class=\"elementor-widget-container\">\n\t\t\t\t\t<div class=\"elementor-toc__header\">\n\t\t\t<div class=\"elementor-toc__header-title\">Naviguer au sein de l'article<\/div>\t\t\t\t\t\t\t<div class=\"elementor-toc__toggle-button elementor-toc__toggle-button--expand\"><i class=\"fas fa-chevron-down\"><\/i><\/div>\n\t\t\t\t<div class=\"elementor-toc__toggle-button elementor-toc__toggle-button--collapse\"><i class=\"fas fa-chevron-up\"><\/i><\/div>\n\t\t\t\t\t<\/div>\n\t\t<div class=\"elementor-toc__body\">\n\t\t\t<div class=\"elementor-toc__spinner-container\">\n\t\t\t\t<i class=\"elementor-toc__spinner eicon-loading eicon-animation-spin\" aria-hidden=\"true\"><\/i>\n\t\t\t<\/div>\n\t\t<\/div>\n\t\t\t\t<\/div>\n\t\t\t\t<\/div>\n\t\t\t\t\t<\/div>\n\t\t<\/div>\n\t\t\t\t\t\t\t<\/div>\n\t\t<\/section>\n\t\t\t\t<section class=\"elementor-section elementor-top-section elementor-element elementor-element-bed7020 elementor-section-boxed elementor-section-height-default elementor-section-height-default\" data-id=\"bed7020\" data-element_type=\"section\">\n\t\t\t\t\t\t<div class=\"elementor-container elementor-column-gap-default\">\n\t\t\t\t\t<div class=\"elementor-column elementor-col-100 elementor-top-column elementor-element elementor-element-2a0f3f6\" data-id=\"2a0f3f6\" data-element_type=\"column\">\n\t\t\t<div class=\"elementor-widget-wrap elementor-element-populated\">\n\t\t\t\t\t\t\t\t<div class=\"elementor-element elementor-element-b4a7647 elementor-widget elementor-widget-spacer\" data-id=\"b4a7647\" data-element_type=\"widget\" data-widget_type=\"spacer.default\">\n\t\t\t\t<div class=\"elementor-widget-container\">\n\t\t\t\t\t<div class=\"elementor-spacer\">\n\t\t\t<div class=\"elementor-spacer-inner\"><\/div>\n\t\t<\/div>\n\t\t\t\t<\/div>\n\t\t\t\t<\/div>\n\t\t\t\t<div class=\"elementor-element elementor-element-fa5f487 elementor-widget elementor-widget-heading\" data-id=\"fa5f487\" data-element_type=\"widget\" data-widget_type=\"heading.default\">\n\t\t\t\t<div class=\"elementor-widget-container\">\n\t\t\t<h2 class=\"elementor-heading-title elementor-size-xl\">Choisir son v\u00e9lo \u00e9lectrique en fonction de ses besoins et son utilisation<\/h2>\t\t<\/div>\n\t\t\t\t<\/div>\n\t\t\t\t<div class=\"elementor-element elementor-element-d5e570c elementor-widget elementor-widget-text-editor\" data-id=\"d5e570c\" data-element_type=\"widget\" data-widget_type=\"text-editor.default\">\n\t\t\t\t<div class=\"elementor-widget-container\">\n\t\t\t\t\t\t\t\t<p>Selon votre type de trajet, vous pouvez choisir le v\u00e9lo \u00e9lectrique le plus adapt\u00e9. Pour les chemins en ville par exemple, un simple v\u00e9lo de ville \u00e9lectrique pourra faire l\u2019affaire. Si les trajets que vous souhaitez r\u00e9aliser comportent des chemins de campagnes un peu plus ardus \u00e0 traverser, les v\u00e9los dits VTC (v\u00e9los tout chemins) pourraient vous convenir. Ces v\u00e9los sont utiles pour des usages multiples : trajet domicile-travail en ville ou balade en for\u00eat le weekend.<\/p><p>Si votre usage est exclusivement destin\u00e9 aux excursions sur des sentiers forestiers, faire le choix d\u2019un VTT \u00e9lectrique prendrait tout son sens. Tout comme le VTT sans assistance \u00e9lectrique, le <a href=\"https:\/\/lankeleisi.fr\/collections\/vtt-electrique\">VTT \u00e9lectrique<\/a> poss\u00e8de des roues adapt\u00e9es aux sols rocailleux et des suspensions pour absorber les chocs, offrir une meilleure stabilit\u00e9 et garantir un confort de conduite m\u00eame sur des terrains difficiles. Le <strong>LANKELEISI X3000max v\u00e9lo \u00e9lectrique<\/strong> est par exemple un mod\u00e8le particuli\u00e8rement appr\u00e9ci\u00e9 pour ce type d\u2019utilisation.<\/p><p>Enfin, pour des occasions en conditions plus difficiles, il existe des v\u00e9los \u00e9lectriques sp\u00e9ciaux adapt\u00e9s aux randonn\u00e9es et trekking.<\/p>\t\t\t\t\t\t<\/div>\n\t\t\t\t<\/div>\n\t\t\t\t<div class=\"elementor-element elementor-element-5b18c7f elementor-widget elementor-widget-image\" data-id=\"5b18c7f\" data-element_type=\"widget\" data-widget_type=\"image.default\">\n\t\t\t\t<div class=\"elementor-widget-container\">\n\t\t\t\t\t\t\t\t\t\t\t\t\t\t\t<picture class=\"attachment-full size-full sp-no-webp\" style=\"height:66.7%;max-width:1000px;\"><source srcset=\"https:\/\/www.drivecase.fr\/conseils-prevention\/wp-content\/uploads\/2025\/08\/GOLF-X.webp 1000w,https:\/\/www.drivecase.fr\/conseils-prevention\/wp-content\/uploads\/2025\/08\/GOLF-X-300x200.webp 300w,https:\/\/www.drivecase.fr\/conseils-prevention\/wp-content\/uploads\/2025\/08\/GOLF-X-768x512.webp 768w\" sizes=\"(max-width: 1000px) 100vw, 1000px\" type=\"image\/webp\"><source srcset=\"https:\/\/www.drivecase.fr\/conseils-prevention\/wp-content\/uploads\/2025\/08\/GOLF-X.jpg 1000w, https:\/\/www.drivecase.fr\/conseils-prevention\/wp-content\/uploads\/2025\/08\/GOLF-X-300x200.jpg 300w, https:\/\/www.drivecase.fr\/conseils-prevention\/wp-content\/uploads\/2025\/08\/GOLF-X-768x512.jpg 768w\" sizes=\"(max-width: 1000px) 100vw, 1000px\" type=\"image\/jpeg\"><img src=\"https:\/\/www.drivecase.fr\/conseils-prevention\/wp-content\/uploads\/2025\/08\/GOLF-X.jpg\" class=\"attachment-full size-full sp-no-webp\" loading=\"lazy\" style=\"width:100%;height:66.7%;max-width:1000px;\" alt=\"\" height=\"667\" width=\"1000\" srcset=\"https:\/\/www.drivecase.fr\/conseils-prevention\/wp-content\/uploads\/2025\/08\/GOLF-X.jpg 1000w, https:\/\/www.drivecase.fr\/conseils-prevention\/wp-content\/uploads\/2025\/08\/GOLF-X-300x200.jpg 300w, https:\/\/www.drivecase.fr\/conseils-prevention\/wp-content\/uploads\/2025\/08\/GOLF-X-768x512.jpg 768w\" sizes=\"(max-width: 1000px) 100vw, 1000px\"><\/picture>\t\t\t\t\t\t\t\t\t\t\t\t\t\t\t<\/div>\n\t\t\t\t<\/div>\n\t\t\t\t<section class=\"elementor-section elementor-inner-section elementor-element elementor-element-6409b53 elementor-section-height-min-height elementor-section-boxed elementor-section-height-default\" data-id=\"6409b53\" data-element_type=\"section\" data-settings=\"{&quot;background_background&quot;:&quot;gradient&quot;}\">\n\t\t\t\t\t\t\t<div class=\"elementor-background-overlay\"><\/div>\n\t\t\t\t\t\t\t<div class=\"elementor-container elementor-column-gap-default\">\n\t\t\t\t\t<div class=\"elementor-column elementor-col-50 elementor-inner-column elementor-element elementor-element-3475629\" data-id=\"3475629\" data-element_type=\"column\">\n\t\t\t<div class=\"elementor-widget-wrap elementor-element-populated\">\n\t\t\t\t\t\t\t\t<div class=\"elementor-element elementor-element-bde2cbd elementor-widget elementor-widget-heading\" data-id=\"bde2cbd\" data-element_type=\"widget\" data-widget_type=\"heading.default\">\n\t\t\t\t<div class=\"elementor-widget-container\">\n\t\t\t<p class=\"elementor-heading-title elementor-size-default\">Disque Impact CO2 \u2013 V\u00e9lo \u00c9lectrique vs Voiture \n<\/p>\t\t<\/div>\n\t\t\t\t<\/div>\n\t\t\t\t<div class=\"elementor-element elementor-element-3a30256 elementor-widget elementor-widget-text-editor\" data-id=\"3a30256\" data-element_type=\"widget\" data-widget_type=\"text-editor.default\">\n\t\t\t\t<div class=\"elementor-widget-container\">\n\t\t\t\t\t\t\t\t<p>Parfait \u00e0 offrir lors d&rsquo;\u00e9v\u00e9nement v\u00e9los, ce disque permet de comparer en un geste l\u2019impact environnemental entre un v\u00e9lo \u00e9lectrique et une voiture \u00e9lectrique avec ce disque p\u00e9dagogique impact CO2, interactif et personnalisable.<\/p>\t\t\t\t\t\t<\/div>\n\t\t\t\t<\/div>\n\t\t\t\t\t<\/div>\n\t\t<\/div>\n\t\t\t\t<div class=\"elementor-column elementor-col-50 elementor-inner-column elementor-element elementor-element-4a2c039\" data-id=\"4a2c039\" data-element_type=\"column\">\n\t\t\t<div class=\"elementor-widget-wrap elementor-element-populated\">\n\t\t\t\t\t\t\t\t<div class=\"elementor-element elementor-element-3f0f809 elementor-align-center elementor-widget elementor-widget-button\" data-id=\"3f0f809\" data-element_type=\"widget\" data-widget_type=\"button.default\">\n\t\t\t\t<div class=\"elementor-widget-container\">\n\t\t\t\t\t<div class=\"elementor-button-wrapper\">\n\t\t\t<a href=\"https:\/\/www.drivecase.fr\/creation-drivecase\/126863-disque-impact-co2-personnalisable-velo-electrique-vs-voiture-electrique.html\" target=\"_blank\" class=\"elementor-button-link elementor-button elementor-size-sm elementor-animation-grow\" role=\"button\">\n\t\t\t\t\t\t<span class=\"elementor-button-content-wrapper\">\n\t\t\t\t\t\t<span class=\"elementor-button-icon elementor-align-icon-left\">\n\t\t\t\t<i aria-hidden=\"true\" class=\"fas fa-shopping-cart\"><\/i>\t\t\t<\/span>\n\t\t\t\t\t\t<span class=\"elementor-button-text\">Disque impact CO2<\/span>\n\t\t<\/span>\n\t\t\t\t\t<\/a>\n\t\t<\/div>\n\t\t\t\t<\/div>\n\t\t\t\t<\/div>\n\t\t\t\t\t<\/div>\n\t\t<\/div>\n\t\t\t\t\t\t\t<\/div>\n\t\t<\/section>\n\t\t\t\t<div class=\"elementor-element elementor-element-fe01860 elementor-widget elementor-widget-heading\" data-id=\"fe01860\" data-element_type=\"widget\" data-widget_type=\"heading.default\">\n\t\t\t\t<div class=\"elementor-widget-container\">\n\t\t\t<h2 class=\"elementor-heading-title elementor-size-xl\">Les crit\u00e8res techniques pour choisir son v\u00e9lo \u00e9lectrique<\/h2>\t\t<\/div>\n\t\t\t\t<\/div>\n\t\t\t\t<div class=\"elementor-element elementor-element-fe60de0 elementor-widget elementor-widget-text-editor\" data-id=\"fe60de0\" data-element_type=\"widget\" data-widget_type=\"text-editor.default\">\n\t\t\t\t<div class=\"elementor-widget-container\">\n\t\t\t\t\t\t\t\t<p>Maintenant que vous avez une id&eacute;e un peu plus pr&eacute;cise de l&rsquo;usage et du type de v&eacute;lo &eacute;lectrique que vous souhaiteriez acqu&eacute;rir, voici quelques caract&eacute;ristiques techniques &agrave; prendre en compte lors du <strong>choix de votre v&eacute;lo &eacute;lectrique<\/strong>.<\/p>\t\t\t\t\t\t<\/div>\n\t\t\t\t<\/div>\n\t\t\t\t<div class=\"elementor-element elementor-element-55e1a54 elementor-widget elementor-widget-heading\" data-id=\"55e1a54\" data-element_type=\"widget\" data-widget_type=\"heading.default\">\n\t\t\t\t<div class=\"elementor-widget-container\">\n\t\t\t<h3 class=\"elementor-heading-title elementor-size-large\">Choisir son v\u00e9lo \u00e9lectrique en fonction de son poids\n<\/h3>\t\t<\/div>\n\t\t\t\t<\/div>\n\t\t\t\t<div class=\"elementor-element elementor-element-163bbdf elementor-widget elementor-widget-text-editor\" data-id=\"163bbdf\" data-element_type=\"widget\" data-widget_type=\"text-editor.default\">\n\t\t\t\t<div class=\"elementor-widget-container\">\n\t\t\t\t\t\t\t\t<p>Avec leurs batteries et autres composants, les v\u00e9los \u00e0 assistance \u00e9lectrique sont beaucoup plus lourds que les v\u00e9los normaux. Si vous savez que vous devrez porter r\u00e9guli\u00e8rement votre v\u00e9lo pour diverses raisons (passage par des escaliers, rangement dans un appartement, d\u00e9p\u00f4t dans un coffre d\u2019une voiture), il est important de prendre en compte ce crit\u00e8re pour \u00e9viter tout probl\u00e8me.\u00a0<\/p><p>\u00a0<\/p><p>En moyenne, les v\u00e9los \u00e9lectriques p\u00e8sent entre 20 et 28 kg. Voici un tableau indicatif pour <strong>choisir votre v\u00e9lo en fonction de son poids<\/strong> :<\/p>\t\t\t\t\t\t<\/div>\n\t\t\t\t<\/div>\n\t\t\t\t<div class=\"elementor-element elementor-element-c93c992 elementor-widget elementor-widget-shortcode\" data-id=\"c93c992\" data-element_type=\"widget\" data-widget_type=\"shortcode.default\">\n\t\t\t\t<div class=\"elementor-widget-container\">\n\t\t\t\t\t<div class=\"elementor-shortcode\"><table border=\"1\" cellpadding=\"8\" cellspacing=\"0\">\n  <thead>\n    <tr>\n      <th>Poids du cycliste<\/th>\n      <th>Poids conseill\u00e9 du v\u00e9lo \u00e9lectrique<\/th>\n    <\/tr>\n  <\/thead>\n  <tbody>\n    <tr>\n      <td>Moins de 60 kg<\/td>\n      <td>18 \u00e0 22 kg<\/td>\n    <\/tr>\n    <tr>\n      <td>60 \u00e0 85 kg<\/td>\n      <td>22 \u00e0 25 kg<\/td>\n    <\/tr>\n    <tr>\n      <td>Plus de 85 kg<\/td>\n      <td>25 \u00e0 28 kg (voire + pour les VTT)<\/td>\n    <\/tr>\n  <\/tbody>\n<\/table>\n<\/div>\n\t\t\t\t<\/div>\n\t\t\t\t<\/div>\n\t\t\t\t<div class=\"elementor-element elementor-element-3258b59 elementor-widget elementor-widget-text-editor\" data-id=\"3258b59\" data-element_type=\"widget\" data-widget_type=\"text-editor.default\">\n\t\t\t\t<div class=\"elementor-widget-container\">\n\t\t\t\t\t\t\t\t<p>Si vous en avez la possibilit&eacute;, il serait une bonne id&eacute;e de se rendre sur place et tenter de porter les v&eacute;los &eacute;lectriques pour pouvoir r&eacute;ellement appr&eacute;cier leur poids.<br \/><\/p>\t\t\t\t\t\t<\/div>\n\t\t\t\t<\/div>\n\t\t\t\t<div class=\"elementor-element elementor-element-f06892c elementor-widget elementor-widget-image\" data-id=\"f06892c\" data-element_type=\"widget\" data-widget_type=\"image.default\">\n\t\t\t\t<div class=\"elementor-widget-container\">\n\t\t\t\t\t\t\t\t\t\t\t\t\t\t\t<picture class=\"attachment-large size-large sp-no-webp\" style=\"height:66.6%;max-width:1000px;\"><source srcset=\"https:\/\/www.drivecase.fr\/conseils-prevention\/wp-content\/uploads\/2025\/08\/acheter-choisir-son-velo-electrique.webp 1000w,https:\/\/www.drivecase.fr\/conseils-prevention\/wp-content\/uploads\/2025\/08\/acheter-choisir-son-velo-electrique-300x200.webp 300w,https:\/\/www.drivecase.fr\/conseils-prevention\/wp-content\/uploads\/2025\/08\/acheter-choisir-son-velo-electrique-768x511.webp 768w\" sizes=\"(max-width: 750px) 100vw, 750px\" type=\"image\/webp\"><source srcset=\"https:\/\/www.drivecase.fr\/conseils-prevention\/wp-content\/uploads\/2025\/08\/acheter-choisir-son-velo-electrique.jpg 1000w, https:\/\/www.drivecase.fr\/conseils-prevention\/wp-content\/uploads\/2025\/08\/acheter-choisir-son-velo-electrique-300x200.jpg 300w, https:\/\/www.drivecase.fr\/conseils-prevention\/wp-content\/uploads\/2025\/08\/acheter-choisir-son-velo-electrique-768x511.jpg 768w\" sizes=\"(max-width: 750px) 100vw, 750px\" type=\"image\/jpeg\"><img src=\"https:\/\/www.drivecase.fr\/conseils-prevention\/wp-content\/uploads\/2025\/08\/acheter-choisir-son-velo-electrique.jpg\" class=\"attachment-large size-large sp-no-webp\" loading=\"lazy\" style=\"width:100%;height:66.6%;max-width:1000px;\" alt=\"acheter et choisir son velo electrique\" height=\"500\" width=\"750\" srcset=\"https:\/\/www.drivecase.fr\/conseils-prevention\/wp-content\/uploads\/2025\/08\/acheter-choisir-son-velo-electrique.jpg 1000w, https:\/\/www.drivecase.fr\/conseils-prevention\/wp-content\/uploads\/2025\/08\/acheter-choisir-son-velo-electrique-300x200.jpg 300w, https:\/\/www.drivecase.fr\/conseils-prevention\/wp-content\/uploads\/2025\/08\/acheter-choisir-son-velo-electrique-768x511.jpg 768w\" sizes=\"(max-width: 750px) 100vw, 750px\"><\/picture>\t\t\t\t\t\t\t\t\t\t\t\t\t\t\t<\/div>\n\t\t\t\t<\/div>\n\t\t\t\t<div class=\"elementor-element elementor-element-4452714 elementor-widget elementor-widget-heading\" data-id=\"4452714\" data-element_type=\"widget\" data-widget_type=\"heading.default\">\n\t\t\t\t<div class=\"elementor-widget-container\">\n\t\t\t<h3 class=\"elementor-heading-title elementor-size-large\">Autonomie de la batterie<\/h3>\t\t<\/div>\n\t\t\t\t<\/div>\n\t\t\t\t<div class=\"elementor-element elementor-element-2aab557 elementor-widget elementor-widget-text-editor\" data-id=\"2aab557\" data-element_type=\"widget\" data-widget_type=\"text-editor.default\">\n\t\t\t\t<div class=\"elementor-widget-container\">\n\t\t\t\t\t\t\t\t<p>L\u2019autonomie de la batterie, encore une caract\u00e9ristique tr\u00e8s importante \u00e0 prendre en compte lors du <strong>choix de son v\u00e9lo \u00e9lectrique<\/strong>. Car qui dit v\u00e9lo \u00e9lectrique, dit distance en autonomie maximum.<\/p><p>Cette donn\u00e9e est g\u00e9n\u00e9ralement difficile \u00e0 imaginer car l\u2019autonomie d\u00e9pend \u00e9galement de certains facteurs comme le poids transport\u00e9, l\u2019allure \u00e0 laquelle on roule (si elle est constante ou non aussi) ou encore le type de chemin qu\u2019on emprunte.\u00a0<\/p><p>\u00a0<\/p><p>\u00c0 titre indicatif :<\/p><ul><li aria-level=\"1\">Pour des trajets urbains quotidiens (trajets courts, terrain relativement plat sur <a href=\"https:\/\/www.drivecase.fr\/conseils-prevention\/securite-velo\/piste-cyclable-reglementation\/\" target=\"_blank\" rel=\"noopener\">pistes cyclables<\/a>, peu de mont\u00e9es) : une autonomie d\u2019environ 40 \u00e0 60 km peut suffire<\/li><li aria-level=\"1\">Pour des balades le week-end (terrain pentu ou rocailleux, facilit\u00e9 de recharge faible) : privil\u00e9giez une autonomie plus \u00e9lev\u00e9e, de 60 \u00e0 100 km<\/li><li aria-level=\"1\">Randonn\u00e9es longues ou VTT : vous pouvez aller jusqu\u2019\u00e0 120 km d\u2019autonomie, \u00e9tant donn\u00e9 que ce sont des trajets plus longs avec des terrains plus difficiles \u00e0 pratiquer, ils n\u00e9cessiteront alors plus de puissance\u00a0<\/li><\/ul><p>\u00a0<\/p><p>Pensez \u00e9galement \u00e0 la facilit\u00e9 de recharge : si vous avez un garage ou une prise au bureau, une batterie plus petite peut suffire, mais si vous devez tenir une journ\u00e9e enti\u00e8re sans recharge, une capacit\u00e9 plus \u00e9lev\u00e9e sera indispensable pour vous.<\/p>\t\t\t\t\t\t<\/div>\n\t\t\t\t<\/div>\n\t\t\t\t<div class=\"elementor-element elementor-element-9a3e53f elementor-widget elementor-widget-heading\" data-id=\"9a3e53f\" data-element_type=\"widget\" data-widget_type=\"heading.default\">\n\t\t\t\t<div class=\"elementor-widget-container\">\n\t\t\t<h3 class=\"elementor-heading-title elementor-size-large\">Puissance du v\u00e9lo \u00e9lectrique<\/h3>\t\t<\/div>\n\t\t\t\t<\/div>\n\t\t\t\t<div class=\"elementor-element elementor-element-3840f75 elementor-widget elementor-widget-text-editor\" data-id=\"3840f75\" data-element_type=\"widget\" data-widget_type=\"text-editor.default\">\n\t\t\t\t<div class=\"elementor-widget-container\">\n\t\t\t\t\t\t\t\t<p>La puissance du moteur d\u00e9termine surtout la facilit\u00e9 \u00e0 d\u00e9marrer et \u00e0 grimper les c\u00f4tes. En Europe, tous les <a href=\"https:\/\/www.economie.gouv.fr\/dgccrf\/les-fiches-pratiques-et-les-faq\/bicyclette-et-velo-assistance-electrique-conseils-pour-un\" target=\"_blank\" rel=\"noopener\">v\u00e9los \u00e9lectriques sont limit\u00e9s \u00e0 250 W<\/a>, donc la diff\u00e9rence se fait surtout sur le couple du moteur (exprim\u00e9 en Newton-m\u00e8tres, Nm). Plus ce chiffre est \u00e9lev\u00e9, plus le v\u00e9lo vous aidera \u00e0 monter sans effort.<\/p><p>\u00a0<\/p><p>Pour simplifier, un couple du moteur :<\/p><ul><li aria-level=\"1\">Pour la ville et des trajets plats, <strong>choisir un v\u00e9lo \u00e9lectrique<\/strong> avec un moteur standard, environ 40 Nm<\/li><\/ul><ul><li aria-level=\"1\">Pour des routes vallonn\u00e9es : privil\u00e9gier un moteur plus nerveux, autour de 50 \u00e0 65 Nm<\/li><\/ul><ul><li aria-level=\"1\">Pour la montagne en VTT : un moteur puissant est n\u00e9cessaire, entre 70 et 85 Nm<\/li><\/ul>\t\t\t\t\t\t<\/div>\n\t\t\t\t<\/div>\n\t\t\t\t<div class=\"elementor-element elementor-element-324f784 elementor-widget elementor-widget-image\" data-id=\"324f784\" data-element_type=\"widget\" data-widget_type=\"image.default\">\n\t\t\t\t<div class=\"elementor-widget-container\">\n\t\t\t\t\t\t\t\t\t\t\t\t\t\t\t<picture class=\"attachment-full size-full sp-no-webp\" style=\"height:66.7%;max-width:1000px;\"><source srcset=\"https:\/\/www.drivecase.fr\/conseils-prevention\/wp-content\/uploads\/2025\/08\/X3000MAX.webp 1000w,https:\/\/www.drivecase.fr\/conseils-prevention\/wp-content\/uploads\/2025\/08\/X3000MAX-300x200.webp 300w,https:\/\/www.drivecase.fr\/conseils-prevention\/wp-content\/uploads\/2025\/08\/X3000MAX-768x512.webp 768w\" sizes=\"(max-width: 1000px) 100vw, 1000px\" type=\"image\/webp\"><source srcset=\"https:\/\/www.drivecase.fr\/conseils-prevention\/wp-content\/uploads\/2025\/08\/X3000MAX.jpg 1000w, https:\/\/www.drivecase.fr\/conseils-prevention\/wp-content\/uploads\/2025\/08\/X3000MAX-300x200.jpg 300w, https:\/\/www.drivecase.fr\/conseils-prevention\/wp-content\/uploads\/2025\/08\/X3000MAX-768x512.jpg 768w\" sizes=\"(max-width: 1000px) 100vw, 1000px\" type=\"image\/jpeg\"><img src=\"https:\/\/www.drivecase.fr\/conseils-prevention\/wp-content\/uploads\/2025\/08\/X3000MAX.jpg\" class=\"attachment-full size-full sp-no-webp\" loading=\"lazy\" style=\"width:100%;height:66.7%;max-width:1000px;\" alt=\"\" height=\"667\" width=\"1000\" srcset=\"https:\/\/www.drivecase.fr\/conseils-prevention\/wp-content\/uploads\/2025\/08\/X3000MAX.jpg 1000w, https:\/\/www.drivecase.fr\/conseils-prevention\/wp-content\/uploads\/2025\/08\/X3000MAX-300x200.jpg 300w, https:\/\/www.drivecase.fr\/conseils-prevention\/wp-content\/uploads\/2025\/08\/X3000MAX-768x512.jpg 768w\" sizes=\"(max-width: 1000px) 100vw, 1000px\"><\/picture>\t\t\t\t\t\t\t\t\t\t\t\t\t\t\t<\/div>\n\t\t\t\t<\/div>\n\t\t\t\t<div class=\"elementor-element elementor-element-cf871d0 elementor-widget elementor-widget-heading\" data-id=\"cf871d0\" data-element_type=\"widget\" data-widget_type=\"heading.default\">\n\t\t\t\t<div class=\"elementor-widget-container\">\n\t\t\t<h3 class=\"elementor-heading-title elementor-size-large\">V\u00e9lo \u00e9lectrique : pliable ou non ?<\/h3>\t\t<\/div>\n\t\t\t\t<\/div>\n\t\t\t\t<div class=\"elementor-element elementor-element-30b917d elementor-widget elementor-widget-text-editor\" data-id=\"30b917d\" data-element_type=\"widget\" data-widget_type=\"text-editor.default\">\n\t\t\t\t<div class=\"elementor-widget-container\">\n\t\t\t\t\t\t\t\t<p>Dernier crit&egrave;re pratique : l&rsquo;encombrement. Un <strong>v&eacute;lo &eacute;lectrique pliable<\/strong> est particuli&egrave;rement int&eacute;ressant si vous vivez en appartement, si vous devez monter des escaliers, ou encore si vous combinez vos trajets avec les transports en commun. De plus, les v&eacute;los &eacute;lectriques pliables ont l&rsquo;avantage d&rsquo;&ecirc;tre plus l&eacute;gers que les autres v&eacute;los &eacute;lectriques.&nbsp;<\/p>\t\t\t\t\t\t<\/div>\n\t\t\t\t<\/div>\n\t\t\t\t<div class=\"elementor-element elementor-element-c4b57b6 elementor-widget elementor-widget-heading\" data-id=\"c4b57b6\" data-element_type=\"widget\" data-widget_type=\"heading.default\">\n\t\t\t\t<div class=\"elementor-widget-container\">\n\t\t\t<h2 class=\"elementor-heading-title elementor-size-xl\">Acheter un v\u00e9lo \u00e9lectrique d\u2019occasion ou reconditionn\u00e9<\/h2>\t\t<\/div>\n\t\t\t\t<\/div>\n\t\t\t\t<div class=\"elementor-element elementor-element-5c37a01 elementor-widget elementor-widget-text-editor\" data-id=\"5c37a01\" data-element_type=\"widget\" data-widget_type=\"text-editor.default\">\n\t\t\t\t<div class=\"elementor-widget-container\">\n\t\t\t\t\t\t\t\t<p>Tr\u00e8s en vogue ces derni\u00e8res ann\u00e9es en raison de ses avantages pour l\u2019environnement et de son co\u00fbt g\u00e9n\u00e9ralement plus faible, le v\u00e9lo \u00e9lectrique d\u2019occasion ou reconditionn\u00e9 attire de plus en plus d\u2019adeptes.<\/p><p>\u00a0<\/p><p>Pour <strong>choisir un v\u00e9lo \u00e9lectrique d\u2019occasion ou reconditionn\u00e9<\/strong>, les crit\u00e8res de base restent les m\u00eames que pour un v\u00e9lo neuf : poids, autonomie, type d\u2019usage (ville, campagne, chemins), encombrement ou encore confort en mont\u00e9e.<\/p><p>En revanche, il faudra accorder une attention particuli\u00e8re \u00e0 l\u2019\u00e9tat g\u00e9n\u00e9ral du v\u00e9lo :<\/p><ul><li aria-level=\"1\">La batterie : \u00e9l\u00e9ment le plus co\u00fbteux \u00e0 remplacer, il est essentiel de v\u00e9rifier sa capacit\u00e9 par rapport \u00e0 la batterie d\u2019origine et le nombre de kilom\u00e8tres effectu\u00e9s<\/li><li aria-level=\"1\">Le cadre : inspecter visuellement pour d\u00e9tecter d\u2019\u00e9ventuelles fissures, chocs ou traces de corrosion<\/li><li aria-level=\"1\">L\u2019usure des composants : freins, pneus, transmission et c\u00e2bles doivent \u00eatre contr\u00f4l\u00e9s afin d\u2019\u00e9viter de mauvaises surprises apr\u00e8s l\u2019achat<\/li><\/ul><p>\u00a0<\/p><p>Un <strong>v\u00e9lo \u00e9lectrique d\u2019occasion ou reconditionn\u00e9<\/strong> peut \u00eatre une excellente affaire, \u00e0 condition de prendre le temps de faire ces v\u00e9rifications !<\/p>\t\t\t\t\t\t<\/div>\n\t\t\t\t<\/div>\n\t\t\t\t<div class=\"elementor-element elementor-element-c106842 elementor-widget elementor-widget-heading\" data-id=\"c106842\" data-element_type=\"widget\" data-widget_type=\"heading.default\">\n\t\t\t\t<div class=\"elementor-widget-container\">\n\t\t\t<h2 class=\"elementor-heading-title elementor-size-xl\">Profiter des aides financi\u00e8res disponibles\n<\/h2>\t\t<\/div>\n\t\t\t\t<\/div>\n\t\t\t\t<div class=\"elementor-element elementor-element-7ed18f3 elementor-widget elementor-widget-text-editor\" data-id=\"7ed18f3\" data-element_type=\"widget\" data-widget_type=\"text-editor.default\">\n\t\t\t\t<div class=\"elementor-widget-container\">\n\t\t\t\t\t\t\t\t<p><strong>Acheter un v\u00e9lo \u00e9lectrique<\/strong> repr\u00e9sente un investissement important, mais il existe de nombreuses aides financi\u00e8res pour all\u00e9ger la facture. \u00c0 commencer par des aides dans certaines communes et r\u00e9gions pour faciliter l\u2019achat d\u2019un v\u00e9lo aux habitants et <a href=\"https:\/\/www.drivecase.fr\/conseils-prevention\/securite-velo\/velo-electrique-ecologie\/\" target=\"_blank\" rel=\"noopener\">favoriser leurs d\u00e9placements \u00e0 v\u00e9lo<\/a>. Ces aides sont g\u00e9n\u00e9ralement plus \u00e9lev\u00e9es pour l\u2019achat d\u2019un v\u00e9lo \u00e9lectrique \u00e9tant donn\u00e9 leur co\u00fbt plus on\u00e9reux par rapport \u00e0 un v\u00e9lo normal.<\/p><p>\u00a0<\/p><p>C\u00f4t\u00e9 entreprise, certains employeurs accordent des primes aux salari\u00e9s qui choisissent le v\u00e9lo, m\u00eame si leur trajet implique aussi une partie en transports en commun !<\/p><p>\u00a0<\/p><p>Ce qui est certain, c\u2019est que si vous cherchez \u00e0 <strong>choisir un v\u00e9lo \u00e9lectrique<\/strong> adapt\u00e9 \u00e0 vos besoins, vous le trouverez. Il existe aujourd\u2019hui des mod\u00e8les pour tous les budgets et tous les usages. Pensez \u00e0 privil\u00e9gier la seconde main ou le reconditionn\u00e9, non seulement pour r\u00e9aliser des \u00e9conomies, mais aussi pour faire un geste en faveur de l\u2019environnement.<\/p><p>\u00a0<\/p><p>Au final, le v\u00e9lo \u00e9lectrique reste avant tout un <a href=\"https:\/\/www.drivecase.fr\/conseils-prevention\/securite-velo\/les-bienfaits-du-velo-sur-la-sante\/\" target=\"_blank\" rel=\"noopener\">moyen de transport agr\u00e9able<\/a>, pratique et durable, qui peut facilement remplacer la voiture sur de nombreux trajets du quotidien. Que ce soit pour aller travailler, partir en balade ou simplement gagner en confort, il saura rapidement se rendre indispensable.<\/p>\t\t\t\t\t\t<\/div>\n\t\t\t\t<\/div>\n\t\t\t\t<section class=\"elementor-section elementor-inner-section elementor-element elementor-element-7ebdc05 elementor-section-height-min-height elementor-section-boxed elementor-section-height-default\" data-id=\"7ebdc05\" data-element_type=\"section\" data-settings=\"{&quot;background_background&quot;:&quot;gradient&quot;}\">\n\t\t\t\t\t\t\t<div class=\"elementor-background-overlay\"><\/div>\n\t\t\t\t\t\t\t<div class=\"elementor-container elementor-column-gap-default\">\n\t\t\t\t\t<div class=\"elementor-column elementor-col-50 elementor-inner-column elementor-element elementor-element-6be8c31\" data-id=\"6be8c31\" data-element_type=\"column\">\n\t\t\t<div class=\"elementor-widget-wrap elementor-element-populated\">\n\t\t\t\t\t\t\t\t<div class=\"elementor-element elementor-element-8e55633 elementor-widget elementor-widget-heading\" data-id=\"8e55633\" data-element_type=\"widget\" data-widget_type=\"heading.default\">\n\t\t\t\t<div class=\"elementor-widget-container\">\n\t\t\t<p class=\"elementor-heading-title elementor-size-default\">Accessoires pour v\u00e9lo<\/p>\t\t<\/div>\n\t\t\t\t<\/div>\n\t\t\t\t<div class=\"elementor-element elementor-element-7b46353 elementor-widget elementor-widget-text-editor\" data-id=\"7b46353\" data-element_type=\"widget\" data-widget_type=\"text-editor.default\">\n\t\t\t\t<div class=\"elementor-widget-container\">\n\t\t\t\t\t\t\t\t<p>D\u00e9couvrez notre large gamme d\u2019accessoires pour v\u00e9lo. Pour des d\u00e9placements plus en s\u00e9curit\u00e9 lors de votre transition vers l\u2019utilisation de transports respectueux de l\u2019environnement.<\/p>\t\t\t\t\t\t<\/div>\n\t\t\t\t<\/div>\n\t\t\t\t\t<\/div>\n\t\t<\/div>\n\t\t\t\t<div class=\"elementor-column elementor-col-50 elementor-inner-column elementor-element elementor-element-ed6dc03\" data-id=\"ed6dc03\" data-element_type=\"column\">\n\t\t\t<div class=\"elementor-widget-wrap elementor-element-populated\">\n\t\t\t\t\t\t\t\t<div class=\"elementor-element elementor-element-52a9458 elementor-align-center elementor-widget elementor-widget-button\" data-id=\"52a9458\" data-element_type=\"widget\" data-widget_type=\"button.default\">\n\t\t\t\t<div class=\"elementor-widget-container\">\n\t\t\t\t\t<div class=\"elementor-button-wrapper\">\n\t\t\t<a href=\"https:\/\/www.drivecase.fr\/44-accessoires-velo\" target=\"_blank\" class=\"elementor-button-link elementor-button elementor-size-sm elementor-animation-grow\" role=\"button\">\n\t\t\t\t\t\t<span class=\"elementor-button-content-wrapper\">\n\t\t\t\t\t\t<span class=\"elementor-button-icon elementor-align-icon-left\">\n\t\t\t\t<i aria-hidden=\"true\" class=\"fas fa-shopping-cart\"><\/i>\t\t\t<\/span>\n\t\t\t\t\t\t<span class=\"elementor-button-text\">Accessoires pour v\u00e9lo<\/span>\n\t\t<\/span>\n\t\t\t\t\t<\/a>\n\t\t<\/div>\n\t\t\t\t<\/div>\n\t\t\t\t<\/div>\n\t\t\t\t\t<\/div>\n\t\t<\/div>\n\t\t\t\t\t\t\t<\/div>\n\t\t<\/section>\n\t\t\t\t\t<\/div>\n\t\t<\/div>\n\t\t\t\t\t\t\t<\/div>\n\t\t<\/section>\n\t\t\t\t\t\t<\/div>\n\t\t\t\t\t<\/div>\n\t\t","protected":false},"excerpt":{"rendered":"<p>Face aux initiatives encourageant les modes de transports plus respectueux de l&rsquo;environnement, les v&eacute;los &eacute;lectriques deviennent de plus en plus attractifs. En effet, ceux-ci s&rsquo;adaptent d&eacute;sormais &agrave; tous : trajets urbains, ruraux et m&ecirc;mes forestiers.&nbsp; La demande est en augmentation, de m&ecirc;me pour l&rsquo;offre, qui se voit d&eacute;cupler ces derniers temps. Les mod&egrave;les de v&eacute;los&hellip; <a class=\"more-link\" href=\"https:\/\/www.drivecase.fr\/conseils-prevention\/securite-velo\/comment-choisir-son-velo-electrique\/\">Poursuivre la lecture <span class=\"screen-reader-text\">Comment choisir son v\u00e9lo \u00e9lectrique ?<\/span><\/a><\/p>\n","protected":false},"author":27,"featured_media":16241,"comment_status":"closed","ping_status":"closed","sticky":false,"template":"","format":"standard","meta":[],"categories":[23],"tags":[21],"yoast_head":"<!-- This site is optimized with the Yoast SEO Premium plugin v17.4 (Yoast SEO v17.4) - https:\/\/yoast.com\/wordpress\/plugins\/seo\/ -->\n<title>Comment choisir son v\u00e9lo \u00e9lectrique ?<\/title>\n<meta name=\"description\" content=\"Nombreux sont les caract\u00e9ristiques en mati\u00e8re de VAE : autonomie, puissance, poids... Comment choisir un v\u00e9lo \u00e9lectrique adapt\u00e9 \u00e0 ses besoins ?\" \/>\n<meta name=\"robots\" content=\"index, follow, max-snippet:-1, max-image-preview:large, max-video-preview:-1\" \/>\n<link rel=\"canonical\" href=\"https:\/\/www.drivecase.fr\/conseils-prevention\/securite-velo\/comment-choisir-son-velo-electrique\/\" \/>\n<meta property=\"og:locale\" content=\"fr_FR\" \/>\n<meta property=\"og:type\" content=\"article\" \/>\n<meta property=\"og:title\" content=\"Comment choisir son v\u00e9lo \u00e9lectrique ?\" \/>\n<meta property=\"og:description\" content=\"Face aux initiatives encourageant les modes de transports plus respectueux de l&rsquo;environnement, les v&eacute;los &eacute;lectriques deviennent de\" \/>\n<meta property=\"og:url\" content=\"https:\/\/www.drivecase.fr\/conseils-prevention\/securite-velo\/comment-choisir-son-velo-electrique\/\" \/>\n<meta property=\"og:site_name\" content=\"S\u00e9curit\u00e9 routi\u00e8re, EPI &amp; pr\u00e9vention sanitaire | Conseils pr\u00e9vention Drivecase\" \/>\n<meta property=\"article:publisher\" content=\"https:\/\/fr-fr.facebook.com\/drivecasefr\" \/>\n<meta property=\"article:published_time\" content=\"2025-08-20T14:02:14+00:00\" \/>\n<meta property=\"article:modified_time\" content=\"2025-10-22T14:23:55+00:00\" \/>\n<meta property=\"og:image\" content=\"https:\/\/www.drivecase.fr\/conseils-prevention\/wp-content\/uploads\/2025\/08\/acheter-choisir-son-velo-electrique.jpg\" \/>\n\t<meta property=\"og:image:width\" content=\"1000\" \/>\n\t<meta property=\"og:image:height\" content=\"666\" \/>\n<meta name=\"twitter:card\" content=\"summary_large_image\" \/>\n<meta name=\"twitter:creator\" content=\"@Drivecase\" \/>\n<meta name=\"twitter:site\" content=\"@Drivecase\" \/>\n<meta name=\"twitter:label1\" content=\"\u00c9crit par\" \/>\n\t<meta name=\"twitter:data1\" content=\"Lohan Spiteri\" \/>\n\t<meta name=\"twitter:label2\" content=\"Dur\u00e9e de lecture est.\" \/>\n\t<meta name=\"twitter:data2\" content=\"7 minutes\" \/>\n<script type=\"application\/ld+json\" class=\"yoast-schema-graph\">{\"@context\":\"https:\/\/schema.org\",\"@graph\":[{\"@type\":\"Organization\",\"@id\":\"https:\/\/www.drivecase.fr\/conseils-prevention\/#organization\",\"name\":\"Drivecase\",\"url\":\"https:\/\/www.drivecase.fr\/conseils-prevention\/\",\"sameAs\":[\"https:\/\/fr-fr.facebook.com\/drivecasefr\",\"https:\/\/fr.linkedin.com\/company\/drivecase\",\"https:\/\/www.youtube.com\/channel\/UCQ7ivAl-3feklwC1IX7HO8A\",\"https:\/\/www.pinterest.fr\/drivecase3695\/\",\"https:\/\/twitter.com\/Drivecase\"],\"logo\":{\"@type\":\"ImageObject\",\"@id\":\"https:\/\/www.drivecase.fr\/conseils-prevention\/#logo\",\"inLanguage\":\"fr-FR\",\"url\":\"https:\/\/www.drivecase.fr\/conseils-prevention\/wp-content\/uploads\/2021\/02\/logo_conseils-prevention_bleu_vert-01.png\",\"contentUrl\":\"https:\/\/www.drivecase.fr\/conseils-prevention\/wp-content\/uploads\/2021\/02\/logo_conseils-prevention_bleu_vert-01.png\",\"width\":2221,\"height\":667,\"caption\":\"Drivecase\"},\"image\":{\"@id\":\"https:\/\/www.drivecase.fr\/conseils-prevention\/#logo\"}},{\"@type\":\"WebSite\",\"@id\":\"https:\/\/www.drivecase.fr\/conseils-prevention\/#website\",\"url\":\"https:\/\/www.drivecase.fr\/conseils-prevention\/\",\"name\":\"S\\u00e9curit\\u00e9 routi\\u00e8re, EPI &amp; pr\\u00e9vention sanitaire | Conseils pr\\u00e9vention Drivecase\",\"description\":\"Le blog conseils pr\\u00e9vention d\\u00e9di\\u00e9 \\u00e0 la s\\u00e9curit\\u00e9 routi\\u00e8re, aux EPI, premiers secours &amp; pr\\u00e9vention sanitaire de Drivecase. Toute l&#039;actualit\\u00e9 sur la r\\u00e9glementation &amp; les bons gestes !\",\"publisher\":{\"@id\":\"https:\/\/www.drivecase.fr\/conseils-prevention\/#organization\"},\"potentialAction\":[{\"@type\":\"SearchAction\",\"target\":{\"@type\":\"EntryPoint\",\"urlTemplate\":\"https:\/\/www.drivecase.fr\/conseils-prevention\/?s={search_term_string}\"},\"query-input\":\"required name=search_term_string\"}],\"inLanguage\":\"fr-FR\"},{\"@type\":\"ImageObject\",\"@id\":\"https:\/\/www.drivecase.fr\/conseils-prevention\/securite-velo\/comment-choisir-son-velo-electrique\/#primaryimage\",\"inLanguage\":\"fr-FR\",\"url\":\"https:\/\/www.drivecase.fr\/conseils-prevention\/wp-content\/uploads\/2025\/08\/acheter-choisir-son-velo-electrique.jpg\",\"contentUrl\":\"https:\/\/www.drivecase.fr\/conseils-prevention\/wp-content\/uploads\/2025\/08\/acheter-choisir-son-velo-electrique.jpg\",\"width\":1000,\"height\":666,\"caption\":\"acheter et choisir son velo electrique\"},{\"@type\":\"WebPage\",\"@id\":\"https:\/\/www.drivecase.fr\/conseils-prevention\/securite-velo\/comment-choisir-son-velo-electrique\/#webpage\",\"url\":\"https:\/\/www.drivecase.fr\/conseils-prevention\/securite-velo\/comment-choisir-son-velo-electrique\/\",\"name\":\"Comment choisir son v\\u00e9lo \\u00e9lectrique ?\",\"isPartOf\":{\"@id\":\"https:\/\/www.drivecase.fr\/conseils-prevention\/#website\"},\"primaryImageOfPage\":{\"@id\":\"https:\/\/www.drivecase.fr\/conseils-prevention\/securite-velo\/comment-choisir-son-velo-electrique\/#primaryimage\"},\"datePublished\":\"2025-08-20T14:02:14+00:00\",\"dateModified\":\"2025-10-22T14:23:55+00:00\",\"description\":\"Nombreux sont les caract\\u00e9ristiques en mati\\u00e8re de VAE : autonomie, puissance, poids... Comment choisir un v\\u00e9lo \\u00e9lectrique adapt\\u00e9 \\u00e0 ses besoins ?\",\"breadcrumb\":{\"@id\":\"https:\/\/www.drivecase.fr\/conseils-prevention\/securite-velo\/comment-choisir-son-velo-electrique\/#breadcrumb\"},\"inLanguage\":\"fr-FR\",\"potentialAction\":[{\"@type\":\"ReadAction\",\"target\":[\"https:\/\/www.drivecase.fr\/conseils-prevention\/securite-velo\/comment-choisir-son-velo-electrique\/\"]}]},{\"@type\":\"BreadcrumbList\",\"@id\":\"https:\/\/www.drivecase.fr\/conseils-prevention\/securite-velo\/comment-choisir-son-velo-electrique\/#breadcrumb\",\"itemListElement\":[{\"@type\":\"ListItem\",\"position\":1,\"name\":\"Conseils pr\\u00e9vention\",\"item\":\"https:\/\/www.drivecase.fr\/conseils-prevention\/\"},{\"@type\":\"ListItem\",\"position\":2,\"name\":\"S\\u00e9curit\\u00e9 \\u00e0 v\\u00e9lo\",\"item\":\"https:\/\/www.drivecase.fr\/conseils-prevention\/securite-velo\/\"},{\"@type\":\"ListItem\",\"position\":3,\"name\":\"Comment choisir son v\\u00e9lo \\u00e9lectrique ?\"}]},{\"@type\":\"Article\",\"@id\":\"https:\/\/www.drivecase.fr\/conseils-prevention\/securite-velo\/comment-choisir-son-velo-electrique\/#article\",\"isPartOf\":{\"@id\":\"https:\/\/www.drivecase.fr\/conseils-prevention\/securite-velo\/comment-choisir-son-velo-electrique\/#webpage\"},\"author\":{\"@id\":\"https:\/\/www.drivecase.fr\/conseils-prevention\/#\/schema\/person\/aa200483e1dfe452a20ca5faa190171f\"},\"headline\":\"Comment choisir son v\\u00e9lo \\u00e9lectrique ?\",\"datePublished\":\"2025-08-20T14:02:14+00:00\",\"dateModified\":\"2025-10-22T14:23:55+00:00\",\"mainEntityOfPage\":{\"@id\":\"https:\/\/www.drivecase.fr\/conseils-prevention\/securite-velo\/comment-choisir-son-velo-electrique\/#webpage\"},\"wordCount\":1457,\"publisher\":{\"@id\":\"https:\/\/www.drivecase.fr\/conseils-prevention\/#organization\"},\"image\":{\"@id\":\"https:\/\/www.drivecase.fr\/conseils-prevention\/securite-velo\/comment-choisir-son-velo-electrique\/#primaryimage\"},\"thumbnailUrl\":\"https:\/\/www.drivecase.fr\/conseils-prevention\/wp-content\/uploads\/2025\/08\/acheter-choisir-son-velo-electrique.jpg\",\"keywords\":[\"Quel produit choisir ?\"],\"articleSection\":[\"S\\u00e9curit\\u00e9 \\u00e0 v\\u00e9lo\"],\"inLanguage\":\"fr-FR\"},{\"@type\":\"Person\",\"@id\":\"https:\/\/www.drivecase.fr\/conseils-prevention\/#\/schema\/person\/aa200483e1dfe452a20ca5faa190171f\",\"name\":\"Lohan Spiteri\",\"image\":{\"@type\":\"ImageObject\",\"@id\":\"https:\/\/www.drivecase.fr\/conseils-prevention\/#personlogo\",\"inLanguage\":\"fr-FR\",\"url\":\"https:\/\/secure.gravatar.com\/avatar\/12fd36362b9a07a5829e42c9f15d9ce5?s=96&d=mm&r=g\",\"contentUrl\":\"https:\/\/secure.gravatar.com\/avatar\/12fd36362b9a07a5829e42c9f15d9ce5?s=96&d=mm&r=g\",\"caption\":\"Lohan Spiteri\"},\"description\":\"Charg\\u00e9 de client\\u00e8le chez Drivecase, je vous informe sur les sujets relatifs \\u00e0 la pr\\u00e9vention de l'alcool et des drogues, ainsi que sur la s\\u00e9curit\\u00e9 des cyclistes.\",\"url\":\"https:\/\/www.drivecase.fr\/conseils-prevention\/author\/lohan\/\"}]}<\/script>\n<!-- \/ Yoast SEO Premium plugin. -->","yoast_head_json":{"title":"Comment choisir son v\u00e9lo \u00e9lectrique ?","description":"Nombreux sont les caract\u00e9ristiques en mati\u00e8re de VAE : autonomie, puissance, poids... Comment choisir un v\u00e9lo \u00e9lectrique adapt\u00e9 \u00e0 ses besoins ?","robots":{"index":"index","follow":"follow","max-snippet":"max-snippet:-1","max-image-preview":"max-image-preview:large","max-video-preview":"max-video-preview:-1"},"canonical":"https:\/\/www.drivecase.fr\/conseils-prevention\/securite-velo\/comment-choisir-son-velo-electrique\/","og_locale":"fr_FR","og_type":"article","og_title":"Comment choisir son v\u00e9lo \u00e9lectrique ?","og_description":"Face aux initiatives encourageant les modes de transports plus respectueux de l&rsquo;environnement, les v&eacute;los &eacute;lectriques deviennent de","og_url":"https:\/\/www.drivecase.fr\/conseils-prevention\/securite-velo\/comment-choisir-son-velo-electrique\/","og_site_name":"S\u00e9curit\u00e9 routi\u00e8re, EPI &amp; pr\u00e9vention sanitaire | Conseils pr\u00e9vention Drivecase","article_publisher":"https:\/\/fr-fr.facebook.com\/drivecasefr","article_published_time":"2025-08-20T14:02:14+00:00","article_modified_time":"2025-10-22T14:23:55+00:00","og_image":[{"width":1000,"height":666,"url":"https:\/\/www.drivecase.fr\/conseils-prevention\/wp-content\/uploads\/2025\/08\/acheter-choisir-son-velo-electrique.jpg","type":"image\/jpeg"}],"twitter_card":"summary_large_image","twitter_creator":"@Drivecase","twitter_site":"@Drivecase","twitter_misc":{"\u00c9crit par":"Lohan Spiteri","Dur\u00e9e de lecture est.":"7 minutes"},"schema":{"@context":"https:\/\/schema.org","@graph":[{"@type":"Organization","@id":"https:\/\/www.drivecase.fr\/conseils-prevention\/#organization","name":"Drivecase","url":"https:\/\/www.drivecase.fr\/conseils-prevention\/","sameAs":["https:\/\/fr-fr.facebook.com\/drivecasefr","https:\/\/fr.linkedin.com\/company\/drivecase","https:\/\/www.youtube.com\/channel\/UCQ7ivAl-3feklwC1IX7HO8A","https:\/\/www.pinterest.fr\/drivecase3695\/","https:\/\/twitter.com\/Drivecase"],"logo":{"@type":"ImageObject","@id":"https:\/\/www.drivecase.fr\/conseils-prevention\/#logo","inLanguage":"fr-FR","url":"https:\/\/www.drivecase.fr\/conseils-prevention\/wp-content\/uploads\/2021\/02\/logo_conseils-prevention_bleu_vert-01.png","contentUrl":"https:\/\/www.drivecase.fr\/conseils-prevention\/wp-content\/uploads\/2021\/02\/logo_conseils-prevention_bleu_vert-01.png","width":2221,"height":667,"caption":"Drivecase"},"image":{"@id":"https:\/\/www.drivecase.fr\/conseils-prevention\/#logo"}},{"@type":"WebSite","@id":"https:\/\/www.drivecase.fr\/conseils-prevention\/#website","url":"https:\/\/www.drivecase.fr\/conseils-prevention\/","name":"S\u00e9curit\u00e9 routi\u00e8re, EPI &amp; pr\u00e9vention sanitaire | Conseils pr\u00e9vention Drivecase","description":"Le blog conseils pr\u00e9vention d\u00e9di\u00e9 \u00e0 la s\u00e9curit\u00e9 routi\u00e8re, aux EPI, premiers secours &amp; pr\u00e9vention sanitaire de Drivecase. Toute l&#039;actualit\u00e9 sur la r\u00e9glementation &amp; les bons gestes !","publisher":{"@id":"https:\/\/www.drivecase.fr\/conseils-prevention\/#organization"},"potentialAction":[{"@type":"SearchAction","target":{"@type":"EntryPoint","urlTemplate":"https:\/\/www.drivecase.fr\/conseils-prevention\/?s={search_term_string}"},"query-input":"required name=search_term_string"}],"inLanguage":"fr-FR"},{"@type":"ImageObject","@id":"https:\/\/www.drivecase.fr\/conseils-prevention\/securite-velo\/comment-choisir-son-velo-electrique\/#primaryimage","inLanguage":"fr-FR","url":"https:\/\/www.drivecase.fr\/conseils-prevention\/wp-content\/uploads\/2025\/08\/acheter-choisir-son-velo-electrique.jpg","contentUrl":"https:\/\/www.drivecase.fr\/conseils-prevention\/wp-content\/uploads\/2025\/08\/acheter-choisir-son-velo-electrique.jpg","width":1000,"height":666,"caption":"acheter et choisir son velo electrique"},{"@type":"WebPage","@id":"https:\/\/www.drivecase.fr\/conseils-prevention\/securite-velo\/comment-choisir-son-velo-electrique\/#webpage","url":"https:\/\/www.drivecase.fr\/conseils-prevention\/securite-velo\/comment-choisir-son-velo-electrique\/","name":"Comment choisir son v\u00e9lo \u00e9lectrique ?","isPartOf":{"@id":"https:\/\/www.drivecase.fr\/conseils-prevention\/#website"},"primaryImageOfPage":{"@id":"https:\/\/www.drivecase.fr\/conseils-prevention\/securite-velo\/comment-choisir-son-velo-electrique\/#primaryimage"},"datePublished":"2025-08-20T14:02:14+00:00","dateModified":"2025-10-22T14:23:55+00:00","description":"Nombreux sont les caract\u00e9ristiques en mati\u00e8re de VAE : autonomie, puissance, poids... Comment choisir un v\u00e9lo \u00e9lectrique adapt\u00e9 \u00e0 ses besoins ?","breadcrumb":{"@id":"https:\/\/www.drivecase.fr\/conseils-prevention\/securite-velo\/comment-choisir-son-velo-electrique\/#breadcrumb"},"inLanguage":"fr-FR","potentialAction":[{"@type":"ReadAction","target":["https:\/\/www.drivecase.fr\/conseils-prevention\/securite-velo\/comment-choisir-son-velo-electrique\/"]}]},{"@type":"BreadcrumbList","@id":"https:\/\/www.drivecase.fr\/conseils-prevention\/securite-velo\/comment-choisir-son-velo-electrique\/#breadcrumb","itemListElement":[{"@type":"ListItem","position":1,"name":"Conseils pr\u00e9vention","item":"https:\/\/www.drivecase.fr\/conseils-prevention\/"},{"@type":"ListItem","position":2,"name":"S\u00e9curit\u00e9 \u00e0 v\u00e9lo","item":"https:\/\/www.drivecase.fr\/conseils-prevention\/securite-velo\/"},{"@type":"ListItem","position":3,"name":"Comment choisir son v\u00e9lo \u00e9lectrique ?"}]},{"@type":"Article","@id":"https:\/\/www.drivecase.fr\/conseils-prevention\/securite-velo\/comment-choisir-son-velo-electrique\/#article","isPartOf":{"@id":"https:\/\/www.drivecase.fr\/conseils-prevention\/securite-velo\/comment-choisir-son-velo-electrique\/#webpage"},"author":{"@id":"https:\/\/www.drivecase.fr\/conseils-prevention\/#\/schema\/person\/aa200483e1dfe452a20ca5faa190171f"},"headline":"Comment choisir son v\u00e9lo \u00e9lectrique ?","datePublished":"2025-08-20T14:02:14+00:00","dateModified":"2025-10-22T14:23:55+00:00","mainEntityOfPage":{"@id":"https:\/\/www.drivecase.fr\/conseils-prevention\/securite-velo\/comment-choisir-son-velo-electrique\/#webpage"},"wordCount":1457,"publisher":{"@id":"https:\/\/www.drivecase.fr\/conseils-prevention\/#organization"},"image":{"@id":"https:\/\/www.drivecase.fr\/conseils-prevention\/securite-velo\/comment-choisir-son-velo-electrique\/#primaryimage"},"thumbnailUrl":"https:\/\/www.drivecase.fr\/conseils-prevention\/wp-content\/uploads\/2025\/08\/acheter-choisir-son-velo-electrique.jpg","keywords":["Quel produit choisir ?"],"articleSection":["S\u00e9curit\u00e9 \u00e0 v\u00e9lo"],"inLanguage":"fr-FR"},{"@type":"Person","@id":"https:\/\/www.drivecase.fr\/conseils-prevention\/#\/schema\/person\/aa200483e1dfe452a20ca5faa190171f","name":"Lohan Spiteri","image":{"@type":"ImageObject","@id":"https:\/\/www.drivecase.fr\/conseils-prevention\/#personlogo","inLanguage":"fr-FR","url":"https:\/\/secure.gravatar.com\/avatar\/12fd36362b9a07a5829e42c9f15d9ce5?s=96&d=mm&r=g","contentUrl":"https:\/\/secure.gravatar.com\/avatar\/12fd36362b9a07a5829e42c9f15d9ce5?s=96&d=mm&r=g","caption":"Lohan Spiteri"},"description":"Charg\u00e9 de client\u00e8le chez Drivecase, je vous informe sur les sujets relatifs \u00e0 la pr\u00e9vention de l'alcool et des drogues, ainsi que sur la s\u00e9curit\u00e9 des cyclistes.","url":"https:\/\/www.drivecase.fr\/conseils-prevention\/author\/lohan\/"}]}},"_links":{"self":[{"href":"https:\/\/www.drivecase.fr\/conseils-prevention\/wp-json\/wp\/v2\/posts\/16226"}],"collection":[{"href":"https:\/\/www.drivecase.fr\/conseils-prevention\/wp-json\/wp\/v2\/posts"}],"about":[{"href":"https:\/\/www.drivecase.fr\/conseils-prevention\/wp-json\/wp\/v2\/types\/post"}],"author":[{"embeddable":true,"href":"https:\/\/www.drivecase.fr\/conseils-prevention\/wp-json\/wp\/v2\/users\/27"}],"replies":[{"embeddable":true,"href":"https:\/\/www.drivecase.fr\/conseils-prevention\/wp-json\/wp\/v2\/comments?post=16226"}],"version-history":[{"count":32,"href":"https:\/\/www.drivecase.fr\/conseils-prevention\/wp-json\/wp\/v2\/posts\/16226\/revisions"}],"predecessor-version":[{"id":16508,"href":"https:\/\/www.drivecase.fr\/conseils-prevention\/wp-json\/wp\/v2\/posts\/16226\/revisions\/16508"}],"wp:featuredmedia":[{"embeddable":true,"href":"https:\/\/www.drivecase.fr\/conseils-prevention\/wp-json\/wp\/v2\/media\/16241"}],"wp:attachment":[{"href":"https:\/\/www.drivecase.fr\/conseils-prevention\/wp-json\/wp\/v2\/media?parent=16226"}],"wp:term":[{"taxonomy":"category","embeddable":true,"href":"https:\/\/www.drivecase.fr\/conseils-prevention\/wp-json\/wp\/v2\/categories?post=16226"},{"taxonomy":"post_tag","embeddable":true,"href":"https:\/\/www.drivecase.fr\/conseils-prevention\/wp-json\/wp\/v2\/tags?post=16226"}],"curies":[{"name":"wp","href":"https:\/\/api.w.org\/{rel}","templated":true}]}}