{"id":16455,"date":"2025-10-15T15:44:42","date_gmt":"2025-10-15T13:44:42","guid":{"rendered":"https:\/\/www.drivecase.fr\/conseils-prevention\/?p=16455"},"modified":"2025-10-22T16:33:03","modified_gmt":"2025-10-22T14:33:03","slug":"comment-occasion-soutient-une-conduite-plus-durable","status":"publish","type":"post","link":"https:\/\/www.drivecase.fr\/conseils-prevention\/securite-voiture\/comment-occasion-soutient-une-conduite-plus-durable\/","title":{"rendered":"Comment le march\u00e9 automobile de l\u2019occasion soutient une conduite plus durable"},"content":{"rendered":"\t\t<div data-elementor-type=\"wp-post\" data-elementor-id=\"16455\" class=\"elementor elementor-16455\" data-elementor-settings=\"[]\">\n\t\t\t\t\t\t\t<div class=\"elementor-section-wrap\">\n\t\t\t\t\t\t\t<section class=\"elementor-section elementor-top-section elementor-element elementor-element-6f7f58f elementor-section-boxed elementor-section-height-default elementor-section-height-default\" data-id=\"6f7f58f\" data-element_type=\"section\">\n\t\t\t\t\t\t<div class=\"elementor-container elementor-column-gap-default\">\n\t\t\t\t\t<div class=\"elementor-column elementor-col-100 elementor-top-column elementor-element elementor-element-a0e49fa\" data-id=\"a0e49fa\" data-element_type=\"column\">\n\t\t\t<div class=\"elementor-widget-wrap elementor-element-populated\">\n\t\t\t\t\t\t\t\t<div class=\"elementor-element elementor-element-4ebc950 elementor-widget elementor-widget-text-editor\" data-id=\"4ebc950\" data-element_type=\"widget\" data-widget_type=\"text-editor.default\">\n\t\t\t\t<div class=\"elementor-widget-container\">\n\t\t\t\t\t\t\t\t<p class=\"p1\">Les d\u00e9bats sur la transition \u00e9cologique dans le secteur automobile tournent souvent autour des m\u00eames sujets : \u00e9lectrification du parc, innovations technologiques, v\u00e9hicules \u00e0 hydrog\u00e8ne ou encore r\u00e9seaux de recharge. Pourtant, au c\u0153ur de cette effervescence, une solution simple, d\u00e9j\u00e0 accessible, reste largement sous-estim\u00e9e : l\u2019achat de voitures d\u2019occasion.<\/p><p class=\"p1\"><br \/>Alors que la France et l\u2019Europe s\u2019engagent vers une r\u00e9duction massive des \u00e9missions de gaz \u00e0 effet de serre, il devient n\u00e9cessaire de reconsid\u00e9rer non seulement ce que nous conduisons, mais aussi comment nous consommons la mobilit\u00e9. Acheter un v\u00e9hicule d\u2019occasion n\u2019est pas un pas en arri\u00e8re. C\u2019est, dans bien des cas, un choix lucide et responsable, \u00e0 la crois\u00e9e de l\u2019int\u00e9r\u00eat environnemental, \u00e9conomique et social.<\/p>\t\t\t\t\t\t<\/div>\n\t\t\t\t<\/div>\n\t\t\t\t\t<\/div>\n\t\t<\/div>\n\t\t\t\t\t\t\t<\/div>\n\t\t<\/section>\n\t\t\t\t<section class=\"elementor-section elementor-top-section elementor-element elementor-element-3df80244 elementor-section-boxed elementor-section-height-default elementor-section-height-default\" data-id=\"3df80244\" data-element_type=\"section\">\n\t\t\t\t\t\t<div class=\"elementor-container elementor-column-gap-default\">\n\t\t\t\t\t<div class=\"elementor-column elementor-col-100 elementor-top-column elementor-element elementor-element-35f21f00\" data-id=\"35f21f00\" data-element_type=\"column\">\n\t\t\t<div class=\"elementor-widget-wrap elementor-element-populated\">\n\t\t\t\t\t\t\t\t<div class=\"elementor-element elementor-element-36cfd27 elementor-toc--content-ellipsis elementor-toc--minimized-on-tablet elementor-widget elementor-widget-table-of-contents\" data-id=\"36cfd27\" data-element_type=\"widget\" data-settings=\"{&quot;headings_by_tags&quot;:[&quot;h2&quot;,&quot;h3&quot;],&quot;exclude_headings_by_selector&quot;:[],&quot;min_height&quot;:{&quot;unit&quot;:&quot;px&quot;,&quot;size&quot;:0,&quot;sizes&quot;:[]},&quot;marker_view&quot;:&quot;numbers&quot;,&quot;minimize_box&quot;:&quot;yes&quot;,&quot;minimized_on&quot;:&quot;tablet&quot;,&quot;hierarchical_view&quot;:&quot;yes&quot;,&quot;min_height_tablet&quot;:{&quot;unit&quot;:&quot;px&quot;,&quot;size&quot;:&quot;&quot;,&quot;sizes&quot;:[]},&quot;min_height_mobile&quot;:{&quot;unit&quot;:&quot;px&quot;,&quot;size&quot;:&quot;&quot;,&quot;sizes&quot;:[]}}\" data-widget_type=\"table-of-contents.default\">\n\t\t\t\t<div class=\"elementor-widget-container\">\n\t\t\t\t\t<div class=\"elementor-toc__header\">\n\t\t\t<div class=\"elementor-toc__header-title\">Naviguer au sein de l'article<\/div>\t\t\t\t\t\t\t<div class=\"elementor-toc__toggle-button elementor-toc__toggle-button--expand\"><i class=\"fas fa-chevron-down\"><\/i><\/div>\n\t\t\t\t<div class=\"elementor-toc__toggle-button elementor-toc__toggle-button--collapse\"><i class=\"fas fa-chevron-up\"><\/i><\/div>\n\t\t\t\t\t<\/div>\n\t\t<div class=\"elementor-toc__body\">\n\t\t\t<div class=\"elementor-toc__spinner-container\">\n\t\t\t\t<i class=\"elementor-toc__spinner eicon-loading eicon-animation-spin\" aria-hidden=\"true\"><\/i>\n\t\t\t<\/div>\n\t\t<\/div>\n\t\t\t\t<\/div>\n\t\t\t\t<\/div>\n\t\t\t\t\t<\/div>\n\t\t<\/div>\n\t\t\t\t\t\t\t<\/div>\n\t\t<\/section>\n\t\t\t\t<section class=\"elementor-section elementor-top-section elementor-element elementor-element-bed7020 elementor-section-boxed elementor-section-height-default elementor-section-height-default\" data-id=\"bed7020\" data-element_type=\"section\">\n\t\t\t\t\t\t<div class=\"elementor-container elementor-column-gap-default\">\n\t\t\t\t\t<div class=\"elementor-column elementor-col-100 elementor-top-column elementor-element elementor-element-2a0f3f6\" data-id=\"2a0f3f6\" data-element_type=\"column\">\n\t\t\t<div class=\"elementor-widget-wrap elementor-element-populated\">\n\t\t\t\t\t\t\t\t<div class=\"elementor-element elementor-element-b4a7647 elementor-widget elementor-widget-spacer\" data-id=\"b4a7647\" data-element_type=\"widget\" data-widget_type=\"spacer.default\">\n\t\t\t\t<div class=\"elementor-widget-container\">\n\t\t\t\t\t<div class=\"elementor-spacer\">\n\t\t\t<div class=\"elementor-spacer-inner\"><\/div>\n\t\t<\/div>\n\t\t\t\t<\/div>\n\t\t\t\t<\/div>\n\t\t\t\t<div class=\"elementor-element elementor-element-fa5f487 elementor-widget elementor-widget-heading\" data-id=\"fa5f487\" data-element_type=\"widget\" data-widget_type=\"heading.default\">\n\t\t\t\t<div class=\"elementor-widget-container\">\n\t\t\t<h2 class=\"elementor-heading-title elementor-size-xl\">R\u00e9duire l\u2019empreinte carbone avant m\u00eame de rouler\n<\/h2>\t\t<\/div>\n\t\t\t\t<\/div>\n\t\t\t\t<div class=\"elementor-element elementor-element-d5e570c elementor-widget elementor-widget-text-editor\" data-id=\"d5e570c\" data-element_type=\"widget\" data-widget_type=\"text-editor.default\">\n\t\t\t\t<div class=\"elementor-widget-container\">\n\t\t\t\t\t\t\t\t<p class=\"p1\">La production d\u2019un v\u00e9hicule neuf \u2013 qu\u2019il s\u2019agisse d\u2019un mod\u00e8le thermique, hybride ou \u00e9lectrique \u2013 mobilise une quantit\u00e9 importante de ressources naturelles et d\u2019\u00e9nergie. Entre l\u2019extraction des mati\u00e8res premi\u00e8res, la fabrication des composants, l\u2019assemblage en usine et la logistique mondiale, chaque voiture neuve engendre entre 5 et 15 tonnes de CO<span class=\"s1\">\u2082<\/span> avant sa premi\u00e8re mise en circulation. Ce chiffre, issu des donn\u00e9es de l\u2019ADEME et du SDES, rappelle que l\u2019impact environnemental d\u2019un v\u00e9hicule commence bien avant que l\u2019on tourne la cl\u00e9 de contact.<\/p><p class=\"p1\"><br \/>En comparaison, l\u2019achat d\u2019un v\u00e9hicule d\u2019occasion permet de contourner enti\u00e8rement cette phase de fabrication, tout en prolongeant la dur\u00e9e de vie utile du produit. En r\u00e9utilisant un bien existant, on \u00e9vite des \u00e9missions \u00e9vitables. C\u2019est le principe de base de l\u2019\u00e9conomie circulaire, souvent mis en avant dans le textile ou l\u2019\u00e9lectronique, mais tout aussi valable dans l\u2019automobile.<\/p>\t\t\t\t\t\t<\/div>\n\t\t\t\t<\/div>\n\t\t\t\t<div class=\"elementor-element elementor-element-0cfd7b7 elementor-widget elementor-widget-image\" data-id=\"0cfd7b7\" data-element_type=\"widget\" data-widget_type=\"image.default\">\n\t\t\t\t<div class=\"elementor-widget-container\">\n\t\t\t\t\t\t\t\t\t\t\t\t\t\t\t<picture class=\"attachment-large size-large sp-no-webp\" style=\"height:61.29%;max-width:1253px;\"><source srcset=\"https:\/\/www.drivecase.fr\/conseils-prevention\/wp-content\/uploads\/2025\/10\/Voiture-ecomique-1024x628.webp 1024w,https:\/\/www.drivecase.fr\/conseils-prevention\/wp-content\/uploads\/2025\/10\/Voiture-ecomique-300x184.webp 300w,https:\/\/www.drivecase.fr\/conseils-prevention\/wp-content\/uploads\/2025\/10\/Voiture-ecomique-768x471.webp 768w,https:\/\/www.drivecase.fr\/conseils-prevention\/wp-content\/uploads\/2025\/10\/Voiture-ecomique.webp 1253w\" sizes=\"(max-width: 750px) 100vw, 750px\" type=\"image\/webp\"><source srcset=\"https:\/\/www.drivecase.fr\/conseils-prevention\/wp-content\/uploads\/2025\/10\/Voiture-ecomique-1024x628.jpg 1024w, https:\/\/www.drivecase.fr\/conseils-prevention\/wp-content\/uploads\/2025\/10\/Voiture-ecomique-300x184.jpg 300w, https:\/\/www.drivecase.fr\/conseils-prevention\/wp-content\/uploads\/2025\/10\/Voiture-ecomique-768x471.jpg 768w, https:\/\/www.drivecase.fr\/conseils-prevention\/wp-content\/uploads\/2025\/10\/Voiture-ecomique.jpg 1253w\" sizes=\"(max-width: 750px) 100vw, 750px\" type=\"image\/jpeg\"><img src=\"https:\/\/www.drivecase.fr\/conseils-prevention\/wp-content\/uploads\/2025\/10\/Voiture-ecomique-1024x628.jpg\" class=\"attachment-large size-large sp-no-webp\" loading=\"lazy\" style=\"width:100%;height:61.29%;max-width:1253px;\" alt=\"\" height=\"460\" width=\"750\" srcset=\"https:\/\/www.drivecase.fr\/conseils-prevention\/wp-content\/uploads\/2025\/10\/Voiture-ecomique-1024x628.jpg 1024w, https:\/\/www.drivecase.fr\/conseils-prevention\/wp-content\/uploads\/2025\/10\/Voiture-ecomique-300x184.jpg 300w, https:\/\/www.drivecase.fr\/conseils-prevention\/wp-content\/uploads\/2025\/10\/Voiture-ecomique-768x471.jpg 768w, https:\/\/www.drivecase.fr\/conseils-prevention\/wp-content\/uploads\/2025\/10\/Voiture-ecomique.jpg 1253w\" sizes=\"(max-width: 750px) 100vw, 750px\"><\/picture>\t\t\t\t\t\t\t\t\t\t\t\t\t\t\t<\/div>\n\t\t\t\t<\/div>\n\t\t\t\t<section class=\"elementor-section elementor-inner-section elementor-element elementor-element-6409b53 elementor-section-height-min-height elementor-section-boxed elementor-section-height-default\" data-id=\"6409b53\" data-element_type=\"section\" data-settings=\"{&quot;background_background&quot;:&quot;gradient&quot;}\">\n\t\t\t\t\t\t\t<div class=\"elementor-background-overlay\"><\/div>\n\t\t\t\t\t\t\t<div class=\"elementor-container elementor-column-gap-default\">\n\t\t\t\t\t<div class=\"elementor-column elementor-col-50 elementor-inner-column elementor-element elementor-element-3475629\" data-id=\"3475629\" data-element_type=\"column\">\n\t\t\t<div class=\"elementor-widget-wrap elementor-element-populated\">\n\t\t\t\t\t\t\t\t<div class=\"elementor-element elementor-element-bde2cbd elementor-widget elementor-widget-heading\" data-id=\"bde2cbd\" data-element_type=\"widget\" data-widget_type=\"heading.default\">\n\t\t\t\t<div class=\"elementor-widget-container\">\n\t\t\t<p class=\"elementor-heading-title elementor-size-default\">Sent bon voiture personnalis\u00e9\n<\/p>\t\t<\/div>\n\t\t\t\t<\/div>\n\t\t\t\t<div class=\"elementor-element elementor-element-3a30256 elementor-widget elementor-widget-text-editor\" data-id=\"3a30256\" data-element_type=\"widget\" data-widget_type=\"text-editor.default\">\n\t\t\t\t<div class=\"elementor-widget-container\">\n\t\t\t\t\t\t\t\t<p>D\u00e9couvrez notre sent bon personnalisable avec votre logo ou message, un accessoire utile et pratique \u00e0 offrir \u00e0 vos collaborateurs et prospects.<\/p>\t\t\t\t\t\t<\/div>\n\t\t\t\t<\/div>\n\t\t\t\t\t<\/div>\n\t\t<\/div>\n\t\t\t\t<div class=\"elementor-column elementor-col-50 elementor-inner-column elementor-element elementor-element-4a2c039\" data-id=\"4a2c039\" data-element_type=\"column\">\n\t\t\t<div class=\"elementor-widget-wrap elementor-element-populated\">\n\t\t\t\t\t\t\t\t<div class=\"elementor-element elementor-element-3f0f809 elementor-align-center elementor-widget elementor-widget-button\" data-id=\"3f0f809\" data-element_type=\"widget\" data-widget_type=\"button.default\">\n\t\t\t\t<div class=\"elementor-widget-container\">\n\t\t\t\t\t<div class=\"elementor-button-wrapper\">\n\t\t\t<a href=\"https:\/\/www.drivecase.fr\/sentorettes-desodorisants-auto-personnalises\/600-desodorisant-sentorette-auto-sur-mesure-personnalisable.html\" target=\"_blank\" class=\"elementor-button-link elementor-button elementor-size-sm elementor-animation-grow\" role=\"button\">\n\t\t\t\t\t\t<span class=\"elementor-button-content-wrapper\">\n\t\t\t\t\t\t<span class=\"elementor-button-icon elementor-align-icon-left\">\n\t\t\t\t<i aria-hidden=\"true\" class=\"fas fa-shopping-cart\"><\/i>\t\t\t<\/span>\n\t\t\t\t\t\t<span class=\"elementor-button-text\">Sent bon voiture personnalis\u00e9<\/span>\n\t\t<\/span>\n\t\t\t\t\t<\/a>\n\t\t<\/div>\n\t\t\t\t<\/div>\n\t\t\t\t<\/div>\n\t\t\t\t\t<\/div>\n\t\t<\/div>\n\t\t\t\t\t\t\t<\/div>\n\t\t<\/section>\n\t\t\t\t<div class=\"elementor-element elementor-element-fe01860 elementor-widget elementor-widget-heading\" data-id=\"fe01860\" data-element_type=\"widget\" data-widget_type=\"heading.default\">\n\t\t\t\t<div class=\"elementor-widget-container\">\n\t\t\t<h2 class=\"elementor-heading-title elementor-size-xl\">L\u2019\u00e9conomie circulaire appliqu\u00e9e \u00e0 l\u2019automobile\n<\/h2>\t\t<\/div>\n\t\t\t\t<\/div>\n\t\t\t\t<div class=\"elementor-element elementor-element-fe60de0 elementor-widget elementor-widget-text-editor\" data-id=\"fe60de0\" data-element_type=\"widget\" data-widget_type=\"text-editor.default\">\n\t\t\t\t<div class=\"elementor-widget-container\">\n\t\t\t\t\t\t\t\t<p>Acheter un v&eacute;hicule de seconde main, c&rsquo;est contribuer &agrave; une &eacute;conomie o&ugrave; l&rsquo;on r&eacute;pare, r&eacute;utilise et optimise plut&ocirc;t que de produire &agrave; nouveau. Cette approche pr&eacute;sente plusieurs avantages :<\/p>\n<ul>\n<li>Allongement de la dur&eacute;e de vie des v&eacute;hicules : un moteur thermique bien entretenu peut d&eacute;passer sans difficult&eacute; les 200 000 &agrave; 250 000 kilom&egrave;tres.<\/li>\n<li>R&eacute;utilisation de pi&egrave;ces d&eacute;tach&eacute;es : cela &eacute;vite la fabrication de pi&egrave;ces neuves et limite les flux logistiques internationaux.<\/li>\n<li>R&eacute;duction des d&eacute;chets automobiles : les v&eacute;hicules qui restent en circulation plus longtemps &eacute;vitent une mise au rebut pr&eacute;matur&eacute;e.<\/li>\n<li>Soutien &agrave; l&rsquo;&eacute;conomie locale : garages, ateliers de reconditionnement, services de contr&ocirc;le technique participent &agrave; une cha&icirc;ne de valeur plus ancr&eacute;e dans les territoires.<\/li>\n<\/ul>\n<p>En valorisant ce qui existe d&eacute;j&agrave;, on r&eacute;duit la pression sur les ressources naturelles, tout en favorisant des circuits &eacute;conomiques plus courts et plus r&eacute;silients.<\/p>\t\t\t\t\t\t<\/div>\n\t\t\t\t<\/div>\n\t\t\t\t<div class=\"elementor-element elementor-element-964d4a2 elementor-widget elementor-widget-heading\" data-id=\"964d4a2\" data-element_type=\"widget\" data-widget_type=\"heading.default\">\n\t\t\t\t<div class=\"elementor-widget-container\">\n\t\t\t<h2 class=\"elementor-heading-title elementor-size-xl\">Une opportunit\u00e9 d\u2019acc\u00e9der \u00e0 de meilleurs v\u00e9hicules, de mani\u00e8re plus durable\n<\/h2>\t\t<\/div>\n\t\t\t\t<\/div>\n\t\t\t\t<div class=\"elementor-element elementor-element-163bbdf elementor-widget elementor-widget-text-editor\" data-id=\"163bbdf\" data-element_type=\"widget\" data-widget_type=\"text-editor.default\">\n\t\t\t\t<div class=\"elementor-widget-container\">\n\t\t\t\t\t\t\t\t<p>Contrairement \u00e0 une id\u00e9e re\u00e7ue encore tenace, la voiture d\u2019occasion n\u2019est plus synonyme de vieux diesel polluant ou de risque m\u00e9canique. Le march\u00e9 a profond\u00e9ment \u00e9volu\u00e9 : on y trouve aujourd\u2019hui des v\u00e9hicules r\u00e9cents, faiblement kilom\u00e9tr\u00e9s, r\u00e9guli\u00e8rement entretenus, et r\u00e9pondant aux derni\u00e8res normes en vigueur (Euro 5, Euro 6, Crit\u2019Air 1 ou 2).<\/p><p>Cela permet aussi d\u2019acc\u00e9der \u00e0 des mod\u00e8les haut de gamme ou mieux \u00e9quip\u00e9s, que l\u2019on n\u2019aurait peut-\u00eatre pas pu s\u2019offrir neufs. Par exemple, pour qui souhaite conjuguer confort, performance et responsabilit\u00e9 environnementale, il est possible d\u2019<a href=\"https:\/\/www.bymycar.be\/fr\/v\/mercedes-occasion\">acheter une Mercedes d&rsquo;occasion en ligne<\/a>. Ce type de d\u00e9marche permet non seulement de faire un choix qualitatif, mais aussi de r\u00e9duire son empreinte carbone sans compromis sur le plaisir de conduite ou la fiabilit\u00e9.<\/p><p><br \/>Ce mod\u00e8le de consommation plus raisonn\u00e9 s\u2019impose peu \u00e0 peu comme une alternative s\u00e9rieuse \u00e0 l\u2019achat neuf syst\u00e9matique, qui, rappelons-le, reste co\u00fbteux en ressources comme en budget.<\/p>\t\t\t\t\t\t<\/div>\n\t\t\t\t<\/div>\n\t\t\t\t<div class=\"elementor-element elementor-element-6275851 elementor-widget elementor-widget-image\" data-id=\"6275851\" data-element_type=\"widget\" data-widget_type=\"image.default\">\n\t\t\t\t<div class=\"elementor-widget-container\">\n\t\t\t\t\t\t\t\t\t\t\t\t\t\t\t<picture class=\"attachment-large size-large sp-no-webp\" style=\"height:66.67%;max-width:1500px;\"><source srcset=\"https:\/\/www.drivecase.fr\/conseils-prevention\/wp-content\/uploads\/2025\/10\/mercedes-occasion-1024x683.webp 1024w,https:\/\/www.drivecase.fr\/conseils-prevention\/wp-content\/uploads\/2025\/10\/mercedes-occasion-300x200.webp 300w,https:\/\/www.drivecase.fr\/conseils-prevention\/wp-content\/uploads\/2025\/10\/mercedes-occasion-768x512.webp 768w,https:\/\/www.drivecase.fr\/conseils-prevention\/wp-content\/uploads\/2025\/10\/mercedes-occasion.webp 1500w\" sizes=\"(max-width: 750px) 100vw, 750px\" type=\"image\/webp\"><source srcset=\"https:\/\/www.drivecase.fr\/conseils-prevention\/wp-content\/uploads\/2025\/10\/mercedes-occasion-1024x683.jpg 1024w, https:\/\/www.drivecase.fr\/conseils-prevention\/wp-content\/uploads\/2025\/10\/mercedes-occasion-300x200.jpg 300w, https:\/\/www.drivecase.fr\/conseils-prevention\/wp-content\/uploads\/2025\/10\/mercedes-occasion-768x512.jpg 768w, https:\/\/www.drivecase.fr\/conseils-prevention\/wp-content\/uploads\/2025\/10\/mercedes-occasion.jpg 1500w\" sizes=\"(max-width: 750px) 100vw, 750px\" type=\"image\/jpeg\"><img src=\"https:\/\/www.drivecase.fr\/conseils-prevention\/wp-content\/uploads\/2025\/10\/mercedes-occasion-1024x683.jpg\" class=\"attachment-large size-large sp-no-webp\" loading=\"lazy\" style=\"width:100%;height:66.67%;max-width:1500px;\" alt=\"\" height=\"500\" width=\"750\" srcset=\"https:\/\/www.drivecase.fr\/conseils-prevention\/wp-content\/uploads\/2025\/10\/mercedes-occasion-1024x683.jpg 1024w, https:\/\/www.drivecase.fr\/conseils-prevention\/wp-content\/uploads\/2025\/10\/mercedes-occasion-300x200.jpg 300w, https:\/\/www.drivecase.fr\/conseils-prevention\/wp-content\/uploads\/2025\/10\/mercedes-occasion-768x512.jpg 768w, https:\/\/www.drivecase.fr\/conseils-prevention\/wp-content\/uploads\/2025\/10\/mercedes-occasion.jpg 1500w\" sizes=\"(max-width: 750px) 100vw, 750px\"><\/picture>\t\t\t\t\t\t\t\t\t\t\t\t\t\t\t<\/div>\n\t\t\t\t<\/div>\n\t\t\t\t<div class=\"elementor-element elementor-element-ed32d52 elementor-widget elementor-widget-heading\" data-id=\"ed32d52\" data-element_type=\"widget\" data-widget_type=\"heading.default\">\n\t\t\t\t<div class=\"elementor-widget-container\">\n\t\t\t<h2 class=\"elementor-heading-title elementor-size-xl\">Des v\u00e9hicules souvent compatibles avec les exigences environnementales<\/h2>\t\t<\/div>\n\t\t\t\t<\/div>\n\t\t\t\t<div class=\"elementor-element elementor-element-509f6fe elementor-widget elementor-widget-text-editor\" data-id=\"509f6fe\" data-element_type=\"widget\" data-widget_type=\"text-editor.default\">\n\t\t\t\t<div class=\"elementor-widget-container\">\n\t\t\t\t\t\t\t\t<p>En 2025, 73,5 % des voitures en circulation en France sont class\u00e9es Crit\u2019Air E, 1 ou 2. Cela signifie qu\u2019une grande majorit\u00e9 du parc roulant peut circuler dans les <a href=\"https:\/\/www.drivecase.fr\/conseils-prevention\/securite-voiture\/suppression-des-zfe-quest-ce-que-ca-signifie\/\">zones \u00e0 faibles \u00e9missions (ZFE)<\/a>, de plus en plus nombreuses dans les agglom\u00e9rations.<\/p><p><br \/>L\u00e0 encore, le march\u00e9 de l\u2019occasion permet de r\u00e9pondre \u00e0 ces exigences sans devoir investir dans un v\u00e9hicule neuf. On trouve d\u00e9sormais des v\u00e9hicules hybrides ou \u00e9lectriques de seconde main \u00e0 des prix bien plus accessibles. Les normes environnementales ne sont donc pas n\u00e9cessairement un obstacle : elles peuvent m\u00eame inciter \u00e0 rechercher des mod\u00e8les performants sur le march\u00e9 de l\u2019occasion, \u00e0 budget ma\u00eetris\u00e9.<\/p>\t\t\t\t\t\t<\/div>\n\t\t\t\t<\/div>\n\t\t\t\t<div class=\"elementor-element elementor-element-e75c0d9 elementor-widget elementor-widget-heading\" data-id=\"e75c0d9\" data-element_type=\"widget\" data-widget_type=\"heading.default\">\n\t\t\t\t<div class=\"elementor-widget-container\">\n\t\t\t<h2 class=\"elementor-heading-title elementor-size-xl\">Une mani\u00e8re de conduire et de consommer autrement\n<\/h2>\t\t<\/div>\n\t\t\t\t<\/div>\n\t\t\t\t<div class=\"elementor-element elementor-element-35eefdb elementor-widget elementor-widget-text-editor\" data-id=\"35eefdb\" data-element_type=\"widget\" data-widget_type=\"text-editor.default\">\n\t\t\t\t<div class=\"elementor-widget-container\">\n\t\t\t\t\t\t\t\t<p>La mobilit\u00e9 responsable ne se limite pas \u00e0 l\u2019acte d\u2019achat. Elle passe aussi par un usage plus sobre, plus conscient du v\u00e9hicule. L\u2019\u00e9co-conduite, l\u2019entretien r\u00e9gulier et la r\u00e9duction des trajets inutiles sont autant de leviers compl\u00e9mentaires.<\/p><p><br \/>Adopter une conduite souple, anticiper les freinages, couper le moteur \u00e0 l\u2019arr\u00eat, v\u00e9rifier la pression des pneus : ces gestes simples permettent de r\u00e9duire la consommation de carburant et donc les \u00e9missions de CO\u2082. Ils contribuent aussi \u00e0 prolonger la dur\u00e9e de vie du v\u00e9hicule, r\u00e9duisant encore son impact environnemental global.<\/p><p><br \/>De la m\u00eame mani\u00e8re, choisir un v\u00e9hicule adapt\u00e9 \u00e0 ses besoins r\u00e9els plut\u00f4t que de surdimensionner ses choix par effet de mode ou de confort mal \u00e9valu\u00e9 participe d\u2019une logique d\u2019efficacit\u00e9 et de bon sens.<\/p>\t\t\t\t\t\t<\/div>\n\t\t\t\t<\/div>\n\t\t\t\t<div class=\"elementor-element elementor-element-0a1254c elementor-widget elementor-widget-heading\" data-id=\"0a1254c\" data-element_type=\"widget\" data-widget_type=\"heading.default\">\n\t\t\t\t<div class=\"elementor-widget-container\">\n\t\t\t<h2 class=\"elementor-heading-title elementor-size-xl\">Un march\u00e9 devenu plus s\u00fbr, plus encadr\u00e9, plus accessible\n<\/h2>\t\t<\/div>\n\t\t\t\t<\/div>\n\t\t\t\t<div class=\"elementor-element elementor-element-3c8cdc3 elementor-widget elementor-widget-text-editor\" data-id=\"3c8cdc3\" data-element_type=\"widget\" data-widget_type=\"text-editor.default\">\n\t\t\t\t<div class=\"elementor-widget-container\">\n\t\t\t\t\t\t\t\t<p>Autrefois opaque, le march&eacute; de l&rsquo;occasion s&rsquo;est fortement professionnalis&eacute; ces derni&egrave;res ann&eacute;es. De nombreux acteurs offrent aujourd&rsquo;hui des prestations tr&egrave;s proches de celles du neuf : garantie, historique complet, services de financement, contr&ocirc;le qualit&eacute;, voire livraison &agrave; domicile.<\/p>\n<p>L&rsquo;essor des plateformes en ligne, la <a href=\"https:\/\/histovec.interieur.gouv.fr\/histovec\/accueil\">transparence accrue des donn&eacute;es<\/a> (via les historiques d&rsquo;entretien ou les bases de contr&ocirc;le technique) et la mont&eacute;e en puissance du reconditionnement participent &agrave; restaurer la confiance des acheteurs.<\/p>\n<p>Ce changement structurel rend l&rsquo;achat d&rsquo;occasion non seulement plus facile, mais aussi plus fiable, en particulier pour les m&eacute;nages modestes ou les jeunes conducteurs qui ont besoin d&rsquo;un v&eacute;hicule s&ucirc;r sans se ruiner.<\/p>\t\t\t\t\t\t<\/div>\n\t\t\t\t<\/div>\n\t\t\t\t<div class=\"elementor-element elementor-element-621a321 elementor-widget elementor-widget-heading\" data-id=\"621a321\" data-element_type=\"widget\" data-widget_type=\"heading.default\">\n\t\t\t\t<div class=\"elementor-widget-container\">\n\t\t\t<h2 class=\"elementor-heading-title elementor-size-xl\">Une r\u00e9ponse inclusive et r\u00e9aliste \u00e0 la transition \u00e9cologique\n<\/h2>\t\t<\/div>\n\t\t\t\t<\/div>\n\t\t\t\t<div class=\"elementor-element elementor-element-7df8b8d elementor-widget elementor-widget-text-editor\" data-id=\"7df8b8d\" data-element_type=\"widget\" data-widget_type=\"text-editor.default\">\n\t\t\t\t<div class=\"elementor-widget-container\">\n\t\t\t\t\t\t\t\t<p>Tout le monde ne peut pas acheter un v\u00e9hicule \u00e9lectrique neuf \u00e0 40 000 euros. Et il serait contre-productif de faire de la mobilit\u00e9 bas-carbone un luxe r\u00e9serv\u00e9 \u00e0 quelques-uns.<\/p><p><br \/>En r\u00e9alit\u00e9, une voiture d\u2019occasion bien choisie, bien entretenue, adapt\u00e9e \u00e0 ses besoins, peut s\u2019av\u00e9rer plus \u00e9cologique qu\u2019un v\u00e9hicule neuf mal utilis\u00e9. C\u2019est une r\u00e9ponse r\u00e9aliste, applicable d\u00e8s aujourd\u2019hui, et adapt\u00e9e \u00e0 la diversit\u00e9 des profils, des revenus, des territoires.<\/p><p><br \/>La transition vers une mobilit\u00e9 plus sobre ne passera pas uniquement par l\u2019innovation technologique. Elle passera aussi par des gestes concrets et pragmatiques, comme prolonger la dur\u00e9e de vie des v\u00e9hicules, \u00e9viter la surconsommation, et repenser notre rapport \u00e0 l\u2019automobile.<\/p>\t\t\t\t\t\t<\/div>\n\t\t\t\t<\/div>\n\t\t\t\t<div class=\"elementor-element elementor-element-d64a772 elementor-widget elementor-widget-heading\" data-id=\"d64a772\" data-element_type=\"widget\" data-widget_type=\"heading.default\">\n\t\t\t\t<div class=\"elementor-widget-container\">\n\t\t\t<h2 class=\"elementor-heading-title elementor-size-xl\">Une r\u00e9ponse inclusive et r\u00e9aliste \u00e0 la transition \u00e9cologique\n<\/h2>\t\t<\/div>\n\t\t\t\t<\/div>\n\t\t\t\t<div class=\"elementor-element elementor-element-c29e565 elementor-widget elementor-widget-text-editor\" data-id=\"c29e565\" data-element_type=\"widget\" data-widget_type=\"text-editor.default\">\n\t\t\t\t<div class=\"elementor-widget-container\">\n\t\t\t\t\t\t\t\t<p>La mobilit\u00e9 de demain ne sera pas seulement \u00e9lectrique ou connect\u00e9e. Elle sera, aussi, faite de d\u00e9cisions simples, accessibles et efficaces. Et parmi elles, le choix de l\u2019occasion m\u00e9rite d\u2019\u00eatre pleinement reconnu pour ce qu\u2019il est : une solution d\u2019avenir, d\u00e9j\u00e0 \u00e0 notre port\u00e9e.<\/p><p><br \/>Mais cette d\u00e9marche soul\u00e8ve aussi une autre question essentielle : comment accompagner les usagers, notamment les plus jeunes, vers une conduite plus responsable et s\u00e9curis\u00e9e ? Car prolonger la vie d\u2019un v\u00e9hicule suppose aussi de savoir en prendre soin \u2014 et cela passe par l\u2019\u00e9ducation, la pr\u00e9vention, mais aussi par un changement de regard sur l\u2019automobile.<\/p><p><br \/>Repenser la mobilit\u00e9, ce n\u2019est pas seulement changer de voiture, c\u2019est aussi revoir notre fa\u00e7on de conduire, de nous d\u00e9placer, de consommer. Int\u00e9grer la s\u00e9curit\u00e9 routi\u00e8re, l\u2019entretien, la sobri\u00e9t\u00e9 dans nos habitudes devient alors aussi important que le choix du v\u00e9hicule lui-m\u00eame. Finalement, faire durer un v\u00e9hicule, c\u2019est aussi faire durer notre capacit\u00e9 \u00e0 vivre dans un monde plus \u00e9quilibr\u00e9.<\/p>\t\t\t\t\t\t<\/div>\n\t\t\t\t<\/div>\n\t\t\t\t<section class=\"elementor-section elementor-inner-section elementor-element elementor-element-a4640e8 elementor-section-height-min-height elementor-section-boxed elementor-section-height-default\" data-id=\"a4640e8\" data-element_type=\"section\" data-settings=\"{&quot;background_background&quot;:&quot;gradient&quot;}\">\n\t\t\t\t\t\t\t<div class=\"elementor-background-overlay\"><\/div>\n\t\t\t\t\t\t\t<div class=\"elementor-container elementor-column-gap-default\">\n\t\t\t\t\t<div class=\"elementor-column elementor-col-50 elementor-inner-column elementor-element elementor-element-37bd2c3\" data-id=\"37bd2c3\" data-element_type=\"column\">\n\t\t\t<div class=\"elementor-widget-wrap elementor-element-populated\">\n\t\t\t\t\t\t\t\t<div class=\"elementor-element elementor-element-8d09803 elementor-widget elementor-widget-heading\" data-id=\"8d09803\" data-element_type=\"widget\" data-widget_type=\"heading.default\">\n\t\t\t\t<div class=\"elementor-widget-container\">\n\t\t\t<p class=\"elementor-heading-title elementor-size-default\">Kit s\u00e9curit\u00e9 triangle et gilet\n<\/p>\t\t<\/div>\n\t\t\t\t<\/div>\n\t\t\t\t<div class=\"elementor-element elementor-element-dc4780c elementor-widget elementor-widget-text-editor\" data-id=\"dc4780c\" data-element_type=\"widget\" data-widget_type=\"text-editor.default\">\n\t\t\t\t<div class=\"elementor-widget-container\">\n\t\t\t\t\t\t\t\t<p>Kit de s\u00e9curit\u00e9 avec gilet de s\u00e9curit\u00e9 et triangle de pr\u00e9signalisation conformes aux normes europ\u00e9ennes \u00e0 prix grossiste.<\/p>\t\t\t\t\t\t<\/div>\n\t\t\t\t<\/div>\n\t\t\t\t\t<\/div>\n\t\t<\/div>\n\t\t\t\t<div class=\"elementor-column elementor-col-50 elementor-inner-column elementor-element elementor-element-08b05ab\" data-id=\"08b05ab\" data-element_type=\"column\">\n\t\t\t<div class=\"elementor-widget-wrap elementor-element-populated\">\n\t\t\t\t\t\t\t\t<div class=\"elementor-element elementor-element-366bf9c elementor-align-center elementor-widget elementor-widget-button\" data-id=\"366bf9c\" data-element_type=\"widget\" data-widget_type=\"button.default\">\n\t\t\t\t<div class=\"elementor-widget-container\">\n\t\t\t\t\t<div class=\"elementor-button-wrapper\">\n\t\t\t<a href=\"https:\/\/www.drivecase.fr\/kit-triangle-et-gilet\/310-kit-triangle-et-gilet-premier-prix.html\" target=\"_blank\" class=\"elementor-button-link elementor-button elementor-size-sm elementor-animation-grow\" role=\"button\">\n\t\t\t\t\t\t<span class=\"elementor-button-content-wrapper\">\n\t\t\t\t\t\t<span class=\"elementor-button-icon elementor-align-icon-left\">\n\t\t\t\t<i aria-hidden=\"true\" class=\"fas fa-shopping-cart\"><\/i>\t\t\t<\/span>\n\t\t\t\t\t\t<span class=\"elementor-button-text\">Kit s\u00e9curit\u00e9 triangle et gilet<\/span>\n\t\t<\/span>\n\t\t\t\t\t<\/a>\n\t\t<\/div>\n\t\t\t\t<\/div>\n\t\t\t\t<\/div>\n\t\t\t\t\t<\/div>\n\t\t<\/div>\n\t\t\t\t\t\t\t<\/div>\n\t\t<\/section>\n\t\t\t\t\t<\/div>\n\t\t<\/div>\n\t\t\t\t\t\t\t<\/div>\n\t\t<\/section>\n\t\t\t\t\t\t<\/div>\n\t\t\t\t\t<\/div>\n\t\t","protected":false},"excerpt":{"rendered":"<p>Les d\u00e9bats sur la transition \u00e9cologique dans le secteur automobile tournent souvent autour des m\u00eames sujets : \u00e9lectrification du parc, innovations technologiques, v\u00e9hicules \u00e0 hydrog\u00e8ne ou encore r\u00e9seaux de recharge. Pourtant, au c\u0153ur de cette effervescence, une solution simple, d\u00e9j\u00e0 accessible, reste largement sous-estim\u00e9e : l\u2019achat de voitures d\u2019occasion. Alors que la France et l\u2019Europe&hellip; <a class=\"more-link\" href=\"https:\/\/www.drivecase.fr\/conseils-prevention\/securite-voiture\/comment-occasion-soutient-une-conduite-plus-durable\/\">Poursuivre la lecture <span class=\"screen-reader-text\">Comment le march\u00e9 automobile de l\u2019occasion soutient une conduite plus durable<\/span><\/a><\/p>\n","protected":false},"author":4,"featured_media":16458,"comment_status":"closed","ping_status":"closed","sticky":false,"template":"","format":"standard","meta":[],"categories":[9],"tags":[20],"yoast_head":"<!-- This site is optimized with the Yoast SEO Premium plugin v17.4 (Yoast SEO v17.4) - https:\/\/yoast.com\/wordpress\/plugins\/seo\/ -->\n<title>Comment le march\u00e9 automobile de l\u2019occasion soutient une conduite plus durable<\/title>\n<meta name=\"description\" content=\"Et si rouler durable passait par l\u2019occasion ? D\u00e9couvrez comment le march\u00e9 de l&#039;occasion r\u00e9volutionne la mobilit\u00e9 responsable.\" \/>\n<meta name=\"robots\" content=\"index, follow, max-snippet:-1, max-image-preview:large, max-video-preview:-1\" \/>\n<link rel=\"canonical\" href=\"https:\/\/www.drivecase.fr\/conseils-prevention\/securite-voiture\/comment-occasion-soutient-une-conduite-plus-durable\/\" \/>\n<meta property=\"og:locale\" content=\"fr_FR\" \/>\n<meta property=\"og:type\" content=\"article\" \/>\n<meta property=\"og:title\" content=\"Comment le march\u00e9 automobile de l\u2019occasion soutient une conduite plus durable\" \/>\n<meta property=\"og:description\" content=\"Les d\u00e9bats sur la transition \u00e9cologique dans le secteur automobile tournent souvent autour des m\u00eames sujets : \u00e9lectrification du parc, innovations\" \/>\n<meta property=\"og:url\" content=\"https:\/\/www.drivecase.fr\/conseils-prevention\/securite-voiture\/comment-occasion-soutient-une-conduite-plus-durable\/\" \/>\n<meta property=\"og:site_name\" content=\"S\u00e9curit\u00e9 routi\u00e8re, EPI &amp; pr\u00e9vention sanitaire | Conseils pr\u00e9vention Drivecase\" \/>\n<meta property=\"article:publisher\" content=\"https:\/\/fr-fr.facebook.com\/drivecasefr\" \/>\n<meta property=\"article:published_time\" content=\"2025-10-15T13:44:42+00:00\" \/>\n<meta property=\"article:modified_time\" content=\"2025-10-22T14:33:03+00:00\" \/>\n<meta property=\"og:image\" content=\"https:\/\/www.drivecase.fr\/conseils-prevention\/wp-content\/uploads\/2025\/10\/mercedes-occasion.jpg\" \/>\n\t<meta property=\"og:image:width\" content=\"1500\" \/>\n\t<meta property=\"og:image:height\" content=\"1000\" \/>\n<meta name=\"twitter:card\" content=\"summary_large_image\" \/>\n<meta name=\"twitter:creator\" content=\"@Drivecase\" \/>\n<meta name=\"twitter:site\" content=\"@Drivecase\" \/>\n<meta name=\"twitter:label1\" content=\"\u00c9crit par\" \/>\n\t<meta name=\"twitter:data1\" content=\"Lucile Pariat\" \/>\n\t<meta name=\"twitter:label2\" content=\"Dur\u00e9e de lecture est.\" \/>\n\t<meta name=\"twitter:data2\" content=\"7 minutes\" \/>\n<script type=\"application\/ld+json\" class=\"yoast-schema-graph\">{\"@context\":\"https:\/\/schema.org\",\"@graph\":[{\"@type\":\"Organization\",\"@id\":\"https:\/\/www.drivecase.fr\/conseils-prevention\/#organization\",\"name\":\"Drivecase\",\"url\":\"https:\/\/www.drivecase.fr\/conseils-prevention\/\",\"sameAs\":[\"https:\/\/fr-fr.facebook.com\/drivecasefr\",\"https:\/\/fr.linkedin.com\/company\/drivecase\",\"https:\/\/www.youtube.com\/channel\/UCQ7ivAl-3feklwC1IX7HO8A\",\"https:\/\/www.pinterest.fr\/drivecase3695\/\",\"https:\/\/twitter.com\/Drivecase\"],\"logo\":{\"@type\":\"ImageObject\",\"@id\":\"https:\/\/www.drivecase.fr\/conseils-prevention\/#logo\",\"inLanguage\":\"fr-FR\",\"url\":\"https:\/\/www.drivecase.fr\/conseils-prevention\/wp-content\/uploads\/2021\/02\/logo_conseils-prevention_bleu_vert-01.png\",\"contentUrl\":\"https:\/\/www.drivecase.fr\/conseils-prevention\/wp-content\/uploads\/2021\/02\/logo_conseils-prevention_bleu_vert-01.png\",\"width\":2221,\"height\":667,\"caption\":\"Drivecase\"},\"image\":{\"@id\":\"https:\/\/www.drivecase.fr\/conseils-prevention\/#logo\"}},{\"@type\":\"WebSite\",\"@id\":\"https:\/\/www.drivecase.fr\/conseils-prevention\/#website\",\"url\":\"https:\/\/www.drivecase.fr\/conseils-prevention\/\",\"name\":\"S\\u00e9curit\\u00e9 routi\\u00e8re, EPI &amp; pr\\u00e9vention sanitaire | Conseils pr\\u00e9vention Drivecase\",\"description\":\"Le blog conseils pr\\u00e9vention d\\u00e9di\\u00e9 \\u00e0 la s\\u00e9curit\\u00e9 routi\\u00e8re, aux EPI, premiers secours &amp; pr\\u00e9vention sanitaire de Drivecase. Toute l&#039;actualit\\u00e9 sur la r\\u00e9glementation &amp; les bons gestes !\",\"publisher\":{\"@id\":\"https:\/\/www.drivecase.fr\/conseils-prevention\/#organization\"},\"potentialAction\":[{\"@type\":\"SearchAction\",\"target\":{\"@type\":\"EntryPoint\",\"urlTemplate\":\"https:\/\/www.drivecase.fr\/conseils-prevention\/?s={search_term_string}\"},\"query-input\":\"required name=search_term_string\"}],\"inLanguage\":\"fr-FR\"},{\"@type\":\"ImageObject\",\"@id\":\"https:\/\/www.drivecase.fr\/conseils-prevention\/securite-voiture\/comment-occasion-soutient-une-conduite-plus-durable\/#primaryimage\",\"inLanguage\":\"fr-FR\",\"url\":\"https:\/\/www.drivecase.fr\/conseils-prevention\/wp-content\/uploads\/2025\/10\/mercedes-occasion.jpg\",\"contentUrl\":\"https:\/\/www.drivecase.fr\/conseils-prevention\/wp-content\/uploads\/2025\/10\/mercedes-occasion.jpg\",\"width\":1500,\"height\":1000},{\"@type\":\"WebPage\",\"@id\":\"https:\/\/www.drivecase.fr\/conseils-prevention\/securite-voiture\/comment-occasion-soutient-une-conduite-plus-durable\/#webpage\",\"url\":\"https:\/\/www.drivecase.fr\/conseils-prevention\/securite-voiture\/comment-occasion-soutient-une-conduite-plus-durable\/\",\"name\":\"Comment le march\\u00e9 automobile de l\\u2019occasion soutient une conduite plus durable\",\"isPartOf\":{\"@id\":\"https:\/\/www.drivecase.fr\/conseils-prevention\/#website\"},\"primaryImageOfPage\":{\"@id\":\"https:\/\/www.drivecase.fr\/conseils-prevention\/securite-voiture\/comment-occasion-soutient-une-conduite-plus-durable\/#primaryimage\"},\"datePublished\":\"2025-10-15T13:44:42+00:00\",\"dateModified\":\"2025-10-22T14:33:03+00:00\",\"description\":\"Et si rouler durable passait par l\\u2019occasion ? D\\u00e9couvrez comment le march\\u00e9 de l'occasion r\\u00e9volutionne la mobilit\\u00e9 responsable.\",\"breadcrumb\":{\"@id\":\"https:\/\/www.drivecase.fr\/conseils-prevention\/securite-voiture\/comment-occasion-soutient-une-conduite-plus-durable\/#breadcrumb\"},\"inLanguage\":\"fr-FR\",\"potentialAction\":[{\"@type\":\"ReadAction\",\"target\":[\"https:\/\/www.drivecase.fr\/conseils-prevention\/securite-voiture\/comment-occasion-soutient-une-conduite-plus-durable\/\"]}]},{\"@type\":\"BreadcrumbList\",\"@id\":\"https:\/\/www.drivecase.fr\/conseils-prevention\/securite-voiture\/comment-occasion-soutient-une-conduite-plus-durable\/#breadcrumb\",\"itemListElement\":[{\"@type\":\"ListItem\",\"position\":1,\"name\":\"Conseils pr\\u00e9vention\",\"item\":\"https:\/\/www.drivecase.fr\/conseils-prevention\/\"},{\"@type\":\"ListItem\",\"position\":2,\"name\":\"S\\u00e9curit\\u00e9 en voiture\",\"item\":\"https:\/\/www.drivecase.fr\/conseils-prevention\/securite-voiture\/\"},{\"@type\":\"ListItem\",\"position\":3,\"name\":\"Comment le march\\u00e9 automobile de l\\u2019occasion soutient une conduite plus durable\"}]},{\"@type\":\"Article\",\"@id\":\"https:\/\/www.drivecase.fr\/conseils-prevention\/securite-voiture\/comment-occasion-soutient-une-conduite-plus-durable\/#article\",\"isPartOf\":{\"@id\":\"https:\/\/www.drivecase.fr\/conseils-prevention\/securite-voiture\/comment-occasion-soutient-une-conduite-plus-durable\/#webpage\"},\"author\":{\"@id\":\"https:\/\/www.drivecase.fr\/conseils-prevention\/#\/schema\/person\/8fcaaa212378e263f27b7b575fe05667\"},\"headline\":\"Comment le march\\u00e9 automobile de l\\u2019occasion soutient une conduite plus durable\",\"datePublished\":\"2025-10-15T13:44:42+00:00\",\"dateModified\":\"2025-10-22T14:33:03+00:00\",\"mainEntityOfPage\":{\"@id\":\"https:\/\/www.drivecase.fr\/conseils-prevention\/securite-voiture\/comment-occasion-soutient-une-conduite-plus-durable\/#webpage\"},\"wordCount\":1524,\"publisher\":{\"@id\":\"https:\/\/www.drivecase.fr\/conseils-prevention\/#organization\"},\"image\":{\"@id\":\"https:\/\/www.drivecase.fr\/conseils-prevention\/securite-voiture\/comment-occasion-soutient-une-conduite-plus-durable\/#primaryimage\"},\"thumbnailUrl\":\"https:\/\/www.drivecase.fr\/conseils-prevention\/wp-content\/uploads\/2025\/10\/mercedes-occasion.jpg\",\"keywords\":[\"Conseils d'experts\"],\"articleSection\":[\"S\\u00e9curit\\u00e9 en voiture\"],\"inLanguage\":\"fr-FR\"},{\"@type\":\"Person\",\"@id\":\"https:\/\/www.drivecase.fr\/conseils-prevention\/#\/schema\/person\/8fcaaa212378e263f27b7b575fe05667\",\"name\":\"Lucile Pariat\",\"image\":{\"@type\":\"ImageObject\",\"@id\":\"https:\/\/www.drivecase.fr\/conseils-prevention\/#personlogo\",\"inLanguage\":\"fr-FR\",\"url\":\"https:\/\/secure.gravatar.com\/avatar\/c94420476552da6c1c489edc3f766559?s=96&d=mm&r=g\",\"contentUrl\":\"https:\/\/secure.gravatar.com\/avatar\/c94420476552da6c1c489edc3f766559?s=96&d=mm&r=g\",\"caption\":\"Lucile Pariat\"},\"description\":\"Responsable D\\u00e9veloppement chez Drivecase, et f\\u00e9rue d'actualit\\u00e9 sur la mobilit\\u00e9 et la pr\\u00e9vention.\",\"url\":\"https:\/\/www.drivecase.fr\/conseils-prevention\/author\/luciledrivecase-fr\/\"}]}<\/script>\n<!-- \/ Yoast SEO Premium plugin. -->","yoast_head_json":{"title":"Comment le march\u00e9 automobile de l\u2019occasion soutient une conduite plus durable","description":"Et si rouler durable passait par l\u2019occasion ? D\u00e9couvrez comment le march\u00e9 de l'occasion r\u00e9volutionne la mobilit\u00e9 responsable.","robots":{"index":"index","follow":"follow","max-snippet":"max-snippet:-1","max-image-preview":"max-image-preview:large","max-video-preview":"max-video-preview:-1"},"canonical":"https:\/\/www.drivecase.fr\/conseils-prevention\/securite-voiture\/comment-occasion-soutient-une-conduite-plus-durable\/","og_locale":"fr_FR","og_type":"article","og_title":"Comment le march\u00e9 automobile de l\u2019occasion soutient une conduite plus durable","og_description":"Les d\u00e9bats sur la transition \u00e9cologique dans le secteur automobile tournent souvent autour des m\u00eames sujets : \u00e9lectrification du parc, innovations","og_url":"https:\/\/www.drivecase.fr\/conseils-prevention\/securite-voiture\/comment-occasion-soutient-une-conduite-plus-durable\/","og_site_name":"S\u00e9curit\u00e9 routi\u00e8re, EPI &amp; pr\u00e9vention sanitaire | Conseils pr\u00e9vention Drivecase","article_publisher":"https:\/\/fr-fr.facebook.com\/drivecasefr","article_published_time":"2025-10-15T13:44:42+00:00","article_modified_time":"2025-10-22T14:33:03+00:00","og_image":[{"width":1500,"height":1000,"url":"https:\/\/www.drivecase.fr\/conseils-prevention\/wp-content\/uploads\/2025\/10\/mercedes-occasion.jpg","type":"image\/jpeg"}],"twitter_card":"summary_large_image","twitter_creator":"@Drivecase","twitter_site":"@Drivecase","twitter_misc":{"\u00c9crit par":"Lucile Pariat","Dur\u00e9e de lecture est.":"7 minutes"},"schema":{"@context":"https:\/\/schema.org","@graph":[{"@type":"Organization","@id":"https:\/\/www.drivecase.fr\/conseils-prevention\/#organization","name":"Drivecase","url":"https:\/\/www.drivecase.fr\/conseils-prevention\/","sameAs":["https:\/\/fr-fr.facebook.com\/drivecasefr","https:\/\/fr.linkedin.com\/company\/drivecase","https:\/\/www.youtube.com\/channel\/UCQ7ivAl-3feklwC1IX7HO8A","https:\/\/www.pinterest.fr\/drivecase3695\/","https:\/\/twitter.com\/Drivecase"],"logo":{"@type":"ImageObject","@id":"https:\/\/www.drivecase.fr\/conseils-prevention\/#logo","inLanguage":"fr-FR","url":"https:\/\/www.drivecase.fr\/conseils-prevention\/wp-content\/uploads\/2021\/02\/logo_conseils-prevention_bleu_vert-01.png","contentUrl":"https:\/\/www.drivecase.fr\/conseils-prevention\/wp-content\/uploads\/2021\/02\/logo_conseils-prevention_bleu_vert-01.png","width":2221,"height":667,"caption":"Drivecase"},"image":{"@id":"https:\/\/www.drivecase.fr\/conseils-prevention\/#logo"}},{"@type":"WebSite","@id":"https:\/\/www.drivecase.fr\/conseils-prevention\/#website","url":"https:\/\/www.drivecase.fr\/conseils-prevention\/","name":"S\u00e9curit\u00e9 routi\u00e8re, EPI &amp; pr\u00e9vention sanitaire | Conseils pr\u00e9vention Drivecase","description":"Le blog conseils pr\u00e9vention d\u00e9di\u00e9 \u00e0 la s\u00e9curit\u00e9 routi\u00e8re, aux EPI, premiers secours &amp; pr\u00e9vention sanitaire de Drivecase. Toute l&#039;actualit\u00e9 sur la r\u00e9glementation &amp; les bons gestes !","publisher":{"@id":"https:\/\/www.drivecase.fr\/conseils-prevention\/#organization"},"potentialAction":[{"@type":"SearchAction","target":{"@type":"EntryPoint","urlTemplate":"https:\/\/www.drivecase.fr\/conseils-prevention\/?s={search_term_string}"},"query-input":"required name=search_term_string"}],"inLanguage":"fr-FR"},{"@type":"ImageObject","@id":"https:\/\/www.drivecase.fr\/conseils-prevention\/securite-voiture\/comment-occasion-soutient-une-conduite-plus-durable\/#primaryimage","inLanguage":"fr-FR","url":"https:\/\/www.drivecase.fr\/conseils-prevention\/wp-content\/uploads\/2025\/10\/mercedes-occasion.jpg","contentUrl":"https:\/\/www.drivecase.fr\/conseils-prevention\/wp-content\/uploads\/2025\/10\/mercedes-occasion.jpg","width":1500,"height":1000},{"@type":"WebPage","@id":"https:\/\/www.drivecase.fr\/conseils-prevention\/securite-voiture\/comment-occasion-soutient-une-conduite-plus-durable\/#webpage","url":"https:\/\/www.drivecase.fr\/conseils-prevention\/securite-voiture\/comment-occasion-soutient-une-conduite-plus-durable\/","name":"Comment le march\u00e9 automobile de l\u2019occasion soutient une conduite plus durable","isPartOf":{"@id":"https:\/\/www.drivecase.fr\/conseils-prevention\/#website"},"primaryImageOfPage":{"@id":"https:\/\/www.drivecase.fr\/conseils-prevention\/securite-voiture\/comment-occasion-soutient-une-conduite-plus-durable\/#primaryimage"},"datePublished":"2025-10-15T13:44:42+00:00","dateModified":"2025-10-22T14:33:03+00:00","description":"Et si rouler durable passait par l\u2019occasion ? D\u00e9couvrez comment le march\u00e9 de l'occasion r\u00e9volutionne la mobilit\u00e9 responsable.","breadcrumb":{"@id":"https:\/\/www.drivecase.fr\/conseils-prevention\/securite-voiture\/comment-occasion-soutient-une-conduite-plus-durable\/#breadcrumb"},"inLanguage":"fr-FR","potentialAction":[{"@type":"ReadAction","target":["https:\/\/www.drivecase.fr\/conseils-prevention\/securite-voiture\/comment-occasion-soutient-une-conduite-plus-durable\/"]}]},{"@type":"BreadcrumbList","@id":"https:\/\/www.drivecase.fr\/conseils-prevention\/securite-voiture\/comment-occasion-soutient-une-conduite-plus-durable\/#breadcrumb","itemListElement":[{"@type":"ListItem","position":1,"name":"Conseils pr\u00e9vention","item":"https:\/\/www.drivecase.fr\/conseils-prevention\/"},{"@type":"ListItem","position":2,"name":"S\u00e9curit\u00e9 en voiture","item":"https:\/\/www.drivecase.fr\/conseils-prevention\/securite-voiture\/"},{"@type":"ListItem","position":3,"name":"Comment le march\u00e9 automobile de l\u2019occasion soutient une conduite plus durable"}]},{"@type":"Article","@id":"https:\/\/www.drivecase.fr\/conseils-prevention\/securite-voiture\/comment-occasion-soutient-une-conduite-plus-durable\/#article","isPartOf":{"@id":"https:\/\/www.drivecase.fr\/conseils-prevention\/securite-voiture\/comment-occasion-soutient-une-conduite-plus-durable\/#webpage"},"author":{"@id":"https:\/\/www.drivecase.fr\/conseils-prevention\/#\/schema\/person\/8fcaaa212378e263f27b7b575fe05667"},"headline":"Comment le march\u00e9 automobile de l\u2019occasion soutient une conduite plus durable","datePublished":"2025-10-15T13:44:42+00:00","dateModified":"2025-10-22T14:33:03+00:00","mainEntityOfPage":{"@id":"https:\/\/www.drivecase.fr\/conseils-prevention\/securite-voiture\/comment-occasion-soutient-une-conduite-plus-durable\/#webpage"},"wordCount":1524,"publisher":{"@id":"https:\/\/www.drivecase.fr\/conseils-prevention\/#organization"},"image":{"@id":"https:\/\/www.drivecase.fr\/conseils-prevention\/securite-voiture\/comment-occasion-soutient-une-conduite-plus-durable\/#primaryimage"},"thumbnailUrl":"https:\/\/www.drivecase.fr\/conseils-prevention\/wp-content\/uploads\/2025\/10\/mercedes-occasion.jpg","keywords":["Conseils d'experts"],"articleSection":["S\u00e9curit\u00e9 en voiture"],"inLanguage":"fr-FR"},{"@type":"Person","@id":"https:\/\/www.drivecase.fr\/conseils-prevention\/#\/schema\/person\/8fcaaa212378e263f27b7b575fe05667","name":"Lucile Pariat","image":{"@type":"ImageObject","@id":"https:\/\/www.drivecase.fr\/conseils-prevention\/#personlogo","inLanguage":"fr-FR","url":"https:\/\/secure.gravatar.com\/avatar\/c94420476552da6c1c489edc3f766559?s=96&d=mm&r=g","contentUrl":"https:\/\/secure.gravatar.com\/avatar\/c94420476552da6c1c489edc3f766559?s=96&d=mm&r=g","caption":"Lucile Pariat"},"description":"Responsable D\u00e9veloppement chez Drivecase, et f\u00e9rue d'actualit\u00e9 sur la mobilit\u00e9 et la pr\u00e9vention.","url":"https:\/\/www.drivecase.fr\/conseils-prevention\/author\/luciledrivecase-fr\/"}]}},"_links":{"self":[{"href":"https:\/\/www.drivecase.fr\/conseils-prevention\/wp-json\/wp\/v2\/posts\/16455"}],"collection":[{"href":"https:\/\/www.drivecase.fr\/conseils-prevention\/wp-json\/wp\/v2\/posts"}],"about":[{"href":"https:\/\/www.drivecase.fr\/conseils-prevention\/wp-json\/wp\/v2\/types\/post"}],"author":[{"embeddable":true,"href":"https:\/\/www.drivecase.fr\/conseils-prevention\/wp-json\/wp\/v2\/users\/4"}],"replies":[{"embeddable":true,"href":"https:\/\/www.drivecase.fr\/conseils-prevention\/wp-json\/wp\/v2\/comments?post=16455"}],"version-history":[{"count":9,"href":"https:\/\/www.drivecase.fr\/conseils-prevention\/wp-json\/wp\/v2\/posts\/16455\/revisions"}],"predecessor-version":[{"id":16521,"href":"https:\/\/www.drivecase.fr\/conseils-prevention\/wp-json\/wp\/v2\/posts\/16455\/revisions\/16521"}],"wp:featuredmedia":[{"embeddable":true,"href":"https:\/\/www.drivecase.fr\/conseils-prevention\/wp-json\/wp\/v2\/media\/16458"}],"wp:attachment":[{"href":"https:\/\/www.drivecase.fr\/conseils-prevention\/wp-json\/wp\/v2\/media?parent=16455"}],"wp:term":[{"taxonomy":"category","embeddable":true,"href":"https:\/\/www.drivecase.fr\/conseils-prevention\/wp-json\/wp\/v2\/categories?post=16455"},{"taxonomy":"post_tag","embeddable":true,"href":"https:\/\/www.drivecase.fr\/conseils-prevention\/wp-json\/wp\/v2\/tags?post=16455"}],"curies":[{"name":"wp","href":"https:\/\/api.w.org\/{rel}","templated":true}]}}