{"id":16709,"date":"2026-02-24T10:49:57","date_gmt":"2026-02-24T09:49:57","guid":{"rendered":"https:\/\/www.drivecase.fr\/conseils-prevention\/?p=16709"},"modified":"2026-02-27T09:12:45","modified_gmt":"2026-02-27T08:12:45","slug":"radar-controle-assurance-50kmh","status":"publish","type":"post","link":"https:\/\/www.drivecase.fr\/conseils-prevention\/securite-voiture\/radar-controle-assurance-50kmh\/","title":{"rendered":"Contr\u00f4le radar : l\u2019assurance d\u00e9sormais v\u00e9rifi\u00e9e en cas de grand exc\u00e8s de vitesse"},"content":{"rendered":"\t\t<div data-elementor-type=\"wp-post\" data-elementor-id=\"16709\" class=\"elementor elementor-16709\" data-elementor-settings=\"[]\">\n\t\t\t\t\t\t\t<div class=\"elementor-section-wrap\">\n\t\t\t\t\t\t\t<section class=\"elementor-section elementor-top-section elementor-element elementor-element-6f7f58f elementor-section-boxed elementor-section-height-default elementor-section-height-default\" data-id=\"6f7f58f\" data-element_type=\"section\">\n\t\t\t\t\t\t<div class=\"elementor-container elementor-column-gap-default\">\n\t\t\t\t\t<div class=\"elementor-column elementor-col-100 elementor-top-column elementor-element elementor-element-a0e49fa\" data-id=\"a0e49fa\" data-element_type=\"column\">\n\t\t\t<div class=\"elementor-widget-wrap elementor-element-populated\">\n\t\t\t\t\t\t\t\t<div class=\"elementor-element elementor-element-4ebc950 elementor-widget elementor-widget-text-editor\" data-id=\"4ebc950\" data-element_type=\"widget\" data-widget_type=\"text-editor.default\">\n\t\t\t\t<div class=\"elementor-widget-container\">\n\t\t\t\t\t\t\t\t<p>Depuis le 16 f&eacute;vrier 2026, les v&eacute;hicules flash&eacute;s avec un exc&egrave;s de vitesse d&rsquo;au moins 50km\/h feront l&rsquo;objet d&rsquo;une v&eacute;rification de leur assurance. Cette d&eacute;cision se fait dans le but de renforcer la lutte contre la conduite sans assurance et de cibler les comportements les plus dangereux.<\/p>\t\t\t\t\t\t<\/div>\n\t\t\t\t<\/div>\n\t\t\t\t\t<\/div>\n\t\t<\/div>\n\t\t\t\t\t\t\t<\/div>\n\t\t<\/section>\n\t\t\t\t<section class=\"elementor-section elementor-top-section elementor-element elementor-element-3df80244 elementor-section-boxed elementor-section-height-default elementor-section-height-default\" data-id=\"3df80244\" data-element_type=\"section\">\n\t\t\t\t\t\t<div class=\"elementor-container elementor-column-gap-default\">\n\t\t\t\t\t<div class=\"elementor-column elementor-col-100 elementor-top-column elementor-element elementor-element-35f21f00\" data-id=\"35f21f00\" data-element_type=\"column\">\n\t\t\t<div class=\"elementor-widget-wrap elementor-element-populated\">\n\t\t\t\t\t\t\t\t<div class=\"elementor-element elementor-element-36cfd27 elementor-toc--content-ellipsis elementor-toc--minimized-on-tablet elementor-widget elementor-widget-table-of-contents\" data-id=\"36cfd27\" data-element_type=\"widget\" data-settings=\"{&quot;headings_by_tags&quot;:[&quot;h2&quot;,&quot;h3&quot;],&quot;exclude_headings_by_selector&quot;:[],&quot;min_height&quot;:{&quot;unit&quot;:&quot;px&quot;,&quot;size&quot;:0,&quot;sizes&quot;:[]},&quot;marker_view&quot;:&quot;numbers&quot;,&quot;minimize_box&quot;:&quot;yes&quot;,&quot;minimized_on&quot;:&quot;tablet&quot;,&quot;hierarchical_view&quot;:&quot;yes&quot;,&quot;min_height_tablet&quot;:{&quot;unit&quot;:&quot;px&quot;,&quot;size&quot;:&quot;&quot;,&quot;sizes&quot;:[]},&quot;min_height_mobile&quot;:{&quot;unit&quot;:&quot;px&quot;,&quot;size&quot;:&quot;&quot;,&quot;sizes&quot;:[]}}\" data-widget_type=\"table-of-contents.default\">\n\t\t\t\t<div class=\"elementor-widget-container\">\n\t\t\t\t\t<div class=\"elementor-toc__header\">\n\t\t\t<div class=\"elementor-toc__header-title\">Naviguer au sein de l'article<\/div>\t\t\t\t\t\t\t<div class=\"elementor-toc__toggle-button elementor-toc__toggle-button--expand\"><i class=\"fas fa-chevron-down\"><\/i><\/div>\n\t\t\t\t<div class=\"elementor-toc__toggle-button elementor-toc__toggle-button--collapse\"><i class=\"fas fa-chevron-up\"><\/i><\/div>\n\t\t\t\t\t<\/div>\n\t\t<div class=\"elementor-toc__body\">\n\t\t\t<div class=\"elementor-toc__spinner-container\">\n\t\t\t\t<i class=\"elementor-toc__spinner eicon-loading eicon-animation-spin\" aria-hidden=\"true\"><\/i>\n\t\t\t<\/div>\n\t\t<\/div>\n\t\t\t\t<\/div>\n\t\t\t\t<\/div>\n\t\t\t\t\t<\/div>\n\t\t<\/div>\n\t\t\t\t\t\t\t<\/div>\n\t\t<\/section>\n\t\t\t\t<section class=\"elementor-section elementor-top-section elementor-element elementor-element-bed7020 elementor-section-boxed elementor-section-height-default elementor-section-height-default\" data-id=\"bed7020\" data-element_type=\"section\">\n\t\t\t\t\t\t<div class=\"elementor-container elementor-column-gap-default\">\n\t\t\t\t\t<div class=\"elementor-column elementor-col-100 elementor-top-column elementor-element elementor-element-2a0f3f6\" data-id=\"2a0f3f6\" data-element_type=\"column\">\n\t\t\t<div class=\"elementor-widget-wrap elementor-element-populated\">\n\t\t\t\t\t\t\t\t<div class=\"elementor-element elementor-element-b4a7647 elementor-widget elementor-widget-spacer\" data-id=\"b4a7647\" data-element_type=\"widget\" data-widget_type=\"spacer.default\">\n\t\t\t\t<div class=\"elementor-widget-container\">\n\t\t\t\t\t<div class=\"elementor-spacer\">\n\t\t\t<div class=\"elementor-spacer-inner\"><\/div>\n\t\t<\/div>\n\t\t\t\t<\/div>\n\t\t\t\t<\/div>\n\t\t\t\t<div class=\"elementor-element elementor-element-fa5f487 elementor-widget elementor-widget-heading\" data-id=\"fa5f487\" data-element_type=\"widget\" data-widget_type=\"heading.default\">\n\t\t\t\t<div class=\"elementor-widget-container\">\n\t\t\t<h2 class=\"elementor-heading-title elementor-size-xl\">Le proc\u00e9d\u00e9 utilis\u00e9 par le radar pour d\u00e9tecter les v\u00e9hicules non assur\u00e9s\n<\/h2>\t\t<\/div>\n\t\t\t\t<\/div>\n\t\t\t\t<div class=\"elementor-element elementor-element-d5e570c elementor-widget elementor-widget-text-editor\" data-id=\"d5e570c\" data-element_type=\"widget\" data-widget_type=\"text-editor.default\">\n\t\t\t\t<div class=\"elementor-widget-container\">\n\t\t\t\t\t\t\t\t<p>Pour pouvoir contr\u00f4ler si la voiture est assur\u00e9e ou non, le radar doit tout d\u2019abord constater un exc\u00e8s de vitesse \u00e9gal ou sup\u00e9rieur \u00e0 50 km\/h. Pour rappel, depuis d\u00e9cembre 2025, les exc\u00e8s de vitesse sup\u00e9rieurs \u00e0 50km\/h sont des d\u00e9lits.\u00a0<\/p><p>\u00a0<\/p><p>Lorsqu\u2019une personne est flash\u00e9e par un radar pour un tel exc\u00e8s de vitesse, les donn\u00e9es relatives au v\u00e9hicule sont transmises au syst\u00e8me de traitement automatis\u00e9, puis crois\u00e9es avec celles du <a href=\"https:\/\/www.fva-assurance.fr\/fonctionnement\/\" target=\"_blank\" rel=\"noopener\">Fichier des V\u00e9hicules Assur\u00e9s<\/a> (FVA). Ce fichier est une base de donn\u00e9es nationale recensant les contrats d\u2019assurance automobile en cours qui est aliment\u00e9e par les assureurs. En cas d\u2019absence d\u2019assurance, une proc\u00e9dure est engag\u00e9e en compl\u00e9ment des poursuites li\u00e9es au grand exc\u00e8s de vitesse.<\/p>\t\t\t\t\t\t<\/div>\n\t\t\t\t<\/div>\n\t\t\t\t<div class=\"elementor-element elementor-element-5466028 elementor-widget elementor-widget-heading\" data-id=\"5466028\" data-element_type=\"widget\" data-widget_type=\"heading.default\">\n\t\t\t\t<div class=\"elementor-widget-container\">\n\t\t\t<h2 class=\"elementor-heading-title elementor-size-xl\">Une d\u00e9cision pour lutter contre la circulation de v\u00e9hicules non assur\u00e9s<\/h2>\t\t<\/div>\n\t\t\t\t<\/div>\n\t\t\t\t<div class=\"elementor-element elementor-element-e0d2f8e elementor-widget elementor-widget-text-editor\" data-id=\"e0d2f8e\" data-element_type=\"widget\" data-widget_type=\"text-editor.default\">\n\t\t\t\t<div class=\"elementor-widget-container\">\n\t\t\t\t\t\t\t\t<p>La mise en place du contr\u00f4le de l\u2019assurance lors des <a href=\"https:\/\/www.drivecase.fr\/conseils-prevention\/securite-voiture\/amende-exces-de-vitesse-montant-pertes-de-points\/\" target=\"_blank\" rel=\"noopener\">exc\u00e8s de vitesse<\/a> sup\u00e9rieurs \u00e0 50 km\/h vise avant tout \u00e0 sanctionner la circulation de v\u00e9hicules non assur\u00e9s qui prennent des risques importants.<\/p><p>\u00a0<\/p><p>En 2024, ce sont 216 personnes qui ont \u00e9t\u00e9 tu\u00e9es dans un accident impliquant un v\u00e9hicule sans assurance, et environ 515 000 conducteurs qui roulaient sans couverture. Or, les conducteurs non assur\u00e9s sont plus fr\u00e9quemment responsables d\u2019accidents graves.<\/p><p>En ciblant les comportements les plus dangereux, l\u2019\u00c9tat cherche \u00e0 renforcer la pr\u00e9vention et \u00e0 responsabiliser les usagers. Cette mesure permet \u00e9galement de prot\u00e9ger la collectivit\u00e9, puisque le co\u00fbt des accidents caus\u00e9s par des conducteurs non assur\u00e9s est en r\u00e9alit\u00e9 support\u00e9 par l\u2019ensemble des assur\u00e9s via le Fonds de garantie qui avance les sommes n\u00e9cessaires \u00e0 l\u2019indemnisation des victimes, avant de se retourner contre le responsable pour en obtenir le remboursement.<\/p><p>\u00a0<\/p><p>L\u2019association <a href=\"https:\/\/www.40millionsdautomobilistes.com\/articles\/radar-controle-assurance-exces-vitesse-50kmh-2026\" target=\"_blank\" rel=\"noopener\">40 millions d\u2019automobilistes<\/a> salue cette d\u00e9cision mais regrette la fa\u00e7on dont \u201cla vitesse demeure la porte d\u2019entr\u00e9e du contr\u00f4le\u201d. Une personne non assur\u00e9e pourrait alors passer entre les mailles du filet si elle n\u2019est pas directement contr\u00f4l\u00e9e par les autorit\u00e9s et qu\u2019elle circule \u00e0 une vitesse inf\u00e9rieure \u00e0 50 km\/h.<\/p>\t\t\t\t\t\t<\/div>\n\t\t\t\t<\/div>\n\t\t\t\t<div class=\"elementor-element elementor-element-a919710 elementor-widget elementor-widget-image\" data-id=\"a919710\" data-element_type=\"widget\" data-widget_type=\"image.default\">\n\t\t\t\t<div class=\"elementor-widget-container\">\n\t\t\t\t\t\t\t\t\t\t\t\t\t\t\t<picture class=\"attachment-large size-large sp-no-webp\" style=\"height:66.7%;max-width:1000px;\"><source srcset=\"https:\/\/www.drivecase.fr\/conseils-prevention\/wp-content\/uploads\/2026\/02\/exces-de-vitesse-defaut-assurance.webp 1000w,https:\/\/www.drivecase.fr\/conseils-prevention\/wp-content\/uploads\/2026\/02\/exces-de-vitesse-defaut-assurance-300x200.webp 300w,https:\/\/www.drivecase.fr\/conseils-prevention\/wp-content\/uploads\/2026\/02\/exces-de-vitesse-defaut-assurance-768x512.webp 768w\" sizes=\"(max-width: 750px) 100vw, 750px\" type=\"image\/webp\"><source srcset=\"https:\/\/www.drivecase.fr\/conseils-prevention\/wp-content\/uploads\/2026\/02\/exces-de-vitesse-defaut-assurance.jpg 1000w, https:\/\/www.drivecase.fr\/conseils-prevention\/wp-content\/uploads\/2026\/02\/exces-de-vitesse-defaut-assurance-300x200.jpg 300w, https:\/\/www.drivecase.fr\/conseils-prevention\/wp-content\/uploads\/2026\/02\/exces-de-vitesse-defaut-assurance-768x512.jpg 768w\" sizes=\"(max-width: 750px) 100vw, 750px\" type=\"image\/jpeg\"><img src=\"https:\/\/www.drivecase.fr\/conseils-prevention\/wp-content\/uploads\/2026\/02\/exces-de-vitesse-defaut-assurance.jpg\" class=\"attachment-large size-large sp-no-webp\" loading=\"lazy\" style=\"width:100%;height:66.7%;max-width:1000px;\" alt=\"radar controle assurance\" height=\"500\" width=\"750\" srcset=\"https:\/\/www.drivecase.fr\/conseils-prevention\/wp-content\/uploads\/2026\/02\/exces-de-vitesse-defaut-assurance.jpg 1000w, https:\/\/www.drivecase.fr\/conseils-prevention\/wp-content\/uploads\/2026\/02\/exces-de-vitesse-defaut-assurance-300x200.jpg 300w, https:\/\/www.drivecase.fr\/conseils-prevention\/wp-content\/uploads\/2026\/02\/exces-de-vitesse-defaut-assurance-768x512.jpg 768w\" sizes=\"(max-width: 750px) 100vw, 750px\"><\/picture>\t\t\t\t\t\t\t\t\t\t\t\t\t\t\t<\/div>\n\t\t\t\t<\/div>\n\t\t\t\t<section class=\"elementor-section elementor-inner-section elementor-element elementor-element-e454f5e elementor-section-height-min-height elementor-section-boxed elementor-section-height-default\" data-id=\"e454f5e\" data-element_type=\"section\" data-settings=\"{&quot;background_background&quot;:&quot;gradient&quot;}\">\n\t\t\t\t\t\t\t<div class=\"elementor-background-overlay\"><\/div>\n\t\t\t\t\t\t\t<div class=\"elementor-container elementor-column-gap-default\">\n\t\t\t\t\t<div class=\"elementor-column elementor-col-50 elementor-inner-column elementor-element elementor-element-8f9b268\" data-id=\"8f9b268\" data-element_type=\"column\">\n\t\t\t<div class=\"elementor-widget-wrap elementor-element-populated\">\n\t\t\t\t\t\t\t\t<div class=\"elementor-element elementor-element-67e6ae1 elementor-widget elementor-widget-heading\" data-id=\"67e6ae1\" data-element_type=\"widget\" data-widget_type=\"heading.default\">\n\t\t\t\t<div class=\"elementor-widget-container\">\n\t\t\t<p class=\"elementor-heading-title elementor-size-default\">Goodies pour voiture<\/p>\t\t<\/div>\n\t\t\t\t<\/div>\n\t\t\t\t<div class=\"elementor-element elementor-element-5e472f6 elementor-widget elementor-widget-text-editor\" data-id=\"5e472f6\" data-element_type=\"widget\" data-widget_type=\"text-editor.default\">\n\t\t\t\t<div class=\"elementor-widget-container\">\n\t\t\t\t\t\t\t\t<p>Retrouvez notre gamme d\u2019accessoires personnalisables pour voiture, con\u00e7us pour promouvoir votre entreprise et renforcer votre image de marque. Offrez \u00e0 vos collaborateurs ces goodies, parfaits pour allier utilit\u00e9 et visibilit\u00e9.<\/p>\t\t\t\t\t\t<\/div>\n\t\t\t\t<\/div>\n\t\t\t\t\t<\/div>\n\t\t<\/div>\n\t\t\t\t<div class=\"elementor-column elementor-col-50 elementor-inner-column elementor-element elementor-element-cea74fe\" data-id=\"cea74fe\" data-element_type=\"column\">\n\t\t\t<div class=\"elementor-widget-wrap elementor-element-populated\">\n\t\t\t\t\t\t\t\t<div class=\"elementor-element elementor-element-f7aa70c elementor-align-center elementor-widget elementor-widget-button\" data-id=\"f7aa70c\" data-element_type=\"widget\" data-widget_type=\"button.default\">\n\t\t\t\t<div class=\"elementor-widget-container\">\n\t\t\t\t\t<div class=\"elementor-button-wrapper\">\n\t\t\t<a href=\"https:\/\/www.drivecase.fr\/32-objets-publicitaires-automobile\" target=\"_blank\" class=\"elementor-button-link elementor-button elementor-size-sm elementor-animation-grow\" role=\"button\">\n\t\t\t\t\t\t<span class=\"elementor-button-content-wrapper\">\n\t\t\t\t\t\t<span class=\"elementor-button-icon elementor-align-icon-left\">\n\t\t\t\t<i aria-hidden=\"true\" class=\"fas fa-shopping-cart\"><\/i>\t\t\t<\/span>\n\t\t\t\t\t\t<span class=\"elementor-button-text\">Goodies pour voiture<\/span>\n\t\t<\/span>\n\t\t\t\t\t<\/a>\n\t\t<\/div>\n\t\t\t\t<\/div>\n\t\t\t\t<\/div>\n\t\t\t\t\t<\/div>\n\t\t<\/div>\n\t\t\t\t\t\t\t<\/div>\n\t\t<\/section>\n\t\t\t\t<div class=\"elementor-element elementor-element-fd7be7f elementor-widget elementor-widget-heading\" data-id=\"fd7be7f\" data-element_type=\"widget\" data-widget_type=\"heading.default\">\n\t\t\t\t<div class=\"elementor-widget-container\">\n\t\t\t<h2 class=\"elementor-heading-title elementor-size-xl\">Quelles sanctions si l\u2019on se fait flasher sans assurance ?<\/h2>\t\t<\/div>\n\t\t\t\t<\/div>\n\t\t\t\t<div class=\"elementor-element elementor-element-79e7485 elementor-widget elementor-widget-text-editor\" data-id=\"79e7485\" data-element_type=\"widget\" data-widget_type=\"text-editor.default\">\n\t\t\t\t<div class=\"elementor-widget-container\">\n\t\t\t\t\t\t\t\t<p>Lorsqu\u2019un v\u00e9hicule est flash\u00e9 pour un exc\u00e8s de vitesse d\u2019au moins 50 km\/h et qu\u2019il appara\u00eet comme non assur\u00e9 dans le Fichier des V\u00e9hicules Assur\u00e9s (FVA), le conducteur s\u2019expose \u00e0 deux proc\u00e9dures distinctes : l\u2019une pour le grand exc\u00e8s de vitesse, l\u2019autre pour <a href=\"https:\/\/www.drivecase.fr\/conseils-prevention\/securite-voiture\/consequences-conduite-sans-assurance-auto\/\" target=\"_blank\" rel=\"noopener\">d\u00e9faut d\u2019assurance automobile<\/a>.<\/p>\t\t\t\t\t\t<\/div>\n\t\t\t\t<\/div>\n\t\t\t\t<div class=\"elementor-element elementor-element-9668315 elementor-widget elementor-widget-heading\" data-id=\"9668315\" data-element_type=\"widget\" data-widget_type=\"heading.default\">\n\t\t\t\t<div class=\"elementor-widget-container\">\n\t\t\t<h3 class=\"elementor-heading-title elementor-size-large\">Pour le grand exc\u00e8s de vitesse (\u2265 50 km\/h)\n<\/h3>\t\t<\/div>\n\t\t\t\t<\/div>\n\t\t\t\t<div class=\"elementor-element elementor-element-a2febbb elementor-widget elementor-widget-text-editor\" data-id=\"a2febbb\" data-element_type=\"widget\" data-widget_type=\"text-editor.default\">\n\t\t\t\t<div class=\"elementor-widget-container\">\n\t\t\t\t\t\t\t\t<p>Depuis d&eacute;cembre 2025, il s&rsquo;agit d&rsquo;un d&eacute;lit, qui est sanctionn&eacute; plus durement que les autres exc&egrave;s de vitesse. Le conducteur encourt alors :<\/p>\n<ul>\n<li aria-level=\"1\">Jusqu&rsquo;&agrave; 3 mois d&rsquo;emprisonnement<\/li>\n<li aria-level=\"1\">3 750 &euro; d&rsquo;amende<\/li>\n<li aria-level=\"1\">Une inscription au casier judiciaire<\/li>\n<li aria-level=\"1\">Des peines compl&eacute;mentaires peuvent &eacute;galement &ecirc;tre prononc&eacute;es (suspension ou annulation du permis, confiscation du v&eacute;hicule).<\/li>\n<\/ul>\t\t\t\t\t\t<\/div>\n\t\t\t\t<\/div>\n\t\t\t\t<div class=\"elementor-element elementor-element-8c0f440 elementor-widget elementor-widget-heading\" data-id=\"8c0f440\" data-element_type=\"widget\" data-widget_type=\"heading.default\">\n\t\t\t\t<div class=\"elementor-widget-container\">\n\t\t\t<h3 class=\"elementor-heading-title elementor-size-large\">Pour d\u00e9faut d\u2019assurance<\/h3>\t\t<\/div>\n\t\t\t\t<\/div>\n\t\t\t\t<div class=\"elementor-element elementor-element-521da05 elementor-widget elementor-widget-text-editor\" data-id=\"521da05\" data-element_type=\"widget\" data-widget_type=\"text-editor.default\">\n\t\t\t\t<div class=\"elementor-widget-container\">\n\t\t\t\t\t\t\t\t<p>La conduite sans assurance est \u00e9galement un d\u00e9lit. Elle peut \u00eatre sanctionn\u00e9e par :<\/p><ul><li aria-level=\"1\">Une amende forfaitaire de 500 \u20ac (400 \u20ac minor\u00e9e, 1 000 \u20ac major\u00e9e) lors d\u2019une premi\u00e8re constatation ou jusqu\u2019\u00e0 3 750 \u20ac d\u2019amende<\/li><li aria-level=\"1\">Suspension ou annulation du permis<\/li><li aria-level=\"1\">Confiscation du v\u00e9hicule<\/li><\/ul><p>\u00a0<\/p><p>Se faire flasher avec un d\u00e9faut d\u2019assurance peut donc donner lieu \u00e0 des poursuites distinctes et \u00e0 un cumul des sanctions pr\u00e9vues pour chacune des deux infractions.<\/p>\t\t\t\t\t\t<\/div>\n\t\t\t\t<\/div>\n\t\t\t\t<div class=\"elementor-element elementor-element-a515857 elementor-widget elementor-widget-heading\" data-id=\"a515857\" data-element_type=\"widget\" data-widget_type=\"heading.default\">\n\t\t\t\t<div class=\"elementor-widget-container\">\n\t\t\t<h2 class=\"elementor-heading-title elementor-size-xl\">Rouler sans assurance, un risque financier majeur\n<\/h2>\t\t<\/div>\n\t\t\t\t<\/div>\n\t\t\t\t<div class=\"elementor-element elementor-element-bebec98 elementor-widget elementor-widget-text-editor\" data-id=\"bebec98\" data-element_type=\"widget\" data-widget_type=\"text-editor.default\">\n\t\t\t\t<div class=\"elementor-widget-container\">\n\t\t\t\t\t\t\t\t<p>Rouler sans assurance expose avant tout \u00e0 des cons\u00e9quences financi\u00e8res extr\u00eamement lourdes. En cas d\u2019accident, les victimes sont indemnis\u00e9es par le <a href=\"https:\/\/www.fondsdegarantie.fr\/accident-circulation-immatriculation-france\/\" target=\"_blank\" rel=\"noopener\">Fonds de garantie des assurances obligatoires<\/a> (FGAO). Mais ce n\u2019est qu\u2019une avance : le conducteur non assur\u00e9 devra ensuite rembourser l\u2019int\u00e9gralit\u00e9 des sommes vers\u00e9es, quelles que soient sa situation personnelle et ses ressources.<\/p><p>\u00a0<\/p><p>Or, en cas d\u2019accident grave (blessures lourdes, incapacit\u00e9 permanente, d\u00e9c\u00e8s), les montants peuvent atteindre plusieurs centaines de milliers, voire plusieurs millions d\u2019euros. Le remboursement peut alors s\u2019\u00e9taler sur de tr\u00e8s nombreuses ann\u00e9es, parfois toute une vie, avec des mensualit\u00e9s adapt\u00e9es aux revenus du responsable.<\/p><p>\u00a0<\/p><p>Ainsi, au-del\u00e0 des risques pris et de l\u2019amende p\u00e9nale encourue, rouler sans assurance repr\u00e9sente un risque financier capable d\u2019impacter durablement toute une vie.<\/p>\t\t\t\t\t\t<\/div>\n\t\t\t\t<\/div>\n\t\t\t\t<div class=\"elementor-element elementor-element-ade5517 elementor-widget elementor-widget-image\" data-id=\"ade5517\" data-element_type=\"widget\" data-widget_type=\"image.default\">\n\t\t\t\t<div class=\"elementor-widget-container\">\n\t\t\t\t\t\t\t\t\t\t\t\t\t\t\t<picture class=\"attachment-large size-large sp-no-webp\" style=\"height:66.7%;max-width:1000px;\"><source srcset=\"https:\/\/www.drivecase.fr\/conseils-prevention\/wp-content\/uploads\/2026\/02\/sanction-defaut-assurance-radar.webp 1000w,https:\/\/www.drivecase.fr\/conseils-prevention\/wp-content\/uploads\/2026\/02\/sanction-defaut-assurance-radar-300x200.webp 300w,https:\/\/www.drivecase.fr\/conseils-prevention\/wp-content\/uploads\/2026\/02\/sanction-defaut-assurance-radar-768x512.webp 768w\" sizes=\"(max-width: 750px) 100vw, 750px\" type=\"image\/webp\"><source srcset=\"https:\/\/www.drivecase.fr\/conseils-prevention\/wp-content\/uploads\/2026\/02\/sanction-defaut-assurance-radar.jpg 1000w, https:\/\/www.drivecase.fr\/conseils-prevention\/wp-content\/uploads\/2026\/02\/sanction-defaut-assurance-radar-300x200.jpg 300w, https:\/\/www.drivecase.fr\/conseils-prevention\/wp-content\/uploads\/2026\/02\/sanction-defaut-assurance-radar-768x512.jpg 768w\" sizes=\"(max-width: 750px) 100vw, 750px\" type=\"image\/jpeg\"><img src=\"https:\/\/www.drivecase.fr\/conseils-prevention\/wp-content\/uploads\/2026\/02\/sanction-defaut-assurance-radar.jpg\" class=\"attachment-large size-large sp-no-webp\" loading=\"lazy\" style=\"width:100%;height:66.7%;max-width:1000px;\" alt=\"conduire sans assurance exces de vitesse\" height=\"500\" width=\"750\" srcset=\"https:\/\/www.drivecase.fr\/conseils-prevention\/wp-content\/uploads\/2026\/02\/sanction-defaut-assurance-radar.jpg 1000w, https:\/\/www.drivecase.fr\/conseils-prevention\/wp-content\/uploads\/2026\/02\/sanction-defaut-assurance-radar-300x200.jpg 300w, https:\/\/www.drivecase.fr\/conseils-prevention\/wp-content\/uploads\/2026\/02\/sanction-defaut-assurance-radar-768x512.jpg 768w\" sizes=\"(max-width: 750px) 100vw, 750px\"><\/picture>\t\t\t\t\t\t\t\t\t\t\t\t\t\t\t<\/div>\n\t\t\t\t<\/div>\n\t\t\t\t<section class=\"elementor-section elementor-inner-section elementor-element elementor-element-35dd447 elementor-section-height-min-height elementor-section-boxed elementor-section-height-default\" data-id=\"35dd447\" data-element_type=\"section\" data-settings=\"{&quot;background_background&quot;:&quot;gradient&quot;}\">\n\t\t\t\t\t\t\t<div class=\"elementor-background-overlay\"><\/div>\n\t\t\t\t\t\t\t<div class=\"elementor-container elementor-column-gap-default\">\n\t\t\t\t\t<div class=\"elementor-column elementor-col-50 elementor-inner-column elementor-element elementor-element-bf0bd9e\" data-id=\"bf0bd9e\" data-element_type=\"column\">\n\t\t\t<div class=\"elementor-widget-wrap elementor-element-populated\">\n\t\t\t\t\t\t\t\t<div class=\"elementor-element elementor-element-7256b3f elementor-widget elementor-widget-heading\" data-id=\"7256b3f\" data-element_type=\"widget\" data-widget_type=\"heading.default\">\n\t\t\t\t<div class=\"elementor-widget-container\">\n\t\t\t<p class=\"elementor-heading-title elementor-size-default\">Kit s\u00e9curit\u00e9 triangle et gilet<\/p>\t\t<\/div>\n\t\t\t\t<\/div>\n\t\t\t\t<div class=\"elementor-element elementor-element-0b50298 elementor-widget elementor-widget-text-editor\" data-id=\"0b50298\" data-element_type=\"widget\" data-widget_type=\"text-editor.default\">\n\t\t\t\t<div class=\"elementor-widget-container\">\n\t\t\t\t\t\t\t\t<p>Kit de s\u00e9curit\u00e9 avec gilet de s\u00e9curit\u00e9 et triangle de pr\u00e9signalisation conformes aux normes europ\u00e9ennes \u00e0 prix grossiste.<\/p>\t\t\t\t\t\t<\/div>\n\t\t\t\t<\/div>\n\t\t\t\t\t<\/div>\n\t\t<\/div>\n\t\t\t\t<div class=\"elementor-column elementor-col-50 elementor-inner-column elementor-element elementor-element-0c8d12e\" data-id=\"0c8d12e\" data-element_type=\"column\">\n\t\t\t<div class=\"elementor-widget-wrap elementor-element-populated\">\n\t\t\t\t\t\t\t\t<div class=\"elementor-element elementor-element-a5c1a94 elementor-align-center elementor-widget elementor-widget-button\" data-id=\"a5c1a94\" data-element_type=\"widget\" data-widget_type=\"button.default\">\n\t\t\t\t<div class=\"elementor-widget-container\">\n\t\t\t\t\t<div class=\"elementor-button-wrapper\">\n\t\t\t<a href=\"https:\/\/www.drivecase.fr\/kit-triangle-et-gilet\/310-kit-triangle-et-gilet-premier-prix.html\" target=\"_blank\" class=\"elementor-button-link elementor-button elementor-size-sm elementor-animation-grow\" role=\"button\">\n\t\t\t\t\t\t<span class=\"elementor-button-content-wrapper\">\n\t\t\t\t\t\t<span class=\"elementor-button-icon elementor-align-icon-left\">\n\t\t\t\t<i aria-hidden=\"true\" class=\"fas fa-shopping-cart\"><\/i>\t\t\t<\/span>\n\t\t\t\t\t\t<span class=\"elementor-button-text\"> Kit s\u00e9curit\u00e9 triangle et gilet<\/span>\n\t\t<\/span>\n\t\t\t\t\t<\/a>\n\t\t<\/div>\n\t\t\t\t<\/div>\n\t\t\t\t<\/div>\n\t\t\t\t\t<\/div>\n\t\t<\/div>\n\t\t\t\t\t\t\t<\/div>\n\t\t<\/section>\n\t\t\t\t\t<\/div>\n\t\t<\/div>\n\t\t\t\t\t\t\t<\/div>\n\t\t<\/section>\n\t\t\t\t\t\t<\/div>\n\t\t\t\t\t<\/div>\n\t\t","protected":false},"excerpt":{"rendered":"<p>Depuis le 16 f\u00e9vrier 2026, les v\u00e9hicules flash\u00e9s avec un exc\u00e8s de vitesse d\u2019au moins 50km\/h feront l\u2019objet d\u2019une v\u00e9rification de leur assurance. Cette d\u00e9cision se fait dans le but de renforcer la lutte contre la conduite sans assurance et de cibler les comportements les plus dangereux. Naviguer au sein de l&rsquo;article Le proc\u00e9d\u00e9 utilis\u00e9&hellip; <a class=\"more-link\" href=\"https:\/\/www.drivecase.fr\/conseils-prevention\/securite-voiture\/radar-controle-assurance-50kmh\/\">Poursuivre la lecture <span class=\"screen-reader-text\">Contr\u00f4le radar : l\u2019assurance d\u00e9sormais v\u00e9rifi\u00e9e en cas de grand exc\u00e8s de vitesse<\/span><\/a><\/p>\n","protected":false},"author":4,"featured_media":16715,"comment_status":"closed","ping_status":"closed","sticky":false,"template":"","format":"standard","meta":[],"categories":[9],"tags":[19],"yoast_head":"<!-- This site is optimized with the Yoast SEO Premium plugin v17.4 (Yoast SEO v17.4) - https:\/\/yoast.com\/wordpress\/plugins\/seo\/ -->\n<title>Contr\u00f4le radar : l\u2019assurance d\u00e9sormais v\u00e9rifi\u00e9e en cas de grand exc\u00e8s de vitesse<\/title>\n<meta name=\"description\" content=\"Depuis le 16 f\u00e9vrier 2026, les v\u00e9hicules flash\u00e9s avec un exc\u00e8s de vitesse d\u2019au moins 50km\/h feront l\u2019objet d\u2019une v\u00e9rification de leur assurance.\" \/>\n<meta name=\"robots\" content=\"index, follow, max-snippet:-1, max-image-preview:large, max-video-preview:-1\" \/>\n<link rel=\"canonical\" href=\"https:\/\/www.drivecase.fr\/conseils-prevention\/securite-voiture\/radar-controle-assurance-50kmh\/\" \/>\n<meta property=\"og:locale\" content=\"fr_FR\" \/>\n<meta property=\"og:type\" content=\"article\" \/>\n<meta property=\"og:title\" content=\"Contr\u00f4le radar : l\u2019assurance d\u00e9sormais v\u00e9rifi\u00e9e en cas de grand exc\u00e8s de vitesse\" \/>\n<meta property=\"og:description\" content=\"Depuis le 16 f\u00e9vrier 2026, les v\u00e9hicules flash\u00e9s avec un exc\u00e8s de vitesse d\u2019au moins 50km\/h feront l\u2019objet d\u2019une v\u00e9rification de leur assurance. Cette\" \/>\n<meta property=\"og:url\" content=\"https:\/\/www.drivecase.fr\/conseils-prevention\/securite-voiture\/radar-controle-assurance-50kmh\/\" \/>\n<meta property=\"og:site_name\" content=\"S\u00e9curit\u00e9 routi\u00e8re, EPI &amp; pr\u00e9vention sanitaire | Conseils pr\u00e9vention Drivecase\" \/>\n<meta property=\"article:publisher\" content=\"https:\/\/fr-fr.facebook.com\/drivecasefr\" \/>\n<meta property=\"article:published_time\" content=\"2026-02-24T09:49:57+00:00\" \/>\n<meta property=\"article:modified_time\" content=\"2026-02-27T08:12:45+00:00\" \/>\n<meta property=\"og:image\" content=\"https:\/\/www.drivecase.fr\/conseils-prevention\/wp-content\/uploads\/2026\/02\/exces-de-vitesse-defaut-assurance.jpg\" \/>\n\t<meta property=\"og:image:width\" content=\"1000\" \/>\n\t<meta property=\"og:image:height\" content=\"667\" \/>\n<meta name=\"twitter:card\" content=\"summary_large_image\" \/>\n<meta name=\"twitter:creator\" content=\"@Drivecase\" \/>\n<meta name=\"twitter:site\" content=\"@Drivecase\" \/>\n<meta name=\"twitter:label1\" content=\"\u00c9crit par\" \/>\n\t<meta name=\"twitter:data1\" content=\"Lucile Pariat\" \/>\n\t<meta name=\"twitter:label2\" content=\"Dur\u00e9e de lecture est.\" \/>\n\t<meta name=\"twitter:data2\" content=\"4 minutes\" \/>\n<script type=\"application\/ld+json\" class=\"yoast-schema-graph\">{\"@context\":\"https:\/\/schema.org\",\"@graph\":[{\"@type\":\"Organization\",\"@id\":\"https:\/\/www.drivecase.fr\/conseils-prevention\/#organization\",\"name\":\"Drivecase\",\"url\":\"https:\/\/www.drivecase.fr\/conseils-prevention\/\",\"sameAs\":[\"https:\/\/fr-fr.facebook.com\/drivecasefr\",\"https:\/\/fr.linkedin.com\/company\/drivecase\",\"https:\/\/www.youtube.com\/channel\/UCQ7ivAl-3feklwC1IX7HO8A\",\"https:\/\/www.pinterest.fr\/drivecase3695\/\",\"https:\/\/twitter.com\/Drivecase\"],\"logo\":{\"@type\":\"ImageObject\",\"@id\":\"https:\/\/www.drivecase.fr\/conseils-prevention\/#logo\",\"inLanguage\":\"fr-FR\",\"url\":\"https:\/\/www.drivecase.fr\/conseils-prevention\/wp-content\/uploads\/2021\/02\/logo_conseils-prevention_bleu_vert-01.png\",\"contentUrl\":\"https:\/\/www.drivecase.fr\/conseils-prevention\/wp-content\/uploads\/2021\/02\/logo_conseils-prevention_bleu_vert-01.png\",\"width\":2221,\"height\":667,\"caption\":\"Drivecase\"},\"image\":{\"@id\":\"https:\/\/www.drivecase.fr\/conseils-prevention\/#logo\"}},{\"@type\":\"WebSite\",\"@id\":\"https:\/\/www.drivecase.fr\/conseils-prevention\/#website\",\"url\":\"https:\/\/www.drivecase.fr\/conseils-prevention\/\",\"name\":\"S\\u00e9curit\\u00e9 routi\\u00e8re, EPI &amp; pr\\u00e9vention sanitaire | Conseils pr\\u00e9vention Drivecase\",\"description\":\"Le blog conseils pr\\u00e9vention d\\u00e9di\\u00e9 \\u00e0 la s\\u00e9curit\\u00e9 routi\\u00e8re, aux EPI, premiers secours &amp; pr\\u00e9vention sanitaire de Drivecase. Toute l&#039;actualit\\u00e9 sur la r\\u00e9glementation &amp; les bons gestes !\",\"publisher\":{\"@id\":\"https:\/\/www.drivecase.fr\/conseils-prevention\/#organization\"},\"potentialAction\":[{\"@type\":\"SearchAction\",\"target\":{\"@type\":\"EntryPoint\",\"urlTemplate\":\"https:\/\/www.drivecase.fr\/conseils-prevention\/?s={search_term_string}\"},\"query-input\":\"required name=search_term_string\"}],\"inLanguage\":\"fr-FR\"},{\"@type\":\"ImageObject\",\"@id\":\"https:\/\/www.drivecase.fr\/conseils-prevention\/securite-voiture\/radar-controle-assurance-50kmh\/#primaryimage\",\"inLanguage\":\"fr-FR\",\"url\":\"https:\/\/www.drivecase.fr\/conseils-prevention\/wp-content\/uploads\/2026\/02\/exces-de-vitesse-defaut-assurance.jpg\",\"contentUrl\":\"https:\/\/www.drivecase.fr\/conseils-prevention\/wp-content\/uploads\/2026\/02\/exces-de-vitesse-defaut-assurance.jpg\",\"width\":1000,\"height\":667,\"caption\":\"radar controle assurance\"},{\"@type\":\"WebPage\",\"@id\":\"https:\/\/www.drivecase.fr\/conseils-prevention\/securite-voiture\/radar-controle-assurance-50kmh\/#webpage\",\"url\":\"https:\/\/www.drivecase.fr\/conseils-prevention\/securite-voiture\/radar-controle-assurance-50kmh\/\",\"name\":\"Contr\\u00f4le radar : l\\u2019assurance d\\u00e9sormais v\\u00e9rifi\\u00e9e en cas de grand exc\\u00e8s de vitesse\",\"isPartOf\":{\"@id\":\"https:\/\/www.drivecase.fr\/conseils-prevention\/#website\"},\"primaryImageOfPage\":{\"@id\":\"https:\/\/www.drivecase.fr\/conseils-prevention\/securite-voiture\/radar-controle-assurance-50kmh\/#primaryimage\"},\"datePublished\":\"2026-02-24T09:49:57+00:00\",\"dateModified\":\"2026-02-27T08:12:45+00:00\",\"description\":\"Depuis le 16 f\\u00e9vrier 2026, les v\\u00e9hicules flash\\u00e9s avec un exc\\u00e8s de vitesse d\\u2019au moins 50km\/h feront l\\u2019objet d\\u2019une v\\u00e9rification de leur assurance.\",\"breadcrumb\":{\"@id\":\"https:\/\/www.drivecase.fr\/conseils-prevention\/securite-voiture\/radar-controle-assurance-50kmh\/#breadcrumb\"},\"inLanguage\":\"fr-FR\",\"potentialAction\":[{\"@type\":\"ReadAction\",\"target\":[\"https:\/\/www.drivecase.fr\/conseils-prevention\/securite-voiture\/radar-controle-assurance-50kmh\/\"]}]},{\"@type\":\"BreadcrumbList\",\"@id\":\"https:\/\/www.drivecase.fr\/conseils-prevention\/securite-voiture\/radar-controle-assurance-50kmh\/#breadcrumb\",\"itemListElement\":[{\"@type\":\"ListItem\",\"position\":1,\"name\":\"Conseils pr\\u00e9vention\",\"item\":\"https:\/\/www.drivecase.fr\/conseils-prevention\/\"},{\"@type\":\"ListItem\",\"position\":2,\"name\":\"S\\u00e9curit\\u00e9 en voiture\",\"item\":\"https:\/\/www.drivecase.fr\/conseils-prevention\/securite-voiture\/\"},{\"@type\":\"ListItem\",\"position\":3,\"name\":\"Contr\\u00f4le radar : l\\u2019assurance d\\u00e9sormais v\\u00e9rifi\\u00e9e en cas de grand exc\\u00e8s de vitesse\"}]},{\"@type\":\"Article\",\"@id\":\"https:\/\/www.drivecase.fr\/conseils-prevention\/securite-voiture\/radar-controle-assurance-50kmh\/#article\",\"isPartOf\":{\"@id\":\"https:\/\/www.drivecase.fr\/conseils-prevention\/securite-voiture\/radar-controle-assurance-50kmh\/#webpage\"},\"author\":{\"@id\":\"https:\/\/www.drivecase.fr\/conseils-prevention\/#\/schema\/person\/8fcaaa212378e263f27b7b575fe05667\"},\"headline\":\"Contr\\u00f4le radar : l\\u2019assurance d\\u00e9sormais v\\u00e9rifi\\u00e9e en cas de grand exc\\u00e8s de vitesse\",\"datePublished\":\"2026-02-24T09:49:57+00:00\",\"dateModified\":\"2026-02-27T08:12:45+00:00\",\"mainEntityOfPage\":{\"@id\":\"https:\/\/www.drivecase.fr\/conseils-prevention\/securite-voiture\/radar-controle-assurance-50kmh\/#webpage\"},\"wordCount\":894,\"publisher\":{\"@id\":\"https:\/\/www.drivecase.fr\/conseils-prevention\/#organization\"},\"image\":{\"@id\":\"https:\/\/www.drivecase.fr\/conseils-prevention\/securite-voiture\/radar-controle-assurance-50kmh\/#primaryimage\"},\"thumbnailUrl\":\"https:\/\/www.drivecase.fr\/conseils-prevention\/wp-content\/uploads\/2026\/02\/exces-de-vitesse-defaut-assurance.jpg\",\"keywords\":[\"R\\u00e8glementations\"],\"articleSection\":[\"S\\u00e9curit\\u00e9 en voiture\"],\"inLanguage\":\"fr-FR\"},{\"@type\":\"Person\",\"@id\":\"https:\/\/www.drivecase.fr\/conseils-prevention\/#\/schema\/person\/8fcaaa212378e263f27b7b575fe05667\",\"name\":\"Lucile Pariat\",\"image\":{\"@type\":\"ImageObject\",\"@id\":\"https:\/\/www.drivecase.fr\/conseils-prevention\/#personlogo\",\"inLanguage\":\"fr-FR\",\"url\":\"https:\/\/secure.gravatar.com\/avatar\/c94420476552da6c1c489edc3f766559?s=96&d=mm&r=g\",\"contentUrl\":\"https:\/\/secure.gravatar.com\/avatar\/c94420476552da6c1c489edc3f766559?s=96&d=mm&r=g\",\"caption\":\"Lucile Pariat\"},\"description\":\"Responsable D\\u00e9veloppement chez Drivecase, et f\\u00e9rue d'actualit\\u00e9 sur la mobilit\\u00e9 et la pr\\u00e9vention.\",\"url\":\"https:\/\/www.drivecase.fr\/conseils-prevention\/author\/luciledrivecase-fr\/\"}]}<\/script>\n<!-- \/ Yoast SEO Premium plugin. -->","yoast_head_json":{"title":"Contr\u00f4le radar : l\u2019assurance d\u00e9sormais v\u00e9rifi\u00e9e en cas de grand exc\u00e8s de vitesse","description":"Depuis le 16 f\u00e9vrier 2026, les v\u00e9hicules flash\u00e9s avec un exc\u00e8s de vitesse d\u2019au moins 50km\/h feront l\u2019objet d\u2019une v\u00e9rification de leur assurance.","robots":{"index":"index","follow":"follow","max-snippet":"max-snippet:-1","max-image-preview":"max-image-preview:large","max-video-preview":"max-video-preview:-1"},"canonical":"https:\/\/www.drivecase.fr\/conseils-prevention\/securite-voiture\/radar-controle-assurance-50kmh\/","og_locale":"fr_FR","og_type":"article","og_title":"Contr\u00f4le radar : l\u2019assurance d\u00e9sormais v\u00e9rifi\u00e9e en cas de grand exc\u00e8s de vitesse","og_description":"Depuis le 16 f\u00e9vrier 2026, les v\u00e9hicules flash\u00e9s avec un exc\u00e8s de vitesse d\u2019au moins 50km\/h feront l\u2019objet d\u2019une v\u00e9rification de leur assurance. Cette","og_url":"https:\/\/www.drivecase.fr\/conseils-prevention\/securite-voiture\/radar-controle-assurance-50kmh\/","og_site_name":"S\u00e9curit\u00e9 routi\u00e8re, EPI &amp; pr\u00e9vention sanitaire | Conseils pr\u00e9vention Drivecase","article_publisher":"https:\/\/fr-fr.facebook.com\/drivecasefr","article_published_time":"2026-02-24T09:49:57+00:00","article_modified_time":"2026-02-27T08:12:45+00:00","og_image":[{"width":1000,"height":667,"url":"https:\/\/www.drivecase.fr\/conseils-prevention\/wp-content\/uploads\/2026\/02\/exces-de-vitesse-defaut-assurance.jpg","type":"image\/jpeg"}],"twitter_card":"summary_large_image","twitter_creator":"@Drivecase","twitter_site":"@Drivecase","twitter_misc":{"\u00c9crit par":"Lucile Pariat","Dur\u00e9e de lecture est.":"4 minutes"},"schema":{"@context":"https:\/\/schema.org","@graph":[{"@type":"Organization","@id":"https:\/\/www.drivecase.fr\/conseils-prevention\/#organization","name":"Drivecase","url":"https:\/\/www.drivecase.fr\/conseils-prevention\/","sameAs":["https:\/\/fr-fr.facebook.com\/drivecasefr","https:\/\/fr.linkedin.com\/company\/drivecase","https:\/\/www.youtube.com\/channel\/UCQ7ivAl-3feklwC1IX7HO8A","https:\/\/www.pinterest.fr\/drivecase3695\/","https:\/\/twitter.com\/Drivecase"],"logo":{"@type":"ImageObject","@id":"https:\/\/www.drivecase.fr\/conseils-prevention\/#logo","inLanguage":"fr-FR","url":"https:\/\/www.drivecase.fr\/conseils-prevention\/wp-content\/uploads\/2021\/02\/logo_conseils-prevention_bleu_vert-01.png","contentUrl":"https:\/\/www.drivecase.fr\/conseils-prevention\/wp-content\/uploads\/2021\/02\/logo_conseils-prevention_bleu_vert-01.png","width":2221,"height":667,"caption":"Drivecase"},"image":{"@id":"https:\/\/www.drivecase.fr\/conseils-prevention\/#logo"}},{"@type":"WebSite","@id":"https:\/\/www.drivecase.fr\/conseils-prevention\/#website","url":"https:\/\/www.drivecase.fr\/conseils-prevention\/","name":"S\u00e9curit\u00e9 routi\u00e8re, EPI &amp; pr\u00e9vention sanitaire | Conseils pr\u00e9vention Drivecase","description":"Le blog conseils pr\u00e9vention d\u00e9di\u00e9 \u00e0 la s\u00e9curit\u00e9 routi\u00e8re, aux EPI, premiers secours &amp; pr\u00e9vention sanitaire de Drivecase. Toute l&#039;actualit\u00e9 sur la r\u00e9glementation &amp; les bons gestes !","publisher":{"@id":"https:\/\/www.drivecase.fr\/conseils-prevention\/#organization"},"potentialAction":[{"@type":"SearchAction","target":{"@type":"EntryPoint","urlTemplate":"https:\/\/www.drivecase.fr\/conseils-prevention\/?s={search_term_string}"},"query-input":"required name=search_term_string"}],"inLanguage":"fr-FR"},{"@type":"ImageObject","@id":"https:\/\/www.drivecase.fr\/conseils-prevention\/securite-voiture\/radar-controle-assurance-50kmh\/#primaryimage","inLanguage":"fr-FR","url":"https:\/\/www.drivecase.fr\/conseils-prevention\/wp-content\/uploads\/2026\/02\/exces-de-vitesse-defaut-assurance.jpg","contentUrl":"https:\/\/www.drivecase.fr\/conseils-prevention\/wp-content\/uploads\/2026\/02\/exces-de-vitesse-defaut-assurance.jpg","width":1000,"height":667,"caption":"radar controle assurance"},{"@type":"WebPage","@id":"https:\/\/www.drivecase.fr\/conseils-prevention\/securite-voiture\/radar-controle-assurance-50kmh\/#webpage","url":"https:\/\/www.drivecase.fr\/conseils-prevention\/securite-voiture\/radar-controle-assurance-50kmh\/","name":"Contr\u00f4le radar : l\u2019assurance d\u00e9sormais v\u00e9rifi\u00e9e en cas de grand exc\u00e8s de vitesse","isPartOf":{"@id":"https:\/\/www.drivecase.fr\/conseils-prevention\/#website"},"primaryImageOfPage":{"@id":"https:\/\/www.drivecase.fr\/conseils-prevention\/securite-voiture\/radar-controle-assurance-50kmh\/#primaryimage"},"datePublished":"2026-02-24T09:49:57+00:00","dateModified":"2026-02-27T08:12:45+00:00","description":"Depuis le 16 f\u00e9vrier 2026, les v\u00e9hicules flash\u00e9s avec un exc\u00e8s de vitesse d\u2019au moins 50km\/h feront l\u2019objet d\u2019une v\u00e9rification de leur assurance.","breadcrumb":{"@id":"https:\/\/www.drivecase.fr\/conseils-prevention\/securite-voiture\/radar-controle-assurance-50kmh\/#breadcrumb"},"inLanguage":"fr-FR","potentialAction":[{"@type":"ReadAction","target":["https:\/\/www.drivecase.fr\/conseils-prevention\/securite-voiture\/radar-controle-assurance-50kmh\/"]}]},{"@type":"BreadcrumbList","@id":"https:\/\/www.drivecase.fr\/conseils-prevention\/securite-voiture\/radar-controle-assurance-50kmh\/#breadcrumb","itemListElement":[{"@type":"ListItem","position":1,"name":"Conseils pr\u00e9vention","item":"https:\/\/www.drivecase.fr\/conseils-prevention\/"},{"@type":"ListItem","position":2,"name":"S\u00e9curit\u00e9 en voiture","item":"https:\/\/www.drivecase.fr\/conseils-prevention\/securite-voiture\/"},{"@type":"ListItem","position":3,"name":"Contr\u00f4le radar : l\u2019assurance d\u00e9sormais v\u00e9rifi\u00e9e en cas de grand exc\u00e8s de vitesse"}]},{"@type":"Article","@id":"https:\/\/www.drivecase.fr\/conseils-prevention\/securite-voiture\/radar-controle-assurance-50kmh\/#article","isPartOf":{"@id":"https:\/\/www.drivecase.fr\/conseils-prevention\/securite-voiture\/radar-controle-assurance-50kmh\/#webpage"},"author":{"@id":"https:\/\/www.drivecase.fr\/conseils-prevention\/#\/schema\/person\/8fcaaa212378e263f27b7b575fe05667"},"headline":"Contr\u00f4le radar : l\u2019assurance d\u00e9sormais v\u00e9rifi\u00e9e en cas de grand exc\u00e8s de vitesse","datePublished":"2026-02-24T09:49:57+00:00","dateModified":"2026-02-27T08:12:45+00:00","mainEntityOfPage":{"@id":"https:\/\/www.drivecase.fr\/conseils-prevention\/securite-voiture\/radar-controle-assurance-50kmh\/#webpage"},"wordCount":894,"publisher":{"@id":"https:\/\/www.drivecase.fr\/conseils-prevention\/#organization"},"image":{"@id":"https:\/\/www.drivecase.fr\/conseils-prevention\/securite-voiture\/radar-controle-assurance-50kmh\/#primaryimage"},"thumbnailUrl":"https:\/\/www.drivecase.fr\/conseils-prevention\/wp-content\/uploads\/2026\/02\/exces-de-vitesse-defaut-assurance.jpg","keywords":["R\u00e8glementations"],"articleSection":["S\u00e9curit\u00e9 en voiture"],"inLanguage":"fr-FR"},{"@type":"Person","@id":"https:\/\/www.drivecase.fr\/conseils-prevention\/#\/schema\/person\/8fcaaa212378e263f27b7b575fe05667","name":"Lucile Pariat","image":{"@type":"ImageObject","@id":"https:\/\/www.drivecase.fr\/conseils-prevention\/#personlogo","inLanguage":"fr-FR","url":"https:\/\/secure.gravatar.com\/avatar\/c94420476552da6c1c489edc3f766559?s=96&d=mm&r=g","contentUrl":"https:\/\/secure.gravatar.com\/avatar\/c94420476552da6c1c489edc3f766559?s=96&d=mm&r=g","caption":"Lucile Pariat"},"description":"Responsable D\u00e9veloppement chez Drivecase, et f\u00e9rue d'actualit\u00e9 sur la mobilit\u00e9 et la pr\u00e9vention.","url":"https:\/\/www.drivecase.fr\/conseils-prevention\/author\/luciledrivecase-fr\/"}]}},"_links":{"self":[{"href":"https:\/\/www.drivecase.fr\/conseils-prevention\/wp-json\/wp\/v2\/posts\/16709"}],"collection":[{"href":"https:\/\/www.drivecase.fr\/conseils-prevention\/wp-json\/wp\/v2\/posts"}],"about":[{"href":"https:\/\/www.drivecase.fr\/conseils-prevention\/wp-json\/wp\/v2\/types\/post"}],"author":[{"embeddable":true,"href":"https:\/\/www.drivecase.fr\/conseils-prevention\/wp-json\/wp\/v2\/users\/4"}],"replies":[{"embeddable":true,"href":"https:\/\/www.drivecase.fr\/conseils-prevention\/wp-json\/wp\/v2\/comments?post=16709"}],"version-history":[{"count":9,"href":"https:\/\/www.drivecase.fr\/conseils-prevention\/wp-json\/wp\/v2\/posts\/16709\/revisions"}],"predecessor-version":[{"id":16792,"href":"https:\/\/www.drivecase.fr\/conseils-prevention\/wp-json\/wp\/v2\/posts\/16709\/revisions\/16792"}],"wp:featuredmedia":[{"embeddable":true,"href":"https:\/\/www.drivecase.fr\/conseils-prevention\/wp-json\/wp\/v2\/media\/16715"}],"wp:attachment":[{"href":"https:\/\/www.drivecase.fr\/conseils-prevention\/wp-json\/wp\/v2\/media?parent=16709"}],"wp:term":[{"taxonomy":"category","embeddable":true,"href":"https:\/\/www.drivecase.fr\/conseils-prevention\/wp-json\/wp\/v2\/categories?post=16709"},{"taxonomy":"post_tag","embeddable":true,"href":"https:\/\/www.drivecase.fr\/conseils-prevention\/wp-json\/wp\/v2\/tags?post=16709"}],"curies":[{"name":"wp","href":"https:\/\/api.w.org\/{rel}","templated":true}]}}