{"id":5647,"date":"2021-08-20T12:42:49","date_gmt":"2021-08-20T10:42:49","guid":{"rendered":"https:\/\/www.drivecase.fr\/conseils-prevention\/?p=5647"},"modified":"2025-06-03T10:21:40","modified_gmt":"2025-06-03T08:21:40","slug":"semaine-europeenne-de-la-mobilite-quest-ce-que-cest","status":"publish","type":"post","link":"https:\/\/www.drivecase.fr\/conseils-prevention\/securite-velo\/semaine-europeenne-de-la-mobilite-quest-ce-que-cest\/","title":{"rendered":"Semaine Europ\u00e9enne de la Mobilit\u00e9, qu\u2019est ce que c\u2019est ?"},"content":{"rendered":"\t\t<div data-elementor-type=\"wp-post\" data-elementor-id=\"5647\" class=\"elementor elementor-5647\" data-elementor-settings=\"[]\">\n\t\t\t\t\t\t\t<div class=\"elementor-section-wrap\">\n\t\t\t\t\t\t\t<section class=\"elementor-section elementor-top-section elementor-element elementor-element-496a9bcc elementor-section-boxed elementor-section-height-default elementor-section-height-default\" data-id=\"496a9bcc\" data-element_type=\"section\">\n\t\t\t\t\t\t<div class=\"elementor-container elementor-column-gap-default\">\n\t\t\t\t\t<div class=\"elementor-column elementor-col-100 elementor-top-column elementor-element elementor-element-462dbf15\" data-id=\"462dbf15\" data-element_type=\"column\">\n\t\t\t<div class=\"elementor-widget-wrap elementor-element-populated\">\n\t\t\t\t\t\t\t\t<div class=\"elementor-element elementor-element-40086151 elementor-widget elementor-widget-text-editor\" data-id=\"40086151\" data-element_type=\"widget\" data-widget_type=\"text-editor.default\">\n\t\t\t\t<div class=\"elementor-widget-container\">\n\t\t\t\t\t\t\t\t<p><span style=\"font-weight: 400;\">Combien de temps passez-vous \u00e0 vous d\u00e9placer chaque jour ? Trente minutes, une heure ou plus ? Du lundi au vendredi, les fran\u00e7ais passent en moyenne 1h02 \u00e0 se d\u00e9placer. Que ce soit pour aller au travail, faire les courses, rejoindre des amis, dans l\u2019hexagone on r\u00e9alise environ 3 d\u00e9placements par jour. Et quel est le mode de transport le plus utilis\u00e9 ? La voiture avec 62,8 % des d\u00e9placements en 2019, c\u2019est deux points de moins que les ann\u00e9es pr\u00e9c\u00e9dentes. Alors que la marche et les transports en commun gagnent du terrain repr\u00e9sentant respectivement 23,7 % et 9,1 % des d\u00e9placements. Et quel r\u00f4le joue la <strong>Semaine europ\u00e9enne de la mobilit\u00e9<\/strong> dans ces donn\u00e9es ? Favoriser l\u2019utilisation des modes de transport alternatifs.<\/span><\/p>\t\t\t\t\t\t<\/div>\n\t\t\t\t<\/div>\n\t\t\t\t\t<\/div>\n\t\t<\/div>\n\t\t\t\t\t\t\t<\/div>\n\t\t<\/section>\n\t\t\t\t<section class=\"elementor-section elementor-top-section elementor-element elementor-element-3df80244 elementor-section-boxed elementor-section-height-default elementor-section-height-default\" data-id=\"3df80244\" data-element_type=\"section\">\n\t\t\t\t\t\t<div class=\"elementor-container elementor-column-gap-default\">\n\t\t\t\t\t<div class=\"elementor-column elementor-col-100 elementor-top-column elementor-element elementor-element-35f21f00\" data-id=\"35f21f00\" data-element_type=\"column\">\n\t\t\t<div class=\"elementor-widget-wrap elementor-element-populated\">\n\t\t\t\t\t\t\t\t<div class=\"elementor-element elementor-element-36cfd27 elementor-toc--content-ellipsis elementor-toc--minimized-on-tablet elementor-widget elementor-widget-table-of-contents\" data-id=\"36cfd27\" data-element_type=\"widget\" data-settings=\"{&quot;headings_by_tags&quot;:[&quot;h2&quot;,&quot;h3&quot;],&quot;exclude_headings_by_selector&quot;:[],&quot;min_height&quot;:{&quot;unit&quot;:&quot;px&quot;,&quot;size&quot;:0,&quot;sizes&quot;:[]},&quot;marker_view&quot;:&quot;numbers&quot;,&quot;minimize_box&quot;:&quot;yes&quot;,&quot;minimized_on&quot;:&quot;tablet&quot;,&quot;hierarchical_view&quot;:&quot;yes&quot;,&quot;min_height_tablet&quot;:{&quot;unit&quot;:&quot;px&quot;,&quot;size&quot;:&quot;&quot;,&quot;sizes&quot;:[]},&quot;min_height_mobile&quot;:{&quot;unit&quot;:&quot;px&quot;,&quot;size&quot;:&quot;&quot;,&quot;sizes&quot;:[]}}\" data-widget_type=\"table-of-contents.default\">\n\t\t\t\t<div class=\"elementor-widget-container\">\n\t\t\t\t\t<div class=\"elementor-toc__header\">\n\t\t\t<h4 class=\"elementor-toc__header-title\">Naviguer au sein de l'article<\/h4>\t\t\t\t\t\t\t<div class=\"elementor-toc__toggle-button elementor-toc__toggle-button--expand\"><i class=\"fas fa-chevron-down\"><\/i><\/div>\n\t\t\t\t<div class=\"elementor-toc__toggle-button elementor-toc__toggle-button--collapse\"><i class=\"fas fa-chevron-up\"><\/i><\/div>\n\t\t\t\t\t<\/div>\n\t\t<div class=\"elementor-toc__body\">\n\t\t\t<div class=\"elementor-toc__spinner-container\">\n\t\t\t\t<i class=\"elementor-toc__spinner eicon-loading eicon-animation-spin\" aria-hidden=\"true\"><\/i>\n\t\t\t<\/div>\n\t\t<\/div>\n\t\t\t\t<\/div>\n\t\t\t\t<\/div>\n\t\t\t\t\t<\/div>\n\t\t<\/div>\n\t\t\t\t\t\t\t<\/div>\n\t\t<\/section>\n\t\t\t\t<section class=\"elementor-section elementor-top-section elementor-element elementor-element-590b42e6 elementor-section-boxed elementor-section-height-default elementor-section-height-default\" data-id=\"590b42e6\" data-element_type=\"section\">\n\t\t\t\t\t\t<div class=\"elementor-container elementor-column-gap-default\">\n\t\t\t\t\t<div class=\"elementor-column elementor-col-100 elementor-top-column elementor-element elementor-element-3c20cc3b\" data-id=\"3c20cc3b\" data-element_type=\"column\">\n\t\t\t<div class=\"elementor-widget-wrap elementor-element-populated\">\n\t\t\t\t\t\t\t\t<div class=\"elementor-element elementor-element-1639ca1f elementor-widget elementor-widget-heading\" data-id=\"1639ca1f\" data-element_type=\"widget\" data-widget_type=\"heading.default\">\n\t\t\t\t<div class=\"elementor-widget-container\">\n\t\t\t<h2 class=\"elementor-heading-title elementor-size-default\">Qu\u2019est ce que la semaine europ\u00e9enne de la mobilit\u00e9 ?<\/h2>\t\t<\/div>\n\t\t\t\t<\/div>\n\t\t\t\t\t<\/div>\n\t\t<\/div>\n\t\t\t\t\t\t\t<\/div>\n\t\t<\/section>\n\t\t\t\t<section class=\"elementor-section elementor-top-section elementor-element elementor-element-d3176ad elementor-section-boxed elementor-section-height-default elementor-section-height-default\" data-id=\"d3176ad\" data-element_type=\"section\">\n\t\t\t\t\t\t<div class=\"elementor-container elementor-column-gap-default\">\n\t\t\t\t\t<div class=\"elementor-column elementor-col-100 elementor-top-column elementor-element elementor-element-2bbbc7b\" data-id=\"2bbbc7b\" data-element_type=\"column\">\n\t\t\t<div class=\"elementor-widget-wrap elementor-element-populated\">\n\t\t\t\t\t\t\t\t<div class=\"elementor-element elementor-element-046f289 elementor-widget elementor-widget-text-editor\" data-id=\"046f289\" data-element_type=\"widget\" data-widget_type=\"text-editor.default\">\n\t\t\t\t<div class=\"elementor-widget-container\">\n\t\t\t\t\t\t\t\t<p><span style=\"font-weight: 400;\"><strong>L\u2019European Mobility Week<\/strong> ou <strong>semaine europ\u00e9enne de la mobilit\u00e9<\/strong> est une campagne se d\u00e9roulant chaque ann\u00e9e du 16 au 22 septembre. Elle a un double objectif. D\u2019une part, encourager les villes et collectivit\u00e9s \u00e0 d\u00e9velopper la mobilit\u00e9 durable. D\u2019autre part, inciter les citoyens \u00e0 utiliser des modes de transports alternatifs. Les villes inscrites peuvent librement d\u00e9cider des actions \u00e0 mettre en place durant ces 7 jours. Pour une ville, une agglom\u00e9ration ou une collectivit\u00e9, c\u2019est l\u2019occasion de montrer son int\u00e9r\u00eat pour la mobilit\u00e9 durable.<\/span><\/p>\t\t\t\t\t\t<\/div>\n\t\t\t\t<\/div>\n\t\t\t\t<div class=\"elementor-element elementor-element-b2e672e elementor-widget elementor-widget-spacer\" data-id=\"b2e672e\" data-element_type=\"widget\" data-widget_type=\"spacer.default\">\n\t\t\t\t<div class=\"elementor-widget-container\">\n\t\t\t\t\t<div class=\"elementor-spacer\">\n\t\t\t<div class=\"elementor-spacer-inner\"><\/div>\n\t\t<\/div>\n\t\t\t\t<\/div>\n\t\t\t\t<\/div>\n\t\t\t\t\t<\/div>\n\t\t<\/div>\n\t\t\t\t\t\t\t<\/div>\n\t\t<\/section>\n\t\t\t\t<section class=\"elementor-section elementor-top-section elementor-element elementor-element-c0a4414 elementor-section-boxed elementor-section-height-default elementor-section-height-default\" data-id=\"c0a4414\" data-element_type=\"section\">\n\t\t\t\t\t\t<div class=\"elementor-container elementor-column-gap-default\">\n\t\t\t\t\t<div class=\"elementor-column elementor-col-100 elementor-top-column elementor-element elementor-element-8e40023\" data-id=\"8e40023\" data-element_type=\"column\">\n\t\t\t<div class=\"elementor-widget-wrap elementor-element-populated\">\n\t\t\t\t\t\t\t\t<div class=\"elementor-element elementor-element-043c9d1 elementor-widget elementor-widget-heading\" data-id=\"043c9d1\" data-element_type=\"widget\" data-widget_type=\"heading.default\">\n\t\t\t\t<div class=\"elementor-widget-container\">\n\t\t\t<h3 class=\"elementor-heading-title elementor-size-default\">Une semaine pour la mobilit\u00e9 <\/h3>\t\t<\/div>\n\t\t\t\t<\/div>\n\t\t\t\t<div class=\"elementor-element elementor-element-c11c493 elementor-widget elementor-widget-text-editor\" data-id=\"c11c493\" data-element_type=\"widget\" data-widget_type=\"text-editor.default\">\n\t\t\t\t<div class=\"elementor-widget-container\">\n\t\t\t\t\t\t\t\t<p><span style=\"font-weight: 400;\">Une semaine pour que les autorit\u00e9s locales puissent mettre en place des actions favorisant les d\u00e9placements doux et s&rsquo;exprimer sur ces sujets. Pour les \u00e9lus locaux, c\u2019est l&rsquo;opportunit\u00e9 de tester des mesures pouvant s\u2019inscrire \u00e0 l\u2019avenir dans le plan de d\u00e9placements urbains ou le plan de mobilit\u00e9 de la ville. En effet, la campagne permet de repenser la fa\u00e7on dont les citoyens se d\u00e9placent au quotidien, en \u00e9veillant les consciences et en offrant des alternatives \u00e0 la voiture. D\u2019ailleurs, une des mesures phares des villes participantes est la journ\u00e9e sans voiture du 22 septembre.<\/span><\/p><p>\u00a0<\/p><p><span style=\"font-weight: 400;\">Ces actions permettent de r\u00e9duire les \u00e9missions de gaz \u00e0 effet de serre (et d\u2019autres polluants) ainsi que la pollution sonore. Une meilleure qualit\u00e9 de l\u2019air, moins de bruits, moins d\u2019embouteillages, tout le monde y gagne. Vous souhaitez participer \u00e0 cet effort collectif ? Vous pouvez transmettre vos initiatives en faveur des d\u00e9placements doux et de la mobilit\u00e9 propre directement aux organisateurs, soit via les r\u00e9seaux sociaux, soit via leur site internet (<\/span><a href=\"http:\/\/www.mobilityweek.eu\"><span style=\"font-weight: 400;\">www.mobilityweek.eu<\/span><\/a><span style=\"font-weight: 400;\">). Chaque ann\u00e9e, de nombreux troph\u00e9es sont d\u00e9cern\u00e9s pour les participants soutenant la mobilit\u00e9 urbaine et durable.<\/span><\/p>\t\t\t\t\t\t<\/div>\n\t\t\t\t<\/div>\n\t\t\t\t\t<\/div>\n\t\t<\/div>\n\t\t\t\t\t\t\t<\/div>\n\t\t<\/section>\n\t\t\t\t<section class=\"elementor-section elementor-top-section elementor-element elementor-element-4bbd997 elementor-section-boxed elementor-section-height-default elementor-section-height-default\" data-id=\"4bbd997\" data-element_type=\"section\">\n\t\t\t\t\t\t<div class=\"elementor-container elementor-column-gap-default\">\n\t\t\t\t\t<div class=\"elementor-column elementor-col-100 elementor-top-column elementor-element elementor-element-40d2005\" data-id=\"40d2005\" data-element_type=\"column\">\n\t\t\t<div class=\"elementor-widget-wrap elementor-element-populated\">\n\t\t\t\t\t\t\t\t<div class=\"elementor-element elementor-element-525cef8 elementor-widget elementor-widget-heading\" data-id=\"525cef8\" data-element_type=\"widget\" data-widget_type=\"heading.default\">\n\t\t\t\t<div class=\"elementor-widget-container\">\n\t\t\t<h3 class=\"elementor-heading-title elementor-size-default\">Dans toute l\u2019Europe<\/h3>\t\t<\/div>\n\t\t\t\t<\/div>\n\t\t\t\t\t<\/div>\n\t\t<\/div>\n\t\t\t\t\t\t\t<\/div>\n\t\t<\/section>\n\t\t\t\t<section class=\"elementor-section elementor-top-section elementor-element elementor-element-0ef463e elementor-section-boxed elementor-section-height-default elementor-section-height-default\" data-id=\"0ef463e\" data-element_type=\"section\">\n\t\t\t\t\t\t<div class=\"elementor-container elementor-column-gap-default\">\n\t\t\t\t\t<div class=\"elementor-column elementor-col-33 elementor-top-column elementor-element elementor-element-b2f502a\" data-id=\"b2f502a\" data-element_type=\"column\">\n\t\t\t<div class=\"elementor-widget-wrap elementor-element-populated\">\n\t\t\t\t\t\t\t\t<div class=\"elementor-element elementor-element-2722558 elementor-widget elementor-widget-image\" data-id=\"2722558\" data-element_type=\"widget\" data-widget_type=\"image.default\">\n\t\t\t\t<div class=\"elementor-widget-container\">\n\t\t\t\t\t\t\t\t\t\t\t\t\t\t\t<img width=\"300\" height=\"204\" src=\"https:\/\/www.drivecase.fr\/conseils-prevention\/wp-content\/uploads\/2021\/08\/EMW-EU-Emblem-300x204.png\" class=\"attachment-medium size-medium\" alt=\"Semaine europ\u00e9enne de la mobilit\u00e9 - drapeau union europ\u00e9enne\" loading=\"lazy\" srcset=\"https:\/\/www.drivecase.fr\/conseils-prevention\/wp-content\/uploads\/2021\/08\/EMW-EU-Emblem-300x204.png 300w, https:\/\/www.drivecase.fr\/conseils-prevention\/wp-content\/uploads\/2021\/08\/EMW-EU-Emblem-1024x696.png 1024w, https:\/\/www.drivecase.fr\/conseils-prevention\/wp-content\/uploads\/2021\/08\/EMW-EU-Emblem-768x522.png 768w, https:\/\/www.drivecase.fr\/conseils-prevention\/wp-content\/uploads\/2021\/08\/EMW-EU-Emblem.png 1230w\" sizes=\"(max-width: 300px) 100vw, 300px\" style=\"width:100%;height:67.97%;max-width:1230px;\" \/>\t\t\t\t\t\t\t\t\t\t\t\t\t\t\t<\/div>\n\t\t\t\t<\/div>\n\t\t\t\t\t<\/div>\n\t\t<\/div>\n\t\t\t\t<div class=\"elementor-column elementor-col-66 elementor-top-column elementor-element elementor-element-09729f6\" data-id=\"09729f6\" data-element_type=\"column\">\n\t\t\t<div class=\"elementor-widget-wrap elementor-element-populated\">\n\t\t\t\t\t\t\t\t<div class=\"elementor-element elementor-element-0d4470c elementor-widget elementor-widget-text-editor\" data-id=\"0d4470c\" data-element_type=\"widget\" data-widget_type=\"text-editor.default\">\n\t\t\t\t<div class=\"elementor-widget-container\">\n\t\t\t\t\t\t\t\t<p style=\"text-align: justify;\"><span style=\"font-weight: 400;\">Soutenu par la commission europ\u00e9enne, cette semaine de sensibilisation s\u2019adresse \u00e0 toutes les villes europ\u00e9ennes. L\u2019inscription est simple et rapide. D\u00e9j\u00e0 plus de 1000 villes sont inscrites pour la 20e \u00e9dition. La France est sous repr\u00e9sent\u00e9e avec seulement 23 villes inscrites. Alors qu\u2019en Autriche, on recense d\u00e9j\u00e0 plus de 270 villes participantes, plus de 200 en Espagne et en Hongrie et 69 villes allemandes.*<br \/><\/span><\/p><p style=\"text-align: justify;\"><i><span style=\"font-weight: 400;\">*Ces donn\u00e9es sont issues des informations disponibles sur le site officiel de l&rsquo;European mobility week au 19 ao\u00fbt 2021.<\/span><\/i><\/p>\t\t\t\t\t\t<\/div>\n\t\t\t\t<\/div>\n\t\t\t\t\t<\/div>\n\t\t<\/div>\n\t\t\t\t\t\t\t<\/div>\n\t\t<\/section>\n\t\t\t\t<section class=\"elementor-section elementor-top-section elementor-element elementor-element-1bc8422 elementor-section-boxed elementor-section-height-default elementor-section-height-default\" data-id=\"1bc8422\" data-element_type=\"section\">\n\t\t\t\t\t\t<div class=\"elementor-container elementor-column-gap-default\">\n\t\t\t\t\t<div class=\"elementor-column elementor-col-100 elementor-top-column elementor-element elementor-element-e51b7fb\" data-id=\"e51b7fb\" data-element_type=\"column\">\n\t\t\t<div class=\"elementor-widget-wrap elementor-element-populated\">\n\t\t\t\t\t\t\t\t<div class=\"elementor-element elementor-element-e010843 elementor-widget elementor-widget-text-editor\" data-id=\"e010843\" data-element_type=\"widget\" data-widget_type=\"text-editor.default\">\n\t\t\t\t<div class=\"elementor-widget-container\">\n\t\t\t\t\t\t\t\t<p><span style=\"font-weight: 400;\">Vous \u00eates un autre organisme ? Entreprise, association, ou autre organisation, partagez vos actions r\u00e9pondant au th\u00e8me de la mobilit\u00e9 en remplissant le <\/span><a href=\"https:\/\/mobilityweek.eu\/register-a-mobilityaction\/\"><span style=\"font-weight: 400;\">formulaire en ligne<\/span><\/a><span style=\"font-weight: 400;\">. Votre action peut \u00eatre r\u00e9compens\u00e9e.\u00a0<\/span><\/p><p><span style=\"font-weight: 400;\">Et concr\u00e8tement que s\u2019est-il pass\u00e9 les ann\u00e9es pr\u00e9c\u00e9dentes lors de la <strong>semaine europ\u00e9enne de la mobilit\u00e9<\/strong> ? Quelles actions de mobilit\u00e9 ont \u00e9t\u00e9 men\u00e9es par les villes ? Des exemples concrets pour vous donner des id\u00e9es vous attendent dans la suite de l\u2019article.\u00a0<\/span><\/p>\t\t\t\t\t\t<\/div>\n\t\t\t\t<\/div>\n\t\t\t\t\t<\/div>\n\t\t<\/div>\n\t\t\t\t\t\t\t<\/div>\n\t\t<\/section>\n\t\t\t\t<section class=\"elementor-section elementor-top-section elementor-element elementor-element-5ceb588 elementor-section-boxed elementor-section-height-default elementor-section-height-default\" data-id=\"5ceb588\" data-element_type=\"section\">\n\t\t\t\t\t\t<div class=\"elementor-container elementor-column-gap-default\">\n\t\t\t\t\t<div class=\"elementor-column elementor-col-100 elementor-top-column elementor-element elementor-element-7f24e7e\" data-id=\"7f24e7e\" data-element_type=\"column\">\n\t\t\t<div class=\"elementor-widget-wrap elementor-element-populated\">\n\t\t\t\t\t\t\t\t<div class=\"elementor-element elementor-element-8d9f293 elementor-widget elementor-widget-heading\" data-id=\"8d9f293\" data-element_type=\"widget\" data-widget_type=\"heading.default\">\n\t\t\t\t<div class=\"elementor-widget-container\">\n\t\t\t<h2 class=\"elementor-heading-title elementor-size-default\">Semaine europ\u00e9enne de la mobilit\u00e9, 20e \u00e9dition <\/h2>\t\t<\/div>\n\t\t\t\t<\/div>\n\t\t\t\t<div class=\"elementor-element elementor-element-6d92400 elementor-widget elementor-widget-text-editor\" data-id=\"6d92400\" data-element_type=\"widget\" data-widget_type=\"text-editor.default\">\n\t\t\t\t<div class=\"elementor-widget-container\">\n\t\t\t\t\t\t\t\t<p><span style=\"font-weight: 400;\">Cette ann\u00e9e le th\u00e8me de la <strong>semaine europ\u00e9enne de la mobilit\u00e9<\/strong> est \u201cEn s\u00e9curit\u00e9 et en bonne sant\u00e9 avec les mobilit\u00e9s durables\u201d. En r\u00e9f\u00e9rence \u00e0 la pand\u00e9mie mondiale, cette ann\u00e9e le th\u00e8me met la mobilit\u00e9 durable au service de notre sant\u00e9 et de notre s\u00e9curit\u00e9. Le virus de la Covid-19 a fortement r\u00e9duit les mobilit\u00e9s de chacun. Puis, il a fallu repenser les trajets du quotidien. Certains modes de transports ont \u00e9t\u00e9 pr\u00e9f\u00e9r\u00e9 dans ce contexte. Entre les transports en commun ou les transports individuels, certains se sont plus d\u00e9velopp\u00e9s que d\u2019autres. En effet, les rayons cycles ont \u00e9t\u00e9 pris d\u2019assaut, la pratique du v\u00e9lo a fortement progresser en France et la fr\u00e9quentation des pistes cyclables en ville a augment\u00e9 de 27% en 2020. Cela peut donner des id\u00e9es.<\/span><\/p>\t\t\t\t\t\t<\/div>\n\t\t\t\t<\/div>\n\t\t\t\t<section class=\"elementor-section elementor-inner-section elementor-element elementor-element-6ac59fa elementor-section-height-min-height elementor-section-boxed elementor-section-height-default\" data-id=\"6ac59fa\" data-element_type=\"section\" data-settings=\"{&quot;background_background&quot;:&quot;gradient&quot;}\">\n\t\t\t\t\t\t\t<div class=\"elementor-background-overlay\"><\/div>\n\t\t\t\t\t\t\t<div class=\"elementor-container elementor-column-gap-default\">\n\t\t\t\t\t<div class=\"elementor-column elementor-col-50 elementor-inner-column elementor-element elementor-element-e6ba15b\" data-id=\"e6ba15b\" data-element_type=\"column\">\n\t\t\t<div class=\"elementor-widget-wrap elementor-element-populated\">\n\t\t\t\t\t\t\t\t<div class=\"elementor-element elementor-element-962917e elementor-widget elementor-widget-heading\" data-id=\"962917e\" data-element_type=\"widget\" data-widget_type=\"heading.default\">\n\t\t\t\t<div class=\"elementor-widget-container\">\n\t\t\t<p class=\"elementor-heading-title elementor-size-default\">Prot\u00e8ge selle de v\u00e9lo personnalis\u00e9e en plastique recycl\u00e9<\/p>\t\t<\/div>\n\t\t\t\t<\/div>\n\t\t\t\t<div class=\"elementor-element elementor-element-920e817 elementor-hidden-phone elementor-widget elementor-widget-text-editor\" data-id=\"920e817\" data-element_type=\"widget\" data-widget_type=\"text-editor.default\">\n\t\t\t\t<div class=\"elementor-widget-container\">\n\t\t\t\t\t\t\t\t<p>Peu co\u00fbteux, pratique et personnalisable, le prot\u00e8ge selle est votre alli\u00e9e id\u00e9al pour soutenir la mobilit\u00e9 douce.<\/p>\t\t\t\t\t\t<\/div>\n\t\t\t\t<\/div>\n\t\t\t\t\t<\/div>\n\t\t<\/div>\n\t\t\t\t<div class=\"elementor-column elementor-col-50 elementor-inner-column elementor-element elementor-element-de7b078\" data-id=\"de7b078\" data-element_type=\"column\">\n\t\t\t<div class=\"elementor-widget-wrap elementor-element-populated\">\n\t\t\t\t\t\t\t\t<div class=\"elementor-element elementor-element-8903b75 elementor-align-center elementor-widget elementor-widget-button\" data-id=\"8903b75\" data-element_type=\"widget\" data-widget_type=\"button.default\">\n\t\t\t\t<div class=\"elementor-widget-container\">\n\t\t\t\t\t<div class=\"elementor-button-wrapper\">\n\t\t\t<a href=\"https:\/\/www.drivecase.fr\/accessoires-velo-personnalises\/1641-protege-selle-personnalise-velo-plastique-recycle.html\" class=\"elementor-button-link elementor-button elementor-size-sm elementor-animation-grow\" role=\"button\">\n\t\t\t\t\t\t<span class=\"elementor-button-content-wrapper\">\n\t\t\t\t\t\t<span class=\"elementor-button-icon elementor-align-icon-left\">\n\t\t\t\t<i aria-hidden=\"true\" class=\"fas fa-shopping-cart\"><\/i>\t\t\t<\/span>\n\t\t\t\t\t\t<span class=\"elementor-button-text\">Prot\u00e8ge-selle de v\u00e9lo personnalis\u00e9e<\/span>\n\t\t<\/span>\n\t\t\t\t\t<\/a>\n\t\t<\/div>\n\t\t\t\t<\/div>\n\t\t\t\t<\/div>\n\t\t\t\t\t<\/div>\n\t\t<\/div>\n\t\t\t\t\t\t\t<\/div>\n\t\t<\/section>\n\t\t\t\t\t<\/div>\n\t\t<\/div>\n\t\t\t\t\t\t\t<\/div>\n\t\t<\/section>\n\t\t\t\t<section class=\"elementor-section elementor-top-section elementor-element elementor-element-32c5943 elementor-section-boxed elementor-section-height-default elementor-section-height-default\" data-id=\"32c5943\" data-element_type=\"section\">\n\t\t\t\t\t\t<div class=\"elementor-container elementor-column-gap-default\">\n\t\t\t\t\t<div class=\"elementor-column elementor-col-100 elementor-top-column elementor-element elementor-element-19dd691\" data-id=\"19dd691\" data-element_type=\"column\">\n\t\t\t<div class=\"elementor-widget-wrap elementor-element-populated\">\n\t\t\t\t\t\t\t\t<div class=\"elementor-element elementor-element-bcbeba4 elementor-widget elementor-widget-spacer\" data-id=\"bcbeba4\" data-element_type=\"widget\" data-widget_type=\"spacer.default\">\n\t\t\t\t<div class=\"elementor-widget-container\">\n\t\t\t\t\t<div class=\"elementor-spacer\">\n\t\t\t<div class=\"elementor-spacer-inner\"><\/div>\n\t\t<\/div>\n\t\t\t\t<\/div>\n\t\t\t\t<\/div>\n\t\t\t\t<div class=\"elementor-element elementor-element-6e61130 elementor-widget elementor-widget-heading\" data-id=\"6e61130\" data-element_type=\"widget\" data-widget_type=\"heading.default\">\n\t\t\t\t<div class=\"elementor-widget-container\">\n\t\t\t<h3 class=\"elementor-heading-title elementor-size-default\">Les vainqueurs de l\u2019ann\u00e9e 2020\n<\/h3>\t\t<\/div>\n\t\t\t\t<\/div>\n\t\t\t\t<div class=\"elementor-element elementor-element-95a9d73 elementor-widget elementor-widget-text-editor\" data-id=\"95a9d73\" data-element_type=\"widget\" data-widget_type=\"text-editor.default\">\n\t\t\t\t<div class=\"elementor-widget-container\">\n\t\t\t\t\t\t\t\t<p style=\"text-align: justify;\"><span style=\"font-weight: 400;\">Dans la cat\u00e9gorie des grandes villes, le gagnant de l\u2019\u00e9dition 2020\u00a0est M\u00f6nchengladbach (Allemagne). Dans la cat\u00e9gorie petite commune, le laur\u00e9at de la <strong>semaine europ\u00e9enne de la mobilit\u00e9<\/strong> est Lilienthal (Allemagne). Les villes allemandes sont les grandes gagnantes de cette \u00e9dition. Les ann\u00e9es pr\u00e9c\u00e9dentes, on retrouve des villes d\u2019autres pays. En effet, Kru\u0161evac (Serbie),Vienne (Autriche), Malm\u00f6 (Su\u00e8de), Zagreb (Croatie), Lisbonne (Portugal) ou encore Nantes en 2004 ont \u00e9galement \u00e9t\u00e9 laur\u00e9ates de la <strong>semaine europ\u00e9enne de la mobilit\u00e9<\/strong>. Ces derni\u00e8res proposent g\u00e9n\u00e9ralement un ensemble de mesures qui ont pour caract\u00e9ristiques communes d\u2019\u00eatre pratique, efficace, parfois originale et parfois tr\u00e8s simple.<\/span><\/p>\t\t\t\t\t\t<\/div>\n\t\t\t\t<\/div>\n\t\t\t\t\t<\/div>\n\t\t<\/div>\n\t\t\t\t\t\t\t<\/div>\n\t\t<\/section>\n\t\t\t\t<section class=\"elementor-section elementor-top-section elementor-element elementor-element-a14b8c6 elementor-section-boxed elementor-section-height-default elementor-section-height-default\" data-id=\"a14b8c6\" data-element_type=\"section\">\n\t\t\t\t\t\t<div class=\"elementor-container elementor-column-gap-default\">\n\t\t\t\t\t<div class=\"elementor-column elementor-col-100 elementor-top-column elementor-element elementor-element-0c7d0a3\" data-id=\"0c7d0a3\" data-element_type=\"column\">\n\t\t\t<div class=\"elementor-widget-wrap elementor-element-populated\">\n\t\t\t\t\t\t\t\t<div class=\"elementor-element elementor-element-eb777aa elementor-widget elementor-widget-spacer\" data-id=\"eb777aa\" data-element_type=\"widget\" data-widget_type=\"spacer.default\">\n\t\t\t\t<div class=\"elementor-widget-container\">\n\t\t\t\t\t<div class=\"elementor-spacer\">\n\t\t\t<div class=\"elementor-spacer-inner\"><\/div>\n\t\t<\/div>\n\t\t\t\t<\/div>\n\t\t\t\t<\/div>\n\t\t\t\t<div class=\"elementor-element elementor-element-16e7277 elementor-widget elementor-widget-heading\" data-id=\"16e7277\" data-element_type=\"widget\" data-widget_type=\"heading.default\">\n\t\t\t\t<div class=\"elementor-widget-container\">\n\t\t\t<h3 class=\"elementor-heading-title elementor-size-default\">Des exemples d\u2019initiatives pour la semaine europ\u00e9enne de la mobilit\u00e9<\/h3>\t\t<\/div>\n\t\t\t\t<\/div>\n\t\t\t\t\t<\/div>\n\t\t<\/div>\n\t\t\t\t\t\t\t<\/div>\n\t\t<\/section>\n\t\t\t\t<section class=\"elementor-section elementor-top-section elementor-element elementor-element-d15ef59 elementor-section-boxed elementor-section-height-default elementor-section-height-default\" data-id=\"d15ef59\" data-element_type=\"section\">\n\t\t\t\t\t\t<div class=\"elementor-container elementor-column-gap-default\">\n\t\t\t\t\t<div class=\"elementor-column elementor-col-100 elementor-top-column elementor-element elementor-element-71efdd9\" data-id=\"71efdd9\" data-element_type=\"column\">\n\t\t\t<div class=\"elementor-widget-wrap elementor-element-populated\">\n\t\t\t\t\t\t\t\t<div class=\"elementor-element elementor-element-f4d3927 elementor-widget elementor-widget-text-editor\" data-id=\"f4d3927\" data-element_type=\"widget\" data-widget_type=\"text-editor.default\">\n\t\t\t\t<div class=\"elementor-widget-container\">\n\t\t\t\t\t\t\t\t<p><span style=\"font-weight: 400;\">Lorsqu\u2019on veut r\u00e9duire la mobilit\u00e9 en voiture dans les plans de d\u00e9placements urbains, quelle alternative proposer ? La bonne nouvelle, c\u2019est qu\u2019en regardant ce qu\u2019on fait les villes gagnantes des \u00e9ditions pr\u00e9c\u00e9dentes, on remarque que tout est possible. Certaines villes ont mis\u00e9 sur l\u2019intermodalit\u00e9, d\u2019autres sur les transports publics, certaines communes ont favoris\u00e9 la circulation non motoris\u00e9e, d\u2019autres ont men\u00e9 des exp\u00e9riences dans plusieurs quartiers de la ville. Chacune \u00e0 leur mani\u00e8re, elles ont r\u00e9ussi \u00e0 s\u00e9duire le jury et les citoyens.\u00a0<\/span><\/p><p><span style=\"font-weight: 400;\">Concr\u00e8tement, voici une liste d\u2019actions mises en places lors des diff\u00e9rentes \u00e9ditions de la <strong>semaine europ\u00e9enne de la mobilit\u00e9<\/strong> :<\/span><\/p>\t\t\t\t\t\t<\/div>\n\t\t\t\t<\/div>\n\t\t\t\t<div class=\"elementor-element elementor-element-0e96844 elementor-widget elementor-widget-text-editor\" data-id=\"0e96844\" data-element_type=\"widget\" data-widget_type=\"text-editor.default\">\n\t\t\t\t<div class=\"elementor-widget-container\">\n\t\t\t\t\t\t\t\t<ul><li style=\"font-weight: 400;\" aria-level=\"1\"><span style=\"font-weight: 400;\">randonn\u00e9e culturelle<\/span><\/li><li style=\"font-weight: 400;\" aria-level=\"1\"><span style=\"font-weight: 400;\">d\u00e9veloppement de voies vertes pour les v\u00e9los, randonneurs et cavaliers<\/span><\/li><li style=\"font-weight: 400;\" aria-level=\"1\"><span style=\"font-weight: 400;\">installation de stations de v\u00e9los en libre-service<\/span><\/li><li style=\"font-weight: 400;\" aria-level=\"1\"><span style=\"font-weight: 400;\">installation d\u2019aires de stationnement pour v\u00e9lo<\/span><\/li><li style=\"font-weight: 400;\" aria-level=\"1\"><span style=\"font-weight: 400;\">campagne de communication efficace \u00e0 destination des citoyens<\/span><\/li><li style=\"font-weight: 400;\" aria-level=\"1\"><span style=\"font-weight: 400;\">installation de supports v\u00e9los dans les gares et bus pour favoriser la multimodalit\u00e9<\/span><\/li><li style=\"font-weight: 400;\" aria-level=\"1\"><span style=\"font-weight: 400;\">pique-nique urbains dans les rues auparavant r\u00e9serv\u00e9es aux v\u00e9hicules et automobilistes<\/span><\/li><li style=\"font-weight: 400;\" aria-level=\"1\"><span style=\"font-weight: 400;\">organisation de r\u00e9unions sur la mobilit\u00e9 durable o\u00f9 le public pouvait s\u2019exprimer librement<\/span><\/li><li style=\"font-weight: 400;\" aria-level=\"1\"><span style=\"font-weight: 400;\">organisation d\u2019une journ\u00e9e scolaire sans voiture<\/span><\/li><li style=\"font-weight: 400;\" aria-level=\"1\"><span style=\"font-weight: 400;\">en entreprises : atelier de. <a href=\"https:\/\/www.carbon-compensation.com\/formations-ateliers-rse\/sensibilisation-mobilite-durable\">sensibilisation aux mobilit\u00e9s durables<\/a>\u00a0<\/span><\/li><li style=\"font-weight: 400;\" aria-level=\"1\"><span style=\"font-weight: 400;\">jours de cong\u00e9s pour les employ\u00e9s qui se d\u00e9placent \u00e0 v\u00e9lo ou \u00e0 pied<\/span><\/li><li style=\"font-weight: 400;\" aria-level=\"1\"><span style=\"font-weight: 400;\">journ\u00e9e sans voiture<\/span><\/li><\/ul>\t\t\t\t\t\t<\/div>\n\t\t\t\t<\/div>\n\t\t\t\t<div class=\"elementor-element elementor-element-d92a9fa elementor-widget elementor-widget-text-editor\" data-id=\"d92a9fa\" data-element_type=\"widget\" data-widget_type=\"text-editor.default\">\n\t\t\t\t<div class=\"elementor-widget-container\">\n\t\t\t\t\t\t\t\t<p><span style=\"font-weight: 400;\">Ces exemples montrent que les actions sont diverses et vari\u00e9es. Elles peuvent porter sur le partage d\u2019information et l\u2019\u00e9ducation, l\u2019organisation d\u2019activit\u00e9s, l\u2019installation d\u2019infrastructures ou encore l\u2019incitation aux transports alternatifs \u00e0 travers des avantages financiers ou la distribution de mat\u00e9riels. Les trajets domicile-travail sont \u00e9galement une th\u00e9matique int\u00e9ressante, d\u2019ailleurs vous pouvez retrouver notre article sur <\/span><a href=\"https:\/\/www.drivecase.fr\/conseils-prevention\/securite-velo\/ecomobilite-trottinette-velo\/\"><span style=\"font-weight: 400;\">l\u2019\u00e9comobilit\u00e9<\/span><\/a><span style=\"font-weight: 400;\"> et les moyens de transport pour se rendre au travail.\u00a0<\/span><\/p>\t\t\t\t\t\t<\/div>\n\t\t\t\t<\/div>\n\t\t\t\t<div class=\"elementor-element elementor-element-d09eacc elementor-widget elementor-widget-heading\" data-id=\"d09eacc\" data-element_type=\"widget\" data-widget_type=\"heading.default\">\n\t\t\t\t<div class=\"elementor-widget-container\">\n\t\t\t<h3 class=\"elementor-heading-title elementor-size-default\">Des produits pour la semaine europ\u00e9enne de la mobilit\u00e9\n<\/h3>\t\t<\/div>\n\t\t\t\t<\/div>\n\t\t\t\t\t<\/div>\n\t\t<\/div>\n\t\t\t\t\t\t\t<\/div>\n\t\t<\/section>\n\t\t\t\t<section class=\"elementor-section elementor-top-section elementor-element elementor-element-57f281c elementor-section-boxed elementor-section-height-default elementor-section-height-default\" data-id=\"57f281c\" data-element_type=\"section\">\n\t\t\t\t\t\t<div class=\"elementor-container elementor-column-gap-default\">\n\t\t\t\t\t<div class=\"elementor-column elementor-col-50 elementor-top-column elementor-element elementor-element-535d748\" data-id=\"535d748\" data-element_type=\"column\">\n\t\t\t<div class=\"elementor-widget-wrap elementor-element-populated\">\n\t\t\t\t\t\t\t\t<div class=\"elementor-element elementor-element-0c1549d elementor-widget elementor-widget-image\" data-id=\"0c1549d\" data-element_type=\"widget\" data-widget_type=\"image.default\">\n\t\t\t\t<div class=\"elementor-widget-container\">\n\t\t\t\t\t\t\t\t\t\t\t\t\t\t\t<img width=\"370\" height=\"370\" src=\"https:\/\/www.drivecase.fr\/conseils-prevention\/wp-content\/uploads\/2021\/08\/brassard-enrouleur-reflechissant-34-cm-en13356.jpg\" class=\"attachment-large size-large\" alt=\"Brassard enrouleur Semaine europ\u00e9enne de la mobilit\u00e9\" loading=\"lazy\" srcset=\"https:\/\/www.drivecase.fr\/conseils-prevention\/wp-content\/uploads\/2021\/08\/brassard-enrouleur-reflechissant-34-cm-en13356.jpg 370w, https:\/\/www.drivecase.fr\/conseils-prevention\/wp-content\/uploads\/2021\/08\/brassard-enrouleur-reflechissant-34-cm-en13356-300x300.jpg 300w, https:\/\/www.drivecase.fr\/conseils-prevention\/wp-content\/uploads\/2021\/08\/brassard-enrouleur-reflechissant-34-cm-en13356-150x150.jpg 150w\" sizes=\"(max-width: 370px) 100vw, 370px\" style=\"width:100%;height:100%;max-width:370px;\" \/>\t\t\t\t\t\t\t\t\t\t\t\t\t\t\t<\/div>\n\t\t\t\t<\/div>\n\t\t\t\t\t<\/div>\n\t\t<\/div>\n\t\t\t\t<div class=\"elementor-column elementor-col-50 elementor-top-column elementor-element elementor-element-318bbc6\" data-id=\"318bbc6\" data-element_type=\"column\">\n\t\t\t<div class=\"elementor-widget-wrap elementor-element-populated\">\n\t\t\t\t\t\t\t\t<div class=\"elementor-element elementor-element-c7be7fb elementor-widget elementor-widget-image\" data-id=\"c7be7fb\" data-element_type=\"widget\" data-widget_type=\"image.default\">\n\t\t\t\t<div class=\"elementor-widget-container\">\n\t\t\t\t\t\t\t\t\t\t\t\t\t\t\t<img width=\"370\" height=\"370\" src=\"https:\/\/www.drivecase.fr\/conseils-prevention\/wp-content\/uploads\/2021\/08\/protege-selle-personnalise-velo-plastique-recycle.jpg\" class=\"attachment-large size-large\" alt=\"Prot\u00e8ge selle personnalis\u00e9e pour la Semaine europ\u00e9enne de la mobilit\u00e9\" loading=\"lazy\" srcset=\"https:\/\/www.drivecase.fr\/conseils-prevention\/wp-content\/uploads\/2021\/08\/protege-selle-personnalise-velo-plastique-recycle.jpg 370w, https:\/\/www.drivecase.fr\/conseils-prevention\/wp-content\/uploads\/2021\/08\/protege-selle-personnalise-velo-plastique-recycle-300x300.jpg 300w, https:\/\/www.drivecase.fr\/conseils-prevention\/wp-content\/uploads\/2021\/08\/protege-selle-personnalise-velo-plastique-recycle-150x150.jpg 150w\" sizes=\"(max-width: 370px) 100vw, 370px\" style=\"width:100%;height:100%;max-width:370px;\" \/>\t\t\t\t\t\t\t\t\t\t\t\t\t\t\t<\/div>\n\t\t\t\t<\/div>\n\t\t\t\t\t<\/div>\n\t\t<\/div>\n\t\t\t\t\t\t\t<\/div>\n\t\t<\/section>\n\t\t\t\t<section class=\"elementor-section elementor-top-section elementor-element elementor-element-4ba7248 elementor-section-boxed elementor-section-height-default elementor-section-height-default\" data-id=\"4ba7248\" data-element_type=\"section\">\n\t\t\t\t\t\t<div class=\"elementor-container elementor-column-gap-default\">\n\t\t\t\t\t<div class=\"elementor-column elementor-col-100 elementor-top-column elementor-element elementor-element-aa1d4f4\" data-id=\"aa1d4f4\" data-element_type=\"column\">\n\t\t\t<div class=\"elementor-widget-wrap elementor-element-populated\">\n\t\t\t\t\t\t\t\t<div class=\"elementor-element elementor-element-c0db1e6 elementor-widget elementor-widget-text-editor\" data-id=\"c0db1e6\" data-element_type=\"widget\" data-widget_type=\"text-editor.default\">\n\t\t\t\t<div class=\"elementor-widget-container\">\n\t\t\t\t\t\t\t\t<p><span style=\"font-weight: 400;\">Finalement, les mesures n\u2019ont pas besoin d\u2019\u00eatre co\u00fbteuses. L\u2019objectif est de montrer l\u2019engagement de la ville. Chaque ann\u00e9e Drivecase soutient la <strong>semaine europ\u00e9enne de la mobilit\u00e9<\/strong> en proposant des solutions simples et efficaces pour promouvoir la mobilit\u00e9 douce. Et cette ann\u00e9e, nous sommes ravis de vous pr\u00e9senter le <a href=\"https:\/\/www.drivecase.fr\/accessoires-velo-personnalises\/1641-protege-selle-personnalise-velo-plastique-recycle.html\">prot\u00e8ge selle v\u00e9lo<\/a> personnalisable en plastique recycl\u00e9.<\/span><span style=\"font-weight: 400;\">\u00a0Disponibles en plusieurs couleurs, vous pouvez personnaliser le couvre-selle avec le logo de votre ville et de vos partenaires. <\/span><span style=\"font-weight: 400;\">\u00c0 partir de 0,83 \u20ac l\u2019unit\u00e9 (personnalisation comprise), cet <a href=\"https:\/\/www.drivecase.fr\/44-accessoires-velo\">accessoire pour v\u00e9lo<\/a> est accessible, facilement distribuable et tr\u00e8s pratique pour les cyclistes lorsque la m\u00e9t\u00e9o est incertaine ou pluvieuse. L\u00e9ger et compact, il se glisse facilement dans le sac et assure au cycliste un trajet sur une selle s\u00e8che. Le prot\u00e8ge-selle personnalis\u00e9 est l\u2019accessoire id\u00e9al pour soutenir la mobilit\u00e9 \u00e0 v\u00e9lo.<\/span><\/p>\t\t\t\t\t\t<\/div>\n\t\t\t\t<\/div>\n\t\t\t\t<div class=\"elementor-element elementor-element-5d65617 elementor-widget elementor-widget-text-editor\" data-id=\"5d65617\" data-element_type=\"widget\" data-widget_type=\"text-editor.default\">\n\t\t\t\t<div class=\"elementor-widget-container\">\n\t\t\t\t\t\t\t\t<p><span style=\"font-weight: 400;\">Vous retrouverez sur <a href=\"https:\/\/www.drivecase.fr\/25-brassards-reflechissants-personnalises\">tous nos brassards personnalis\u00e9s sur Drivecase<\/a><\/span><span style=\"font-weight: 400;\"> certifi\u00e9s EN13356 pour vous assurer une haute visibilit\u00e9 que vous soyez pi\u00e9tons, joggeurs, cyclistes ou \u00e0 trottinette. Le brassard est personnalisable \u00e0 l\u2019image de votre ville et de vos partenaires. Disponible \u00e0 partir de 0,65 \u20ac l\u2019unit\u00e9 (personnalisation comprise), cet objet pr\u00e9sente les m\u00eames atouts que le prot\u00e8ge-selle. Peu co\u00fbteux, facilement distribuable et tr\u00e8s pratique, il cible n\u00e9anmoins un public plus large. Retrouvez plus de solutions pour votre campagne sur le site Drivecase. <\/span><\/p>\t\t\t\t\t\t<\/div>\n\t\t\t\t<\/div>\n\t\t\t\t<section class=\"elementor-section elementor-inner-section elementor-element elementor-element-6a13f21 elementor-section-height-min-height elementor-section-boxed elementor-section-height-default\" data-id=\"6a13f21\" data-element_type=\"section\" data-settings=\"{&quot;background_background&quot;:&quot;gradient&quot;}\">\n\t\t\t\t\t\t\t<div class=\"elementor-background-overlay\"><\/div>\n\t\t\t\t\t\t\t<div class=\"elementor-container elementor-column-gap-default\">\n\t\t\t\t\t<div class=\"elementor-column elementor-col-50 elementor-inner-column elementor-element elementor-element-0116606\" data-id=\"0116606\" data-element_type=\"column\">\n\t\t\t<div class=\"elementor-widget-wrap elementor-element-populated\">\n\t\t\t\t\t\t\t\t<div class=\"elementor-element elementor-element-2b80ce8 elementor-widget elementor-widget-heading\" data-id=\"2b80ce8\" data-element_type=\"widget\" data-widget_type=\"heading.default\">\n\t\t\t\t<div class=\"elementor-widget-container\">\n\t\t\t<p class=\"elementor-heading-title elementor-size-default\">Accessoire pour v\u00e9lo<\/p>\t\t<\/div>\n\t\t\t\t<\/div>\n\t\t\t\t<div class=\"elementor-element elementor-element-2ff08c0 elementor-hidden-phone elementor-widget elementor-widget-text-editor\" data-id=\"2ff08c0\" data-element_type=\"widget\" data-widget_type=\"text-editor.default\">\n\t\t\t\t<div class=\"elementor-widget-container\">\n\t\t\t\t\t\t\t\t<p>Retrouvez une s\u00e9lection d&rsquo;accessoires pour v\u00e9lo personnalisables. Soutenez la mobilit\u00e9 douce et offrez des goodies personnalis\u00e9s pour les cyclistes.<\/p>\t\t\t\t\t\t<\/div>\n\t\t\t\t<\/div>\n\t\t\t\t\t<\/div>\n\t\t<\/div>\n\t\t\t\t<div class=\"elementor-column elementor-col-50 elementor-inner-column elementor-element elementor-element-f5e3a1e\" data-id=\"f5e3a1e\" data-element_type=\"column\">\n\t\t\t<div class=\"elementor-widget-wrap elementor-element-populated\">\n\t\t\t\t\t\t\t\t<div class=\"elementor-element elementor-element-70ca155 elementor-align-center elementor-widget elementor-widget-button\" data-id=\"70ca155\" data-element_type=\"widget\" data-widget_type=\"button.default\">\n\t\t\t\t<div class=\"elementor-widget-container\">\n\t\t\t\t\t<div class=\"elementor-button-wrapper\">\n\t\t\t<a href=\"https:\/\/www.drivecase.fr\/44-accessoires-velo\" class=\"elementor-button-link elementor-button elementor-size-sm elementor-animation-grow\" role=\"button\">\n\t\t\t\t\t\t<span class=\"elementor-button-content-wrapper\">\n\t\t\t\t\t\t<span class=\"elementor-button-icon elementor-align-icon-left\">\n\t\t\t\t<i aria-hidden=\"true\" class=\"fas fa-shopping-cart\"><\/i>\t\t\t<\/span>\n\t\t\t\t\t\t<span class=\"elementor-button-text\">Accessoires pour v\u00e9lo<\/span>\n\t\t<\/span>\n\t\t\t\t\t<\/a>\n\t\t<\/div>\n\t\t\t\t<\/div>\n\t\t\t\t<\/div>\n\t\t\t\t\t<\/div>\n\t\t<\/div>\n\t\t\t\t\t\t\t<\/div>\n\t\t<\/section>\n\t\t\t\t\t<\/div>\n\t\t<\/div>\n\t\t\t\t\t\t\t<\/div>\n\t\t<\/section>\n\t\t\t\t\t\t<\/div>\n\t\t\t\t\t<\/div>\n\t\t","protected":false},"excerpt":{"rendered":"<p>Combien de temps passez-vous \u00e0 vous d\u00e9placer chaque jour ? Trente minutes, une heure ou plus ? Du lundi au vendredi, les fran\u00e7ais passent en moyenne 1h02 \u00e0 se d\u00e9placer. Que ce soit pour aller au travail, faire les courses, rejoindre des amis, dans l\u2019hexagone on r\u00e9alise environ 3 d\u00e9placements par jour. Et quel est&hellip; <a class=\"more-link\" href=\"https:\/\/www.drivecase.fr\/conseils-prevention\/securite-velo\/semaine-europeenne-de-la-mobilite-quest-ce-que-cest\/\">Poursuivre la lecture <span class=\"screen-reader-text\">Semaine Europ\u00e9enne de la Mobilit\u00e9, qu\u2019est ce que c\u2019est ?<\/span><\/a><\/p>\n","protected":false},"author":7,"featured_media":13550,"comment_status":"closed","ping_status":"closed","sticky":false,"template":"","format":"standard","meta":[],"categories":[23],"tags":[20,22],"yoast_head":"<!-- This site is optimized with the Yoast SEO Premium plugin v17.4 (Yoast SEO v17.4) - https:\/\/yoast.com\/wordpress\/plugins\/seo\/ -->\n<title>Semaine Europ\u00e9enne de la Mobilit\u00e9, qu\u2019est ce que c\u2019est ? | Conseils Drivecase<\/title>\n<meta name=\"description\" content=\"La journ\u00e9e sans voiture en ville, est ce que cela vous dit quelque chose ? Si oui, c&#039;est certainement une initiative provenant de la Semaine europ\u00e9enne de la mobilit\u00e9. Toutes les informations dans l&#039;article.\" \/>\n<meta name=\"robots\" content=\"index, follow, max-snippet:-1, max-image-preview:large, max-video-preview:-1\" \/>\n<link rel=\"canonical\" href=\"https:\/\/www.drivecase.fr\/conseils-prevention\/securite-velo\/semaine-europeenne-de-la-mobilite-quest-ce-que-cest\/\" \/>\n<meta property=\"og:locale\" content=\"fr_FR\" \/>\n<meta property=\"og:type\" content=\"article\" \/>\n<meta property=\"og:title\" content=\"Semaine Europ\u00e9enne de la Mobilit\u00e9, qu\u2019est ce que c\u2019est ?\" \/>\n<meta property=\"og:description\" content=\"Combien de temps passez-vous \u00e0 vous d\u00e9placer chaque jour ? Trente minutes, une heure ou plus ? Du lundi au vendredi, les fran\u00e7ais passent en moyenne 1h02\" \/>\n<meta property=\"og:url\" content=\"https:\/\/www.drivecase.fr\/conseils-prevention\/securite-velo\/semaine-europeenne-de-la-mobilite-quest-ce-que-cest\/\" \/>\n<meta property=\"og:site_name\" content=\"S\u00e9curit\u00e9 routi\u00e8re, EPI &amp; pr\u00e9vention sanitaire | Conseils pr\u00e9vention Drivecase\" \/>\n<meta property=\"article:publisher\" content=\"https:\/\/fr-fr.facebook.com\/drivecasefr\" \/>\n<meta property=\"article:published_time\" content=\"2021-08-20T10:42:49+00:00\" \/>\n<meta property=\"article:modified_time\" content=\"2025-06-03T08:21:40+00:00\" \/>\n<meta property=\"og:image\" content=\"https:\/\/www.drivecase.fr\/conseils-prevention\/wp-content\/uploads\/2021\/08\/semaine-europenne-mobilite.jpg\" \/>\n\t<meta property=\"og:image:width\" content=\"1000\" \/>\n\t<meta property=\"og:image:height\" content=\"667\" \/>\n<meta name=\"twitter:card\" content=\"summary_large_image\" \/>\n<meta name=\"twitter:creator\" content=\"@Drivecase\" \/>\n<meta name=\"twitter:site\" content=\"@Drivecase\" \/>\n<meta name=\"twitter:label1\" content=\"\u00c9crit par\" \/>\n\t<meta name=\"twitter:data1\" content=\"Edgard Singer\" \/>\n\t<meta name=\"twitter:label2\" content=\"Dur\u00e9e de lecture est.\" \/>\n\t<meta name=\"twitter:data2\" content=\"7 minutes\" \/>\n<script type=\"application\/ld+json\" class=\"yoast-schema-graph\">{\"@context\":\"https:\/\/schema.org\",\"@graph\":[{\"@type\":\"Organization\",\"@id\":\"https:\/\/www.drivecase.fr\/conseils-prevention\/#organization\",\"name\":\"Drivecase\",\"url\":\"https:\/\/www.drivecase.fr\/conseils-prevention\/\",\"sameAs\":[\"https:\/\/fr-fr.facebook.com\/drivecasefr\",\"https:\/\/fr.linkedin.com\/company\/drivecase\",\"https:\/\/www.youtube.com\/channel\/UCQ7ivAl-3feklwC1IX7HO8A\",\"https:\/\/www.pinterest.fr\/drivecase3695\/\",\"https:\/\/twitter.com\/Drivecase\"],\"logo\":{\"@type\":\"ImageObject\",\"@id\":\"https:\/\/www.drivecase.fr\/conseils-prevention\/#logo\",\"inLanguage\":\"fr-FR\",\"url\":\"https:\/\/www.drivecase.fr\/conseils-prevention\/wp-content\/uploads\/2021\/02\/logo_conseils-prevention_bleu_vert-01.png\",\"contentUrl\":\"https:\/\/www.drivecase.fr\/conseils-prevention\/wp-content\/uploads\/2021\/02\/logo_conseils-prevention_bleu_vert-01.png\",\"width\":2221,\"height\":667,\"caption\":\"Drivecase\"},\"image\":{\"@id\":\"https:\/\/www.drivecase.fr\/conseils-prevention\/#logo\"}},{\"@type\":\"WebSite\",\"@id\":\"https:\/\/www.drivecase.fr\/conseils-prevention\/#website\",\"url\":\"https:\/\/www.drivecase.fr\/conseils-prevention\/\",\"name\":\"S\\u00e9curit\\u00e9 routi\\u00e8re, EPI &amp; pr\\u00e9vention sanitaire | Conseils pr\\u00e9vention Drivecase\",\"description\":\"Le blog conseils pr\\u00e9vention d\\u00e9di\\u00e9 \\u00e0 la s\\u00e9curit\\u00e9 routi\\u00e8re, aux EPI, premiers secours &amp; pr\\u00e9vention sanitaire de Drivecase. Toute l&#039;actualit\\u00e9 sur la r\\u00e9glementation &amp; les bons gestes !\",\"publisher\":{\"@id\":\"https:\/\/www.drivecase.fr\/conseils-prevention\/#organization\"},\"potentialAction\":[{\"@type\":\"SearchAction\",\"target\":{\"@type\":\"EntryPoint\",\"urlTemplate\":\"https:\/\/www.drivecase.fr\/conseils-prevention\/?s={search_term_string}\"},\"query-input\":\"required name=search_term_string\"}],\"inLanguage\":\"fr-FR\"},{\"@type\":\"ImageObject\",\"@id\":\"https:\/\/www.drivecase.fr\/conseils-prevention\/securite-velo\/semaine-europeenne-de-la-mobilite-quest-ce-que-cest\/#primaryimage\",\"inLanguage\":\"fr-FR\",\"url\":\"https:\/\/www.drivecase.fr\/conseils-prevention\/wp-content\/uploads\/2021\/08\/semaine-europenne-mobilite.jpg\",\"contentUrl\":\"https:\/\/www.drivecase.fr\/conseils-prevention\/wp-content\/uploads\/2021\/08\/semaine-europenne-mobilite.jpg\",\"width\":1000,\"height\":667},{\"@type\":\"WebPage\",\"@id\":\"https:\/\/www.drivecase.fr\/conseils-prevention\/securite-velo\/semaine-europeenne-de-la-mobilite-quest-ce-que-cest\/#webpage\",\"url\":\"https:\/\/www.drivecase.fr\/conseils-prevention\/securite-velo\/semaine-europeenne-de-la-mobilite-quest-ce-que-cest\/\",\"name\":\"Semaine Europ\\u00e9enne de la Mobilit\\u00e9, qu\\u2019est ce que c\\u2019est ? | Conseils Drivecase\",\"isPartOf\":{\"@id\":\"https:\/\/www.drivecase.fr\/conseils-prevention\/#website\"},\"primaryImageOfPage\":{\"@id\":\"https:\/\/www.drivecase.fr\/conseils-prevention\/securite-velo\/semaine-europeenne-de-la-mobilite-quest-ce-que-cest\/#primaryimage\"},\"datePublished\":\"2021-08-20T10:42:49+00:00\",\"dateModified\":\"2025-06-03T08:21:40+00:00\",\"description\":\"La journ\\u00e9e sans voiture en ville, est ce que cela vous dit quelque chose ? Si oui, c'est certainement une initiative provenant de la Semaine europ\\u00e9enne de la mobilit\\u00e9. Toutes les informations dans l'article.\",\"breadcrumb\":{\"@id\":\"https:\/\/www.drivecase.fr\/conseils-prevention\/securite-velo\/semaine-europeenne-de-la-mobilite-quest-ce-que-cest\/#breadcrumb\"},\"inLanguage\":\"fr-FR\",\"potentialAction\":[{\"@type\":\"ReadAction\",\"target\":[\"https:\/\/www.drivecase.fr\/conseils-prevention\/securite-velo\/semaine-europeenne-de-la-mobilite-quest-ce-que-cest\/\"]}]},{\"@type\":\"BreadcrumbList\",\"@id\":\"https:\/\/www.drivecase.fr\/conseils-prevention\/securite-velo\/semaine-europeenne-de-la-mobilite-quest-ce-que-cest\/#breadcrumb\",\"itemListElement\":[{\"@type\":\"ListItem\",\"position\":1,\"name\":\"Conseils pr\\u00e9vention\",\"item\":\"https:\/\/www.drivecase.fr\/conseils-prevention\/\"},{\"@type\":\"ListItem\",\"position\":2,\"name\":\"S\\u00e9curit\\u00e9 \\u00e0 v\\u00e9lo\",\"item\":\"https:\/\/www.drivecase.fr\/conseils-prevention\/securite-velo\/\"},{\"@type\":\"ListItem\",\"position\":3,\"name\":\"Semaine Europ\\u00e9enne de la Mobilit\\u00e9, qu\\u2019est ce que c\\u2019est ?\"}]},{\"@type\":\"Article\",\"@id\":\"https:\/\/www.drivecase.fr\/conseils-prevention\/securite-velo\/semaine-europeenne-de-la-mobilite-quest-ce-que-cest\/#article\",\"isPartOf\":{\"@id\":\"https:\/\/www.drivecase.fr\/conseils-prevention\/securite-velo\/semaine-europeenne-de-la-mobilite-quest-ce-que-cest\/#webpage\"},\"author\":{\"@id\":\"https:\/\/www.drivecase.fr\/conseils-prevention\/#\/schema\/person\/7138f4f7c955a2d3414789aefcf52f85\"},\"headline\":\"Semaine Europ\\u00e9enne de la Mobilit\\u00e9, qu\\u2019est ce que c\\u2019est ?\",\"datePublished\":\"2021-08-20T10:42:49+00:00\",\"dateModified\":\"2025-06-03T08:21:40+00:00\",\"mainEntityOfPage\":{\"@id\":\"https:\/\/www.drivecase.fr\/conseils-prevention\/securite-velo\/semaine-europeenne-de-la-mobilite-quest-ce-que-cest\/#webpage\"},\"wordCount\":1540,\"publisher\":{\"@id\":\"https:\/\/www.drivecase.fr\/conseils-prevention\/#organization\"},\"image\":{\"@id\":\"https:\/\/www.drivecase.fr\/conseils-prevention\/securite-velo\/semaine-europeenne-de-la-mobilite-quest-ce-que-cest\/#primaryimage\"},\"thumbnailUrl\":\"https:\/\/www.drivecase.fr\/conseils-prevention\/wp-content\/uploads\/2021\/08\/semaine-europenne-mobilite.jpg\",\"keywords\":[\"Conseils d'experts\",\"\\u00c9tudes &amp; statistiques\"],\"articleSection\":[\"S\\u00e9curit\\u00e9 \\u00e0 v\\u00e9lo\"],\"inLanguage\":\"fr-FR\"},{\"@type\":\"Person\",\"@id\":\"https:\/\/www.drivecase.fr\/conseils-prevention\/#\/schema\/person\/7138f4f7c955a2d3414789aefcf52f85\",\"name\":\"Edgard Singer\",\"image\":{\"@type\":\"ImageObject\",\"@id\":\"https:\/\/www.drivecase.fr\/conseils-prevention\/#personlogo\",\"inLanguage\":\"fr-FR\",\"url\":\"https:\/\/secure.gravatar.com\/avatar\/0830371add0beaee77e759d97caa2f4a?s=96&d=mm&r=g\",\"contentUrl\":\"https:\/\/secure.gravatar.com\/avatar\/0830371add0beaee77e759d97caa2f4a?s=96&d=mm&r=g\",\"caption\":\"Edgard Singer\"},\"description\":\"V\\u00e9lotaffeur averti et cyclotouriste, j'ai \\u00e0 c\\u0153ur de partager la route avec tous et toutes. Actualit\\u00e9s, conseils, nouveaut\\u00e9s, je d\\u00e9nicherai tout ce qui peut contribuer \\u00e0 la s\\u00e9curit\\u00e9 routi\\u00e8re et au bien-\\u00eatre de chacun.\",\"url\":\"https:\/\/www.drivecase.fr\/conseils-prevention\/author\/communicationdrivecase-fr\/\"}]}<\/script>\n<!-- \/ Yoast SEO Premium plugin. -->","yoast_head_json":{"title":"Semaine Europ\u00e9enne de la Mobilit\u00e9, qu\u2019est ce que c\u2019est ? | Conseils Drivecase","description":"La journ\u00e9e sans voiture en ville, est ce que cela vous dit quelque chose ? Si oui, c'est certainement une initiative provenant de la Semaine europ\u00e9enne de la mobilit\u00e9. Toutes les informations dans l'article.","robots":{"index":"index","follow":"follow","max-snippet":"max-snippet:-1","max-image-preview":"max-image-preview:large","max-video-preview":"max-video-preview:-1"},"canonical":"https:\/\/www.drivecase.fr\/conseils-prevention\/securite-velo\/semaine-europeenne-de-la-mobilite-quest-ce-que-cest\/","og_locale":"fr_FR","og_type":"article","og_title":"Semaine Europ\u00e9enne de la Mobilit\u00e9, qu\u2019est ce que c\u2019est ?","og_description":"Combien de temps passez-vous \u00e0 vous d\u00e9placer chaque jour ? Trente minutes, une heure ou plus ? Du lundi au vendredi, les fran\u00e7ais passent en moyenne 1h02","og_url":"https:\/\/www.drivecase.fr\/conseils-prevention\/securite-velo\/semaine-europeenne-de-la-mobilite-quest-ce-que-cest\/","og_site_name":"S\u00e9curit\u00e9 routi\u00e8re, EPI &amp; pr\u00e9vention sanitaire | Conseils pr\u00e9vention Drivecase","article_publisher":"https:\/\/fr-fr.facebook.com\/drivecasefr","article_published_time":"2021-08-20T10:42:49+00:00","article_modified_time":"2025-06-03T08:21:40+00:00","og_image":[{"width":1000,"height":667,"url":"https:\/\/www.drivecase.fr\/conseils-prevention\/wp-content\/uploads\/2021\/08\/semaine-europenne-mobilite.jpg","type":"image\/jpeg"}],"twitter_card":"summary_large_image","twitter_creator":"@Drivecase","twitter_site":"@Drivecase","twitter_misc":{"\u00c9crit par":"Edgard Singer","Dur\u00e9e de lecture est.":"7 minutes"},"schema":{"@context":"https:\/\/schema.org","@graph":[{"@type":"Organization","@id":"https:\/\/www.drivecase.fr\/conseils-prevention\/#organization","name":"Drivecase","url":"https:\/\/www.drivecase.fr\/conseils-prevention\/","sameAs":["https:\/\/fr-fr.facebook.com\/drivecasefr","https:\/\/fr.linkedin.com\/company\/drivecase","https:\/\/www.youtube.com\/channel\/UCQ7ivAl-3feklwC1IX7HO8A","https:\/\/www.pinterest.fr\/drivecase3695\/","https:\/\/twitter.com\/Drivecase"],"logo":{"@type":"ImageObject","@id":"https:\/\/www.drivecase.fr\/conseils-prevention\/#logo","inLanguage":"fr-FR","url":"https:\/\/www.drivecase.fr\/conseils-prevention\/wp-content\/uploads\/2021\/02\/logo_conseils-prevention_bleu_vert-01.png","contentUrl":"https:\/\/www.drivecase.fr\/conseils-prevention\/wp-content\/uploads\/2021\/02\/logo_conseils-prevention_bleu_vert-01.png","width":2221,"height":667,"caption":"Drivecase"},"image":{"@id":"https:\/\/www.drivecase.fr\/conseils-prevention\/#logo"}},{"@type":"WebSite","@id":"https:\/\/www.drivecase.fr\/conseils-prevention\/#website","url":"https:\/\/www.drivecase.fr\/conseils-prevention\/","name":"S\u00e9curit\u00e9 routi\u00e8re, EPI &amp; pr\u00e9vention sanitaire | Conseils pr\u00e9vention Drivecase","description":"Le blog conseils pr\u00e9vention d\u00e9di\u00e9 \u00e0 la s\u00e9curit\u00e9 routi\u00e8re, aux EPI, premiers secours &amp; pr\u00e9vention sanitaire de Drivecase. Toute l&#039;actualit\u00e9 sur la r\u00e9glementation &amp; les bons gestes !","publisher":{"@id":"https:\/\/www.drivecase.fr\/conseils-prevention\/#organization"},"potentialAction":[{"@type":"SearchAction","target":{"@type":"EntryPoint","urlTemplate":"https:\/\/www.drivecase.fr\/conseils-prevention\/?s={search_term_string}"},"query-input":"required name=search_term_string"}],"inLanguage":"fr-FR"},{"@type":"ImageObject","@id":"https:\/\/www.drivecase.fr\/conseils-prevention\/securite-velo\/semaine-europeenne-de-la-mobilite-quest-ce-que-cest\/#primaryimage","inLanguage":"fr-FR","url":"https:\/\/www.drivecase.fr\/conseils-prevention\/wp-content\/uploads\/2021\/08\/semaine-europenne-mobilite.jpg","contentUrl":"https:\/\/www.drivecase.fr\/conseils-prevention\/wp-content\/uploads\/2021\/08\/semaine-europenne-mobilite.jpg","width":1000,"height":667},{"@type":"WebPage","@id":"https:\/\/www.drivecase.fr\/conseils-prevention\/securite-velo\/semaine-europeenne-de-la-mobilite-quest-ce-que-cest\/#webpage","url":"https:\/\/www.drivecase.fr\/conseils-prevention\/securite-velo\/semaine-europeenne-de-la-mobilite-quest-ce-que-cest\/","name":"Semaine Europ\u00e9enne de la Mobilit\u00e9, qu\u2019est ce que c\u2019est ? | Conseils Drivecase","isPartOf":{"@id":"https:\/\/www.drivecase.fr\/conseils-prevention\/#website"},"primaryImageOfPage":{"@id":"https:\/\/www.drivecase.fr\/conseils-prevention\/securite-velo\/semaine-europeenne-de-la-mobilite-quest-ce-que-cest\/#primaryimage"},"datePublished":"2021-08-20T10:42:49+00:00","dateModified":"2025-06-03T08:21:40+00:00","description":"La journ\u00e9e sans voiture en ville, est ce que cela vous dit quelque chose ? Si oui, c'est certainement une initiative provenant de la Semaine europ\u00e9enne de la mobilit\u00e9. Toutes les informations dans l'article.","breadcrumb":{"@id":"https:\/\/www.drivecase.fr\/conseils-prevention\/securite-velo\/semaine-europeenne-de-la-mobilite-quest-ce-que-cest\/#breadcrumb"},"inLanguage":"fr-FR","potentialAction":[{"@type":"ReadAction","target":["https:\/\/www.drivecase.fr\/conseils-prevention\/securite-velo\/semaine-europeenne-de-la-mobilite-quest-ce-que-cest\/"]}]},{"@type":"BreadcrumbList","@id":"https:\/\/www.drivecase.fr\/conseils-prevention\/securite-velo\/semaine-europeenne-de-la-mobilite-quest-ce-que-cest\/#breadcrumb","itemListElement":[{"@type":"ListItem","position":1,"name":"Conseils pr\u00e9vention","item":"https:\/\/www.drivecase.fr\/conseils-prevention\/"},{"@type":"ListItem","position":2,"name":"S\u00e9curit\u00e9 \u00e0 v\u00e9lo","item":"https:\/\/www.drivecase.fr\/conseils-prevention\/securite-velo\/"},{"@type":"ListItem","position":3,"name":"Semaine Europ\u00e9enne de la Mobilit\u00e9, qu\u2019est ce que c\u2019est ?"}]},{"@type":"Article","@id":"https:\/\/www.drivecase.fr\/conseils-prevention\/securite-velo\/semaine-europeenne-de-la-mobilite-quest-ce-que-cest\/#article","isPartOf":{"@id":"https:\/\/www.drivecase.fr\/conseils-prevention\/securite-velo\/semaine-europeenne-de-la-mobilite-quest-ce-que-cest\/#webpage"},"author":{"@id":"https:\/\/www.drivecase.fr\/conseils-prevention\/#\/schema\/person\/7138f4f7c955a2d3414789aefcf52f85"},"headline":"Semaine Europ\u00e9enne de la Mobilit\u00e9, qu\u2019est ce que c\u2019est ?","datePublished":"2021-08-20T10:42:49+00:00","dateModified":"2025-06-03T08:21:40+00:00","mainEntityOfPage":{"@id":"https:\/\/www.drivecase.fr\/conseils-prevention\/securite-velo\/semaine-europeenne-de-la-mobilite-quest-ce-que-cest\/#webpage"},"wordCount":1540,"publisher":{"@id":"https:\/\/www.drivecase.fr\/conseils-prevention\/#organization"},"image":{"@id":"https:\/\/www.drivecase.fr\/conseils-prevention\/securite-velo\/semaine-europeenne-de-la-mobilite-quest-ce-que-cest\/#primaryimage"},"thumbnailUrl":"https:\/\/www.drivecase.fr\/conseils-prevention\/wp-content\/uploads\/2021\/08\/semaine-europenne-mobilite.jpg","keywords":["Conseils d'experts","\u00c9tudes &amp; statistiques"],"articleSection":["S\u00e9curit\u00e9 \u00e0 v\u00e9lo"],"inLanguage":"fr-FR"},{"@type":"Person","@id":"https:\/\/www.drivecase.fr\/conseils-prevention\/#\/schema\/person\/7138f4f7c955a2d3414789aefcf52f85","name":"Edgard Singer","image":{"@type":"ImageObject","@id":"https:\/\/www.drivecase.fr\/conseils-prevention\/#personlogo","inLanguage":"fr-FR","url":"https:\/\/secure.gravatar.com\/avatar\/0830371add0beaee77e759d97caa2f4a?s=96&d=mm&r=g","contentUrl":"https:\/\/secure.gravatar.com\/avatar\/0830371add0beaee77e759d97caa2f4a?s=96&d=mm&r=g","caption":"Edgard Singer"},"description":"V\u00e9lotaffeur averti et cyclotouriste, j'ai \u00e0 c\u0153ur de partager la route avec tous et toutes. Actualit\u00e9s, conseils, nouveaut\u00e9s, je d\u00e9nicherai tout ce qui peut contribuer \u00e0 la s\u00e9curit\u00e9 routi\u00e8re et au bien-\u00eatre de chacun.","url":"https:\/\/www.drivecase.fr\/conseils-prevention\/author\/communicationdrivecase-fr\/"}]}},"_links":{"self":[{"href":"https:\/\/www.drivecase.fr\/conseils-prevention\/wp-json\/wp\/v2\/posts\/5647"}],"collection":[{"href":"https:\/\/www.drivecase.fr\/conseils-prevention\/wp-json\/wp\/v2\/posts"}],"about":[{"href":"https:\/\/www.drivecase.fr\/conseils-prevention\/wp-json\/wp\/v2\/types\/post"}],"author":[{"embeddable":true,"href":"https:\/\/www.drivecase.fr\/conseils-prevention\/wp-json\/wp\/v2\/users\/7"}],"replies":[{"embeddable":true,"href":"https:\/\/www.drivecase.fr\/conseils-prevention\/wp-json\/wp\/v2\/comments?post=5647"}],"version-history":[{"count":100,"href":"https:\/\/www.drivecase.fr\/conseils-prevention\/wp-json\/wp\/v2\/posts\/5647\/revisions"}],"predecessor-version":[{"id":15659,"href":"https:\/\/www.drivecase.fr\/conseils-prevention\/wp-json\/wp\/v2\/posts\/5647\/revisions\/15659"}],"wp:featuredmedia":[{"embeddable":true,"href":"https:\/\/www.drivecase.fr\/conseils-prevention\/wp-json\/wp\/v2\/media\/13550"}],"wp:attachment":[{"href":"https:\/\/www.drivecase.fr\/conseils-prevention\/wp-json\/wp\/v2\/media?parent=5647"}],"wp:term":[{"taxonomy":"category","embeddable":true,"href":"https:\/\/www.drivecase.fr\/conseils-prevention\/wp-json\/wp\/v2\/categories?post=5647"},{"taxonomy":"post_tag","embeddable":true,"href":"https:\/\/www.drivecase.fr\/conseils-prevention\/wp-json\/wp\/v2\/tags?post=5647"}],"curies":[{"name":"wp","href":"https:\/\/api.w.org\/{rel}","templated":true}]}}