{"id":5808,"date":"2021-08-25T11:46:07","date_gmt":"2021-08-25T09:46:07","guid":{"rendered":"https:\/\/www.drivecase.fr\/conseils-prevention\/?p=5808"},"modified":"2021-10-28T16:35:19","modified_gmt":"2021-10-28T14:35:19","slug":"radar-drone","status":"publish","type":"post","link":"https:\/\/www.drivecase.fr\/conseils-prevention\/securite-voiture\/radar-drone\/","title":{"rendered":"Radar drone : existe-t-il ? verbalise-t-il ?"},"content":{"rendered":"\t\t<div data-elementor-type=\"wp-post\" data-elementor-id=\"5808\" class=\"elementor elementor-5808\" data-elementor-settings=\"[]\">\n\t\t\t\t\t\t\t<div class=\"elementor-section-wrap\">\n\t\t\t\t\t\t\t<section class=\"elementor-section elementor-top-section elementor-element elementor-element-496a9bcc elementor-section-boxed elementor-section-height-default elementor-section-height-default\" data-id=\"496a9bcc\" data-element_type=\"section\">\n\t\t\t\t\t\t<div class=\"elementor-container elementor-column-gap-default\">\n\t\t\t\t\t<div class=\"elementor-column elementor-col-100 elementor-top-column elementor-element elementor-element-462dbf15\" data-id=\"462dbf15\" data-element_type=\"column\">\n\t\t\t<div class=\"elementor-widget-wrap elementor-element-populated\">\n\t\t\t\t\t\t\t\t<div class=\"elementor-element elementor-element-40086151 elementor-widget elementor-widget-text-editor\" data-id=\"40086151\" data-element_type=\"widget\" data-widget_type=\"text-editor.default\">\n\t\t\t\t<div class=\"elementor-widget-container\">\n\t\t\t\t\t\t\t\t<p>Dans l\u2019histoire des contr\u00f4les routiers, le premier radar Mesta 100 cr\u00e9\u00e9 en 1946, a connu de nombreuses \u00e9volutions, jusqu\u2019\u00e0 l\u2019arriv\u00e9e des premiers <strong>radars drones<\/strong> en 2019. Ce radar nouvelle g\u00e9n\u00e9ration, encore en phase de test a pour objectif d\u2019avoir une vision plus large de la route. Cependant certaines questions subsistent quant \u00e0 la l\u00e9gitimit\u00e9 des infractions provenant de ces derniers. Controvers\u00e9 mais efficace, zoom sur le <strong>radar drone<\/strong>, nouvel outil de contr\u00f4le des forces de l\u2019ordre.<\/p>\t\t\t\t\t\t<\/div>\n\t\t\t\t<\/div>\n\t\t\t\t\t<\/div>\n\t\t<\/div>\n\t\t\t\t\t\t\t<\/div>\n\t\t<\/section>\n\t\t\t\t<section class=\"elementor-section elementor-top-section elementor-element elementor-element-3df80244 elementor-section-boxed elementor-section-height-default elementor-section-height-default\" data-id=\"3df80244\" data-element_type=\"section\">\n\t\t\t\t\t\t<div class=\"elementor-container elementor-column-gap-default\">\n\t\t\t\t\t<div class=\"elementor-column elementor-col-100 elementor-top-column elementor-element elementor-element-35f21f00\" data-id=\"35f21f00\" data-element_type=\"column\">\n\t\t\t<div class=\"elementor-widget-wrap elementor-element-populated\">\n\t\t\t\t\t\t\t\t<div class=\"elementor-element elementor-element-36cfd27 elementor-toc--content-ellipsis elementor-toc--minimized-on-tablet elementor-widget elementor-widget-table-of-contents\" data-id=\"36cfd27\" data-element_type=\"widget\" data-settings=\"{&quot;headings_by_tags&quot;:[&quot;h2&quot;,&quot;h3&quot;],&quot;exclude_headings_by_selector&quot;:[],&quot;min_height&quot;:{&quot;unit&quot;:&quot;px&quot;,&quot;size&quot;:0,&quot;sizes&quot;:[]},&quot;marker_view&quot;:&quot;numbers&quot;,&quot;minimize_box&quot;:&quot;yes&quot;,&quot;minimized_on&quot;:&quot;tablet&quot;,&quot;hierarchical_view&quot;:&quot;yes&quot;,&quot;min_height_tablet&quot;:{&quot;unit&quot;:&quot;px&quot;,&quot;size&quot;:&quot;&quot;,&quot;sizes&quot;:[]},&quot;min_height_mobile&quot;:{&quot;unit&quot;:&quot;px&quot;,&quot;size&quot;:&quot;&quot;,&quot;sizes&quot;:[]}}\" data-widget_type=\"table-of-contents.default\">\n\t\t\t\t<div class=\"elementor-widget-container\">\n\t\t\t\t\t<div class=\"elementor-toc__header\">\n\t\t\t<h4 class=\"elementor-toc__header-title\">Naviguer au sein de l'article<\/h4>\t\t\t\t\t\t\t<div class=\"elementor-toc__toggle-button elementor-toc__toggle-button--expand\"><i class=\"fas fa-chevron-down\"><\/i><\/div>\n\t\t\t\t<div class=\"elementor-toc__toggle-button elementor-toc__toggle-button--collapse\"><i class=\"fas fa-chevron-up\"><\/i><\/div>\n\t\t\t\t\t<\/div>\n\t\t<div class=\"elementor-toc__body\">\n\t\t\t<div class=\"elementor-toc__spinner-container\">\n\t\t\t\t<i class=\"elementor-toc__spinner eicon-loading eicon-animation-spin\" aria-hidden=\"true\"><\/i>\n\t\t\t<\/div>\n\t\t<\/div>\n\t\t\t\t<\/div>\n\t\t\t\t<\/div>\n\t\t\t\t\t<\/div>\n\t\t<\/div>\n\t\t\t\t\t\t\t<\/div>\n\t\t<\/section>\n\t\t\t\t<section class=\"elementor-section elementor-top-section elementor-element elementor-element-590b42e6 elementor-section-boxed elementor-section-height-default elementor-section-height-default\" data-id=\"590b42e6\" data-element_type=\"section\">\n\t\t\t\t\t\t<div class=\"elementor-container elementor-column-gap-default\">\n\t\t\t\t\t<div class=\"elementor-column elementor-col-100 elementor-top-column elementor-element elementor-element-3c20cc3b\" data-id=\"3c20cc3b\" data-element_type=\"column\">\n\t\t\t<div class=\"elementor-widget-wrap elementor-element-populated\">\n\t\t\t\t\t\t\t\t<div class=\"elementor-element elementor-element-20902ca elementor-widget elementor-widget-image\" data-id=\"20902ca\" data-element_type=\"widget\" data-widget_type=\"image.default\">\n\t\t\t\t<div class=\"elementor-widget-container\">\n\t\t\t\t\t\t\t\t\t\t\t\t\t\t\t<img width=\"750\" height=\"421\" src=\"https:\/\/www.drivecase.fr\/conseils-prevention\/wp-content\/uploads\/2021\/08\/flying-drone_t20_rOaXOz-768x431.jpg\" class=\"attachment-medium_large size-medium_large\" alt=\"radar drone et infractions\" loading=\"lazy\" srcset=\"https:\/\/www.drivecase.fr\/conseils-prevention\/wp-content\/uploads\/2021\/08\/flying-drone_t20_rOaXOz-768x431.jpg 768w, https:\/\/www.drivecase.fr\/conseils-prevention\/wp-content\/uploads\/2021\/08\/flying-drone_t20_rOaXOz-300x169.jpg 300w, https:\/\/www.drivecase.fr\/conseils-prevention\/wp-content\/uploads\/2021\/08\/flying-drone_t20_rOaXOz-1024x575.jpg 1024w, https:\/\/www.drivecase.fr\/conseils-prevention\/wp-content\/uploads\/2021\/08\/flying-drone_t20_rOaXOz.jpg 1109w\" sizes=\"(max-width: 750px) 100vw, 750px\" style=\"width:100%;height:56.18%;max-width:1109px;\" \/>\t\t\t\t\t\t\t\t\t\t\t\t\t\t\t<\/div>\n\t\t\t\t<\/div>\n\t\t\t\t<div class=\"elementor-element elementor-element-1639ca1f elementor-widget elementor-widget-heading\" data-id=\"1639ca1f\" data-element_type=\"widget\" data-widget_type=\"heading.default\">\n\t\t\t\t<div class=\"elementor-widget-container\">\n\t\t\t<h2 class=\"elementor-heading-title elementor-size-default\">Du Mesta 100 au radar drone<\/h2>\t\t<\/div>\n\t\t\t\t<\/div>\n\t\t\t\t\t<\/div>\n\t\t<\/div>\n\t\t\t\t\t\t\t<\/div>\n\t\t<\/section>\n\t\t\t\t<section class=\"elementor-section elementor-top-section elementor-element elementor-element-d3176ad elementor-section-boxed elementor-section-height-default elementor-section-height-default\" data-id=\"d3176ad\" data-element_type=\"section\">\n\t\t\t\t\t\t<div class=\"elementor-container elementor-column-gap-default\">\n\t\t\t\t\t<div class=\"elementor-column elementor-col-100 elementor-top-column elementor-element elementor-element-2bbbc7b\" data-id=\"2bbbc7b\" data-element_type=\"column\">\n\t\t\t<div class=\"elementor-widget-wrap elementor-element-populated\">\n\t\t\t\t\t\t\t\t<div class=\"elementor-element elementor-element-046f289 elementor-widget elementor-widget-text-editor\" data-id=\"046f289\" data-element_type=\"widget\" data-widget_type=\"text-editor.default\">\n\t\t\t\t<div class=\"elementor-widget-container\">\n\t\t\t\t\t\t\t\t<p>En 1946, le premier radar, le Mesta 100 laissa rapidement sa place au Mesta 206, utilis\u00e9 des ann\u00e9es 70 aux ann\u00e9es 90, ce dernier fit preuve d\u2019une grande utilit\u00e9 et d\u2019une bonne pr\u00e9cision dans le contr\u00f4le des exc\u00e8s de vitesse. Cependant, n\u00e9cessitant une maintenance r\u00e9guli\u00e8re car difficile \u00e0 r\u00e9gler, ce radar souleva une premi\u00e8re probl\u00e9matique car il n\u00e9cessitait la pr\u00e9sence constante des forces de l\u2019ordre \u00e0 ses c\u00f4t\u00e9s. Une autre version de radar mobile fut ensuite utilis\u00e9, le Mesta 208. Une nouvelle fois ce dernier n\u2019a pas palli\u00e9 au manque d\u2019autonomie. En 2003 le d\u00e9ploiement des radars fixes ou mobiles eu lieu en France avec notamment de nombreux radars automatiques install\u00e9s sur les routes fran\u00e7aises. Avec un syst\u00e8me CSA (contr\u00f4le-sanction automatis\u00e9), la pr\u00e9sence de forces de l\u2019ordre \u00e0 proximit\u00e9 de chaque radar n\u2019\u00e9tait donc plus n\u00e9cessaire. \u00c9voluant au fil des ann\u00e9es et int\u00e9grant de nouvelles fonctionnalit\u00e9s : contr\u00f4le aux passages \u00e0 niveau, contr\u00f4le plus pr\u00e9cis de la vitesse\u2026 le radar est un outil de contr\u00f4le cependant toujours controvers\u00e9. Le <a href=\"https:\/\/www.drivecase.fr\/conseils-prevention\/securite-voiture\/fonctionnement-radar-tourelle\/\">radar tourelle<\/a>, une des derni\u00e8res innovations en radar fixe, a lui, la possibilit\u00e9 de contr\u00f4ler 32 v\u00e9hicules diff\u00e9rents sur huit voies de circulation.<\/p>\t\t\t\t\t\t<\/div>\n\t\t\t\t<\/div>\n\t\t\t\t\t<\/div>\n\t\t<\/div>\n\t\t\t\t\t\t\t<\/div>\n\t\t<\/section>\n\t\t\t\t<section class=\"elementor-section elementor-top-section elementor-element elementor-element-5ceb588 elementor-section-boxed elementor-section-height-default elementor-section-height-default\" data-id=\"5ceb588\" data-element_type=\"section\">\n\t\t\t\t\t\t<div class=\"elementor-container elementor-column-gap-default\">\n\t\t\t\t\t<div class=\"elementor-column elementor-col-100 elementor-top-column elementor-element elementor-element-7f24e7e\" data-id=\"7f24e7e\" data-element_type=\"column\">\n\t\t\t<div class=\"elementor-widget-wrap elementor-element-populated\">\n\t\t\t\t\t\t\t\t<section class=\"elementor-section elementor-inner-section elementor-element elementor-element-6a13f21 elementor-section-height-min-height elementor-section-boxed elementor-section-height-default\" data-id=\"6a13f21\" data-element_type=\"section\" data-settings=\"{&quot;background_background&quot;:&quot;gradient&quot;}\">\n\t\t\t\t\t\t\t<div class=\"elementor-background-overlay\"><\/div>\n\t\t\t\t\t\t\t<div class=\"elementor-container elementor-column-gap-default\">\n\t\t\t\t\t<div class=\"elementor-column elementor-col-50 elementor-inner-column elementor-element elementor-element-0116606\" data-id=\"0116606\" data-element_type=\"column\">\n\t\t\t<div class=\"elementor-widget-wrap elementor-element-populated\">\n\t\t\t\t\t\t\t\t<div class=\"elementor-element elementor-element-2b80ce8 elementor-widget elementor-widget-heading\" data-id=\"2b80ce8\" data-element_type=\"widget\" data-widget_type=\"heading.default\">\n\t\t\t\t<div class=\"elementor-widget-container\">\n\t\t\t<p class=\"elementor-heading-title elementor-size-default\">Radar p\u00e9dagogique<\/p>\t\t<\/div>\n\t\t\t\t<\/div>\n\t\t\t\t<div class=\"elementor-element elementor-element-2ff08c0 elementor-hidden-phone elementor-widget elementor-widget-text-editor\" data-id=\"2ff08c0\" data-element_type=\"widget\" data-widget_type=\"text-editor.default\">\n\t\t\t\t<div class=\"elementor-widget-container\">\n\t\t\t\t\t\t\t\t<p>\u00c9quipez votre site industriel, votre ville ou votre commune d&rsquo;un radar p\u00e9dagogique pour sensibiliser aux dangers de la vitesse sur les routes.<\/p>\t\t\t\t\t\t<\/div>\n\t\t\t\t<\/div>\n\t\t\t\t\t<\/div>\n\t\t<\/div>\n\t\t\t\t<div class=\"elementor-column elementor-col-50 elementor-inner-column elementor-element elementor-element-f5e3a1e\" data-id=\"f5e3a1e\" data-element_type=\"column\">\n\t\t\t<div class=\"elementor-widget-wrap elementor-element-populated\">\n\t\t\t\t\t\t\t\t<div class=\"elementor-element elementor-element-70ca155 elementor-align-center elementor-widget elementor-widget-button\" data-id=\"70ca155\" data-element_type=\"widget\" data-widget_type=\"button.default\">\n\t\t\t\t<div class=\"elementor-widget-container\">\n\t\t\t\t\t<div class=\"elementor-button-wrapper\">\n\t\t\t<a href=\"https:\/\/www.drivecase.fr\/171-radars-pedagogiques\" class=\"elementor-button-link elementor-button elementor-size-sm elementor-animation-grow\" role=\"button\">\n\t\t\t\t\t\t<span class=\"elementor-button-content-wrapper\">\n\t\t\t\t\t\t<span class=\"elementor-button-icon elementor-align-icon-left\">\n\t\t\t\t<i aria-hidden=\"true\" class=\"fas fa-shopping-cart\"><\/i>\t\t\t<\/span>\n\t\t\t\t\t\t<span class=\"elementor-button-text\">Radar p\u00e9dagogique<\/span>\n\t\t<\/span>\n\t\t\t\t\t<\/a>\n\t\t<\/div>\n\t\t\t\t<\/div>\n\t\t\t\t<\/div>\n\t\t\t\t\t<\/div>\n\t\t<\/div>\n\t\t\t\t\t\t\t<\/div>\n\t\t<\/section>\n\t\t\t\t\t<\/div>\n\t\t<\/div>\n\t\t\t\t\t\t\t<\/div>\n\t\t<\/section>\n\t\t\t\t<section class=\"elementor-section elementor-top-section elementor-element elementor-element-c0a4414 elementor-section-boxed elementor-section-height-default elementor-section-height-default\" data-id=\"c0a4414\" data-element_type=\"section\">\n\t\t\t\t\t\t<div class=\"elementor-container elementor-column-gap-default\">\n\t\t\t\t\t<div class=\"elementor-column elementor-col-100 elementor-top-column elementor-element elementor-element-8e40023\" data-id=\"8e40023\" data-element_type=\"column\">\n\t\t\t<div class=\"elementor-widget-wrap elementor-element-populated\">\n\t\t\t\t\t\t\t\t<div class=\"elementor-element elementor-element-9db96a2 elementor-widget elementor-widget-spacer\" data-id=\"9db96a2\" data-element_type=\"widget\" data-widget_type=\"spacer.default\">\n\t\t\t\t<div class=\"elementor-widget-container\">\n\t\t\t\t\t<div class=\"elementor-spacer\">\n\t\t\t<div class=\"elementor-spacer-inner\"><\/div>\n\t\t<\/div>\n\t\t\t\t<\/div>\n\t\t\t\t<\/div>\n\t\t\t\t<div class=\"elementor-element elementor-element-c7eb91d elementor-widget elementor-widget-heading\" data-id=\"c7eb91d\" data-element_type=\"widget\" data-widget_type=\"heading.default\">\n\t\t\t\t<div class=\"elementor-widget-container\">\n\t\t\t<h2 class=\"elementor-heading-title elementor-size-default\">Quelles sont les particularit\u00e9s du nouveau radar drone ?<\/h2>\t\t<\/div>\n\t\t\t\t<\/div>\n\t\t\t\t<div class=\"elementor-element elementor-element-c11c493 elementor-widget elementor-widget-text-editor\" data-id=\"c11c493\" data-element_type=\"widget\" data-widget_type=\"text-editor.default\">\n\t\t\t\t<div class=\"elementor-widget-container\">\n\t\t\t\t\t\t\t\t<p>Le <strong>radar drone<\/strong> est n\u00e9 d\u2019une volont\u00e9 de contr\u00f4ler plus largement les routes et autoroutes fran\u00e7aises, avec une vision plus haute donc plus large des axes routiers. Test\u00e9 pour la premi\u00e8re fois en 2019, le <strong>radar drone<\/strong> utilis\u00e9 par la gendarmerie, est l\u00e9g\u00e8rement plus gros (3.75 kg) qu\u2019un drone classique, mais suffisamment discret pour ne pas \u00eatre rep\u00e9rable par les automobilistes. Capable de voler jusqu\u2019\u00e0 40 m\u00e8tres de hauteur durant 38 minutes gr\u00e2ce \u00e0 ses deux batteries, ce radar poss\u00e8de \u00e9galement une technologie innovante lui permettant d\u2019\u00e9viter les obstacles. Ainsi capable de voler haut et ind\u00e9tectable par les conducteurs, ce radar drone n\u2019est pas identifiable sur les applications comme Waze ou Coyote.<\/p>\t\t\t\t\t\t<\/div>\n\t\t\t\t<\/div>\n\t\t\t\t\t<\/div>\n\t\t<\/div>\n\t\t\t\t\t\t\t<\/div>\n\t\t<\/section>\n\t\t\t\t<section class=\"elementor-section elementor-top-section elementor-element elementor-element-41e51c4 elementor-section-boxed elementor-section-height-default elementor-section-height-default\" data-id=\"41e51c4\" data-element_type=\"section\">\n\t\t\t\t\t\t<div class=\"elementor-container elementor-column-gap-default\">\n\t\t\t\t\t<div class=\"elementor-column elementor-col-50 elementor-top-column elementor-element elementor-element-3db4272\" data-id=\"3db4272\" data-element_type=\"column\">\n\t\t\t<div class=\"elementor-widget-wrap elementor-element-populated\">\n\t\t\t\t\t\t\t\t<div class=\"elementor-element elementor-element-73b4096 elementor-widget elementor-widget-spacer\" data-id=\"73b4096\" data-element_type=\"widget\" data-widget_type=\"spacer.default\">\n\t\t\t\t<div class=\"elementor-widget-container\">\n\t\t\t\t\t<div class=\"elementor-spacer\">\n\t\t\t<div class=\"elementor-spacer-inner\"><\/div>\n\t\t<\/div>\n\t\t\t\t<\/div>\n\t\t\t\t<\/div>\n\t\t\t\t<div class=\"elementor-element elementor-element-18f6747 elementor-widget elementor-widget-heading\" data-id=\"18f6747\" data-element_type=\"widget\" data-widget_type=\"heading.default\">\n\t\t\t\t<div class=\"elementor-widget-container\">\n\t\t\t<h3 class=\"elementor-heading-title elementor-size-default\">Radars drones, en test ou actifs sur les routes fran\u00e7aises ?<\/h3>\t\t<\/div>\n\t\t\t\t<\/div>\n\t\t\t\t<div class=\"elementor-element elementor-element-ee85a60 elementor-widget elementor-widget-text-editor\" data-id=\"ee85a60\" data-element_type=\"widget\" data-widget_type=\"text-editor.default\">\n\t\t\t\t<div class=\"elementor-widget-container\">\n\t\t\t\t\t\t\t\t<p>Le <strong>radar drone<\/strong> fut test\u00e9 officiellement en mai 2019 sur l\u2019A126 pr\u00e8s de Chilly-Mazarin, une route sur laquelle de nombreux accidents de la route ont \u00e9t\u00e9 r\u00e9pertori\u00e9s. Cette op\u00e9ration a donn\u00e9 lieu \u00e0 pas moins de 64 infractions parmi lesquelles 34 \u00e9taient des franchissements de lignes continues. Pour rappel, selon le <a href=\"https:\/\/www.legifrance.gouv.fr\/codes\/article_lc\/LEGIARTI000039278107\/\">code de la route<\/a>, un franchissement de ligne continue peut amener \u00e0 une amende forfaitaire de 135 \u20ac et le retrait de 3 points sur le permis de conduire. Ces op\u00e9rations de contr\u00f4le ont \u00e9galement eu lieu dans la Seine et Marne et le Val d\u2019Oise. Le Gouvernement en pr\u00e9voit \u00e9galement d\u2019autres \u00e0 l\u2019avenir.<\/p>\t\t\t\t\t\t<\/div>\n\t\t\t\t<\/div>\n\t\t\t\t<div class=\"elementor-element elementor-element-af10114 elementor-widget elementor-widget-spacer\" data-id=\"af10114\" data-element_type=\"widget\" data-widget_type=\"spacer.default\">\n\t\t\t\t<div class=\"elementor-widget-container\">\n\t\t\t\t\t<div class=\"elementor-spacer\">\n\t\t\t<div class=\"elementor-spacer-inner\"><\/div>\n\t\t<\/div>\n\t\t\t\t<\/div>\n\t\t\t\t<\/div>\n\t\t\t\t<div class=\"elementor-element elementor-element-3383768 elementor-widget elementor-widget-heading\" data-id=\"3383768\" data-element_type=\"widget\" data-widget_type=\"heading.default\">\n\t\t\t\t<div class=\"elementor-widget-container\">\n\t\t\t<h3 class=\"elementor-heading-title elementor-size-default\">Comment fonctionne-t-il ?<\/h3>\t\t<\/div>\n\t\t\t\t<\/div>\n\t\t\t\t<div class=\"elementor-element elementor-element-1840d4a elementor-widget elementor-widget-text-editor\" data-id=\"1840d4a\" data-element_type=\"widget\" data-widget_type=\"text-editor.default\">\n\t\t\t\t<div class=\"elementor-widget-container\">\n\t\t\t\t\t\t\t\t<p>Equip\u00e9 d\u2019une cam\u00e9ra, le <strong>radar drone<\/strong> fonctionne comme un radar classique, c\u2019est-\u00e0-dire qu\u2019il est contr\u00f4l\u00e9 par une personne, en l\u2019occurrence un gendarme au sol, via une manette. La personne en charge du contr\u00f4le de l\u2019appareil doit avoir suivi une formation au pilotage de ce type d\u2019engin. Le radar transmet en direct les images film\u00e9es sur la tablette des gendarmes en v\u00e9hicules banalis\u00e9s ou non, ou en moto au sol. Ces derniers seront ainsi charg\u00e9s d\u2019interpeler le conducteur ayant commis une infraction ou semblant rouler au-del\u00e0 de la vitesse autoris\u00e9e.<\/p>\t\t\t\t\t\t<\/div>\n\t\t\t\t<\/div>\n\t\t\t\t\t<\/div>\n\t\t<\/div>\n\t\t\t\t<div class=\"elementor-column elementor-col-50 elementor-top-column elementor-element elementor-element-c308fd7\" data-id=\"c308fd7\" data-element_type=\"column\">\n\t\t\t<div class=\"elementor-widget-wrap elementor-element-populated\">\n\t\t\t\t\t\t\t\t<div class=\"elementor-element elementor-element-957b5ba elementor-widget elementor-widget-image\" data-id=\"957b5ba\" data-element_type=\"widget\" data-widget_type=\"image.default\">\n\t\t\t\t<div class=\"elementor-widget-container\">\n\t\t\t\t\t\t\t\t\t\t\t\t\t\t\t<img width=\"667\" height=\"1000\" src=\"https:\/\/www.drivecase.fr\/conseils-prevention\/wp-content\/uploads\/2021\/08\/automatic-radar-control-flash-limitation-speed-car1.jpg\" class=\"attachment-large size-large\" alt=\"rdar drone, qu&#039;elle diff\u00e9rence avec les autres radars ?\" loading=\"lazy\" srcset=\"https:\/\/www.drivecase.fr\/conseils-prevention\/wp-content\/uploads\/2021\/08\/automatic-radar-control-flash-limitation-speed-car1.jpg 667w, https:\/\/www.drivecase.fr\/conseils-prevention\/wp-content\/uploads\/2021\/08\/automatic-radar-control-flash-limitation-speed-car1-200x300.jpg 200w\" sizes=\"(max-width: 667px) 100vw, 667px\" style=\"width:100%;height:149.93%;max-width:667px;\" \/>\t\t\t\t\t\t\t\t\t\t\t\t\t\t\t<\/div>\n\t\t\t\t<\/div>\n\t\t\t\t\t<\/div>\n\t\t<\/div>\n\t\t\t\t\t\t\t<\/div>\n\t\t<\/section>\n\t\t\t\t<section class=\"elementor-section elementor-top-section elementor-element elementor-element-41a2207 elementor-section-boxed elementor-section-height-default elementor-section-height-default\" data-id=\"41a2207\" data-element_type=\"section\">\n\t\t\t\t\t\t<div class=\"elementor-container elementor-column-gap-default\">\n\t\t\t\t\t<div class=\"elementor-column elementor-col-100 elementor-top-column elementor-element elementor-element-8020ee6\" data-id=\"8020ee6\" data-element_type=\"column\">\n\t\t\t<div class=\"elementor-widget-wrap elementor-element-populated\">\n\t\t\t\t\t\t\t\t<div class=\"elementor-element elementor-element-6ca77da elementor-widget elementor-widget-spacer\" data-id=\"6ca77da\" data-element_type=\"widget\" data-widget_type=\"spacer.default\">\n\t\t\t\t<div class=\"elementor-widget-container\">\n\t\t\t\t\t<div class=\"elementor-spacer\">\n\t\t\t<div class=\"elementor-spacer-inner\"><\/div>\n\t\t<\/div>\n\t\t\t\t<\/div>\n\t\t\t\t<\/div>\n\t\t\t\t<div class=\"elementor-element elementor-element-dccc83e elementor-widget elementor-widget-heading\" data-id=\"dccc83e\" data-element_type=\"widget\" data-widget_type=\"heading.default\">\n\t\t\t\t<div class=\"elementor-widget-container\">\n\t\t\t<h2 class=\"elementor-heading-title elementor-size-default\">Une efficacit\u00e9 controvers\u00e9e<\/h2>\t\t<\/div>\n\t\t\t\t<\/div>\n\t\t\t\t<div class=\"elementor-element elementor-element-bb651d0 elementor-widget elementor-widget-text-editor\" data-id=\"bb651d0\" data-element_type=\"widget\" data-widget_type=\"text-editor.default\">\n\t\t\t\t<div class=\"elementor-widget-container\">\n\t\t\t\t\t\t\t\t<p>Bien que le <strong>radar drone<\/strong> offre une vision plus large des routes contr\u00f4l\u00e9es, celui-ci pr\u00e9sente quelques limites. Tout d\u2019abord, comme tout drone, ce dernier est soumis \u00e0 une l\u00e9gislation particuli\u00e8re. Cette premi\u00e8re limite concerne le droit \u00e0 l\u2019image et au respect de la vie priv\u00e9e. En effet, l\u00e9galement les images d\u2019une personne physique ou d\u2019un espace priv\u00e9e enregistr\u00e9es par un drone doivent faire l\u2019objet d\u2019une autorisation de droit d\u2019image de ces derni\u00e8res. Ce qui rend l\u2019infraction facilement contestable en cas d\u2019interpellation \u00e0 la suite d\u2019un contr\u00f4le drone. Outre cet aspect, le radar drone n\u00e9cessite dans tous les cas l\u2019intervention de la gendarmerie au sol, car ce dernier n\u2019est pas capable de contr\u00f4ler la vitesse, ou de flasher. Sa seule fonctionnalit\u00e9 est de filmer et de transmettre les images, par cons\u00e9quent, en cas d\u2019infraction routi\u00e8re li\u00e9e \u00e0 la vitesse, un autre outil de contr\u00f4le devra \u00eatre utilis\u00e9 pour prouver l\u2019infraction.<\/p>\t\t\t\t\t\t<\/div>\n\t\t\t\t<\/div>\n\t\t\t\t\t<\/div>\n\t\t<\/div>\n\t\t\t\t\t\t\t<\/div>\n\t\t<\/section>\n\t\t\t\t<section class=\"elementor-section elementor-top-section elementor-element elementor-element-d15ef59 elementor-section-boxed elementor-section-height-default elementor-section-height-default\" data-id=\"d15ef59\" data-element_type=\"section\">\n\t\t\t\t\t\t<div class=\"elementor-container elementor-column-gap-default\">\n\t\t\t\t\t<div class=\"elementor-column elementor-col-100 elementor-top-column elementor-element elementor-element-71efdd9\" data-id=\"71efdd9\" data-element_type=\"column\">\n\t\t\t<div class=\"elementor-widget-wrap elementor-element-populated\">\n\t\t\t\t\t\t\t\t<div class=\"elementor-element elementor-element-e79845d elementor-widget elementor-widget-image\" data-id=\"e79845d\" data-element_type=\"widget\" data-widget_type=\"image.default\">\n\t\t\t\t<div class=\"elementor-widget-container\">\n\t\t\t\t\t\t\t\t\t\t\t\t\t\t\t<img width=\"750\" height=\"500\" src=\"https:\/\/www.drivecase.fr\/conseils-prevention\/wp-content\/uploads\/2021\/08\/outdoors-view-from-above-river-water-water-road-travel-architecture-people-boat-men-bridge-bridge_t20_N9QP97-768x512.jpg\" class=\"attachment-medium_large size-medium_large\" alt=\"radar-drone-controverses\" loading=\"lazy\" srcset=\"https:\/\/www.drivecase.fr\/conseils-prevention\/wp-content\/uploads\/2021\/08\/outdoors-view-from-above-river-water-water-road-travel-architecture-people-boat-men-bridge-bridge_t20_N9QP97-768x512.jpg 768w, https:\/\/www.drivecase.fr\/conseils-prevention\/wp-content\/uploads\/2021\/08\/outdoors-view-from-above-river-water-water-road-travel-architecture-people-boat-men-bridge-bridge_t20_N9QP97-300x200.jpg 300w, https:\/\/www.drivecase.fr\/conseils-prevention\/wp-content\/uploads\/2021\/08\/outdoors-view-from-above-river-water-water-road-travel-architecture-people-boat-men-bridge-bridge_t20_N9QP97.jpg 816w\" sizes=\"(max-width: 750px) 100vw, 750px\" style=\"width:100%;height:66.67%;max-width:816px;\" \/>\t\t\t\t\t\t\t\t\t\t\t\t\t\t\t<\/div>\n\t\t\t\t<\/div>\n\t\t\t\t\t<\/div>\n\t\t<\/div>\n\t\t\t\t\t\t\t<\/div>\n\t\t<\/section>\n\t\t\t\t<section class=\"elementor-section elementor-top-section elementor-element elementor-element-4ba7248 elementor-section-boxed elementor-section-height-default elementor-section-height-default\" data-id=\"4ba7248\" data-element_type=\"section\">\n\t\t\t\t\t\t<div class=\"elementor-container elementor-column-gap-default\">\n\t\t\t\t\t<div class=\"elementor-column elementor-col-100 elementor-top-column elementor-element elementor-element-aa1d4f4\" data-id=\"aa1d4f4\" data-element_type=\"column\">\n\t\t\t<div class=\"elementor-widget-wrap elementor-element-populated\">\n\t\t\t\t\t\t\t\t<div class=\"elementor-element elementor-element-f4d3927 elementor-widget elementor-widget-text-editor\" data-id=\"f4d3927\" data-element_type=\"widget\" data-widget_type=\"text-editor.default\">\n\t\t\t\t<div class=\"elementor-widget-container\">\n\t\t\t\t\t\t\t\t<p>Quel que soit son format ou le nom qu\u2019on lui donne ; <strong>radar drone<\/strong>, radar de d\u00e9tection, <a href=\"https:\/\/www.drivecase.fr\/conseils-prevention\/securite-voiture\/radar-sonore\/\">radar sonore<\/a>, radar feu rouge, voiture radar, radar tron\u00e7on, radars routiers, radars fixes, radars mobiles, radars autonomes\u2026 le radar reste un outil de s\u00e9curisation des routes et de limitation de vitesse efficace. Il existe d\u2019ailleurs des <a href=\"https:\/\/www.drivecase.fr\/radars-pedagogiques\/1409-radar-pedagogique-solaire-mobile.html\">radars p\u00e9dagogiques solaires<\/a> visant \u00e0 indiquer au conducteur s\u2019il a d\u00e9pass\u00e9 la limite de vitesse maximale autoris\u00e9e. Le <a href=\"https:\/\/www.drivecase.fr\/171-radars-pedagogiques\">radar p\u00e9dagogique<\/a> est uniquement \u00e0 but informatif et vise \u00e0 sensibiliser les usagers \u00e0 r\u00e9duire leur vitesse de circulation en affichant cette derni\u00e8re sans qu\u2019il n\u2019y ai de sanction \u00e0 la clef. Le radar p\u00e9dagogique est notamment tr\u00e8s utilis\u00e9 par les communes ou les entreprises priv\u00e9es ayant des axes routiers o\u00f9 la limitation de vitesse n\u2019est pas toujours respect\u00e9e.<\/p><p>Ayant \u00e9volu\u00e9 au fil des ann\u00e9es, le format drone du radar semble effectivement \u00eatre l\u2019avenir de la s\u00e9curit\u00e9 routi\u00e8re dans la lutte contre les exc\u00e8s de vitesse. Notons \u00e9galement que le drone est aujourd\u2019hui un appareil tr\u00e8s utilis\u00e9 dans le cadre de recherches effectu\u00e9es par la gendarmerie ou l\u2019arm\u00e9e, car plus discret et moins co\u00fbteux qu\u2019un h\u00e9licopt\u00e8re. \u00a0<\/p>\t\t\t\t\t\t<\/div>\n\t\t\t\t<\/div>\n\t\t\t\t<section class=\"elementor-section elementor-inner-section elementor-element elementor-element-6ac59fa elementor-section-height-min-height elementor-section-boxed elementor-section-height-default\" data-id=\"6ac59fa\" data-element_type=\"section\" data-settings=\"{&quot;background_background&quot;:&quot;gradient&quot;}\">\n\t\t\t\t\t\t\t<div class=\"elementor-background-overlay\"><\/div>\n\t\t\t\t\t\t\t<div class=\"elementor-container elementor-column-gap-default\">\n\t\t\t\t\t<div class=\"elementor-column elementor-col-50 elementor-inner-column elementor-element elementor-element-e6ba15b\" data-id=\"e6ba15b\" data-element_type=\"column\">\n\t\t\t<div class=\"elementor-widget-wrap elementor-element-populated\">\n\t\t\t\t\t\t\t\t<div class=\"elementor-element elementor-element-962917e elementor-widget elementor-widget-heading\" data-id=\"962917e\" data-element_type=\"widget\" data-widget_type=\"heading.default\">\n\t\t\t\t<div class=\"elementor-widget-container\">\n\t\t\t<p class=\"elementor-heading-title elementor-size-default\">Radar p\u00e9dagogique \u00e0 \u00e9nergie solaire<\/p>\t\t<\/div>\n\t\t\t\t<\/div>\n\t\t\t\t<div class=\"elementor-element elementor-element-920e817 elementor-hidden-phone elementor-widget elementor-widget-text-editor\" data-id=\"920e817\" data-element_type=\"widget\" data-widget_type=\"text-editor.default\">\n\t\t\t\t<div class=\"elementor-widget-container\">\n\t\t\t\t\t\t\t\t<p>Sensibilisez les automobilistes aux dans dangers la vitesse sur les routes gr\u00e2ce au radar p\u00e9dagogique \u00e0 \u00e9nergie solaire. Une \u00e9nergie plus respectueuse de l&rsquo;environnement.<\/p>\t\t\t\t\t\t<\/div>\n\t\t\t\t<\/div>\n\t\t\t\t\t<\/div>\n\t\t<\/div>\n\t\t\t\t<div class=\"elementor-column elementor-col-50 elementor-inner-column elementor-element elementor-element-de7b078\" data-id=\"de7b078\" data-element_type=\"column\">\n\t\t\t<div class=\"elementor-widget-wrap elementor-element-populated\">\n\t\t\t\t\t\t\t\t<div class=\"elementor-element elementor-element-8903b75 elementor-align-center elementor-widget elementor-widget-button\" data-id=\"8903b75\" data-element_type=\"widget\" data-widget_type=\"button.default\">\n\t\t\t\t<div class=\"elementor-widget-container\">\n\t\t\t\t\t<div class=\"elementor-button-wrapper\">\n\t\t\t<a href=\"https:\/\/www.drivecase.fr\/radars-pedagogiques\/1409-radar-pedagogique-solaire-mobile.html\" class=\"elementor-button-link elementor-button elementor-size-sm elementor-animation-grow\" role=\"button\">\n\t\t\t\t\t\t<span class=\"elementor-button-content-wrapper\">\n\t\t\t\t\t\t<span class=\"elementor-button-icon elementor-align-icon-left\">\n\t\t\t\t<i aria-hidden=\"true\" class=\"fas fa-shopping-cart\"><\/i>\t\t\t<\/span>\n\t\t\t\t\t\t<span class=\"elementor-button-text\">Radar p\u00e9dagogique solaire<\/span>\n\t\t<\/span>\n\t\t\t\t\t<\/a>\n\t\t<\/div>\n\t\t\t\t<\/div>\n\t\t\t\t<\/div>\n\t\t\t\t\t<\/div>\n\t\t<\/div>\n\t\t\t\t\t\t\t<\/div>\n\t\t<\/section>\n\t\t\t\t\t<\/div>\n\t\t<\/div>\n\t\t\t\t\t\t\t<\/div>\n\t\t<\/section>\n\t\t\t\t\t\t<\/div>\n\t\t\t\t\t<\/div>\n\t\t","protected":false},"excerpt":{"rendered":"<p>Dans l\u2019histoire des contr\u00f4les routiers, le premier radar Mesta 100 cr\u00e9\u00e9 en 1946, a connu de nombreuses \u00e9volutions, jusqu\u2019\u00e0 l\u2019arriv\u00e9e des premiers radars drones en 2019. Ce radar nouvelle g\u00e9n\u00e9ration, encore en phase de test a pour objectif d\u2019avoir une vision plus large de la route. Cependant certaines questions subsistent quant \u00e0 la l\u00e9gitimit\u00e9 des&hellip; <a class=\"more-link\" href=\"https:\/\/www.drivecase.fr\/conseils-prevention\/securite-voiture\/radar-drone\/\">Poursuivre la lecture <span class=\"screen-reader-text\">Radar drone : existe-t-il ? verbalise-t-il ?<\/span><\/a><\/p>\n","protected":false},"author":4,"featured_media":5813,"comment_status":"closed","ping_status":"closed","sticky":false,"template":"","format":"standard","meta":[],"categories":[9],"tags":[19],"yoast_head":"<!-- This site is optimized with the Yoast SEO Premium plugin v17.4 (Yoast SEO v17.4) - https:\/\/yoast.com\/wordpress\/plugins\/seo\/ -->\n<title>Radar drone : existe-t-il ? verbalise-t-il ? | Conseils Drivecase<\/title>\n<meta name=\"description\" content=\"Le radar drone est-il utilis\u00e9 en France ? Pouvons-nous \u00eatre verbalis\u00e9 suite au contr\u00f4le d&#039;un drone ? Drivecase vous dit tout !\" \/>\n<meta name=\"robots\" content=\"index, follow, max-snippet:-1, max-image-preview:large, max-video-preview:-1\" \/>\n<link rel=\"canonical\" href=\"https:\/\/www.drivecase.fr\/conseils-prevention\/securite-voiture\/radar-drone\/\" \/>\n<meta property=\"og:locale\" content=\"fr_FR\" \/>\n<meta property=\"og:type\" content=\"article\" \/>\n<meta property=\"og:title\" content=\"Radar drone : existe-t-il ? verbalise-t-il ?\" \/>\n<meta property=\"og:description\" content=\"Dans l\u2019histoire des contr\u00f4les routiers, le premier radar Mesta 100 cr\u00e9\u00e9 en 1946, a connu de nombreuses \u00e9volutions, jusqu\u2019\u00e0 l\u2019arriv\u00e9e des premiers radars\" \/>\n<meta property=\"og:url\" content=\"https:\/\/www.drivecase.fr\/conseils-prevention\/securite-voiture\/radar-drone\/\" \/>\n<meta property=\"og:site_name\" content=\"S\u00e9curit\u00e9 routi\u00e8re, EPI &amp; pr\u00e9vention sanitaire | Conseils pr\u00e9vention Drivecase\" \/>\n<meta property=\"article:publisher\" content=\"https:\/\/fr-fr.facebook.com\/drivecasefr\" \/>\n<meta property=\"article:published_time\" content=\"2021-08-25T09:46:07+00:00\" \/>\n<meta property=\"article:modified_time\" content=\"2021-10-28T14:35:19+00:00\" \/>\n<meta property=\"og:image\" content=\"https:\/\/www.drivecase.fr\/conseils-prevention\/wp-content\/uploads\/2021\/08\/flying-drone_t20_rOaXOz.jpg\" \/>\n\t<meta property=\"og:image:width\" content=\"1109\" \/>\n\t<meta property=\"og:image:height\" content=\"623\" \/>\n<meta name=\"twitter:card\" content=\"summary_large_image\" \/>\n<meta name=\"twitter:creator\" content=\"@Drivecase\" \/>\n<meta name=\"twitter:site\" content=\"@Drivecase\" \/>\n<meta name=\"twitter:label1\" content=\"\u00c9crit par\" \/>\n\t<meta name=\"twitter:data1\" content=\"Lucile Pariat\" \/>\n\t<meta name=\"twitter:label2\" content=\"Dur\u00e9e de lecture est.\" \/>\n\t<meta name=\"twitter:data2\" content=\"6 minutes\" \/>\n<script type=\"application\/ld+json\" class=\"yoast-schema-graph\">{\"@context\":\"https:\/\/schema.org\",\"@graph\":[{\"@type\":\"Organization\",\"@id\":\"https:\/\/www.drivecase.fr\/conseils-prevention\/#organization\",\"name\":\"Drivecase\",\"url\":\"https:\/\/www.drivecase.fr\/conseils-prevention\/\",\"sameAs\":[\"https:\/\/fr-fr.facebook.com\/drivecasefr\",\"https:\/\/fr.linkedin.com\/company\/drivecase\",\"https:\/\/www.youtube.com\/channel\/UCQ7ivAl-3feklwC1IX7HO8A\",\"https:\/\/www.pinterest.fr\/drivecase3695\/\",\"https:\/\/twitter.com\/Drivecase\"],\"logo\":{\"@type\":\"ImageObject\",\"@id\":\"https:\/\/www.drivecase.fr\/conseils-prevention\/#logo\",\"inLanguage\":\"fr-FR\",\"url\":\"https:\/\/www.drivecase.fr\/conseils-prevention\/wp-content\/uploads\/2021\/02\/logo_conseils-prevention_bleu_vert-01.png\",\"contentUrl\":\"https:\/\/www.drivecase.fr\/conseils-prevention\/wp-content\/uploads\/2021\/02\/logo_conseils-prevention_bleu_vert-01.png\",\"width\":2221,\"height\":667,\"caption\":\"Drivecase\"},\"image\":{\"@id\":\"https:\/\/www.drivecase.fr\/conseils-prevention\/#logo\"}},{\"@type\":\"WebSite\",\"@id\":\"https:\/\/www.drivecase.fr\/conseils-prevention\/#website\",\"url\":\"https:\/\/www.drivecase.fr\/conseils-prevention\/\",\"name\":\"S\\u00e9curit\\u00e9 routi\\u00e8re, EPI &amp; pr\\u00e9vention sanitaire | Conseils pr\\u00e9vention Drivecase\",\"description\":\"Le blog conseils pr\\u00e9vention d\\u00e9di\\u00e9 \\u00e0 la s\\u00e9curit\\u00e9 routi\\u00e8re, aux EPI, premiers secours &amp; pr\\u00e9vention sanitaire de Drivecase. Toute l&#039;actualit\\u00e9 sur la r\\u00e9glementation &amp; les bons gestes !\",\"publisher\":{\"@id\":\"https:\/\/www.drivecase.fr\/conseils-prevention\/#organization\"},\"potentialAction\":[{\"@type\":\"SearchAction\",\"target\":{\"@type\":\"EntryPoint\",\"urlTemplate\":\"https:\/\/www.drivecase.fr\/conseils-prevention\/?s={search_term_string}\"},\"query-input\":\"required name=search_term_string\"}],\"inLanguage\":\"fr-FR\"},{\"@type\":\"ImageObject\",\"@id\":\"https:\/\/www.drivecase.fr\/conseils-prevention\/securite-voiture\/radar-drone\/#primaryimage\",\"inLanguage\":\"fr-FR\",\"url\":\"https:\/\/www.drivecase.fr\/conseils-prevention\/wp-content\/uploads\/2021\/08\/flying-drone_t20_rOaXOz.jpg\",\"contentUrl\":\"https:\/\/www.drivecase.fr\/conseils-prevention\/wp-content\/uploads\/2021\/08\/flying-drone_t20_rOaXOz.jpg\",\"width\":1109,\"height\":623,\"caption\":\"Le radar drone sanctionne-t-il ?\"},{\"@type\":\"WebPage\",\"@id\":\"https:\/\/www.drivecase.fr\/conseils-prevention\/securite-voiture\/radar-drone\/#webpage\",\"url\":\"https:\/\/www.drivecase.fr\/conseils-prevention\/securite-voiture\/radar-drone\/\",\"name\":\"Radar drone : existe-t-il ? verbalise-t-il ? | Conseils Drivecase\",\"isPartOf\":{\"@id\":\"https:\/\/www.drivecase.fr\/conseils-prevention\/#website\"},\"primaryImageOfPage\":{\"@id\":\"https:\/\/www.drivecase.fr\/conseils-prevention\/securite-voiture\/radar-drone\/#primaryimage\"},\"datePublished\":\"2021-08-25T09:46:07+00:00\",\"dateModified\":\"2021-10-28T14:35:19+00:00\",\"description\":\"Le radar drone est-il utilis\\u00e9 en France ? Pouvons-nous \\u00eatre verbalis\\u00e9 suite au contr\\u00f4le d'un drone ? Drivecase vous dit tout !\",\"breadcrumb\":{\"@id\":\"https:\/\/www.drivecase.fr\/conseils-prevention\/securite-voiture\/radar-drone\/#breadcrumb\"},\"inLanguage\":\"fr-FR\",\"potentialAction\":[{\"@type\":\"ReadAction\",\"target\":[\"https:\/\/www.drivecase.fr\/conseils-prevention\/securite-voiture\/radar-drone\/\"]}]},{\"@type\":\"BreadcrumbList\",\"@id\":\"https:\/\/www.drivecase.fr\/conseils-prevention\/securite-voiture\/radar-drone\/#breadcrumb\",\"itemListElement\":[{\"@type\":\"ListItem\",\"position\":1,\"name\":\"Conseils pr\\u00e9vention\",\"item\":\"https:\/\/www.drivecase.fr\/conseils-prevention\/\"},{\"@type\":\"ListItem\",\"position\":2,\"name\":\"S\\u00e9curit\\u00e9 en voiture\",\"item\":\"https:\/\/www.drivecase.fr\/conseils-prevention\/securite-voiture\/\"},{\"@type\":\"ListItem\",\"position\":3,\"name\":\"Radar drone : existe-t-il ? verbalise-t-il ?\"}]},{\"@type\":\"Article\",\"@id\":\"https:\/\/www.drivecase.fr\/conseils-prevention\/securite-voiture\/radar-drone\/#article\",\"isPartOf\":{\"@id\":\"https:\/\/www.drivecase.fr\/conseils-prevention\/securite-voiture\/radar-drone\/#webpage\"},\"author\":{\"@id\":\"https:\/\/www.drivecase.fr\/conseils-prevention\/#\/schema\/person\/8fcaaa212378e263f27b7b575fe05667\"},\"headline\":\"Radar drone : existe-t-il ? verbalise-t-il ?\",\"datePublished\":\"2021-08-25T09:46:07+00:00\",\"dateModified\":\"2021-10-28T14:35:19+00:00\",\"mainEntityOfPage\":{\"@id\":\"https:\/\/www.drivecase.fr\/conseils-prevention\/securite-voiture\/radar-drone\/#webpage\"},\"wordCount\":1128,\"publisher\":{\"@id\":\"https:\/\/www.drivecase.fr\/conseils-prevention\/#organization\"},\"image\":{\"@id\":\"https:\/\/www.drivecase.fr\/conseils-prevention\/securite-voiture\/radar-drone\/#primaryimage\"},\"thumbnailUrl\":\"https:\/\/www.drivecase.fr\/conseils-prevention\/wp-content\/uploads\/2021\/08\/flying-drone_t20_rOaXOz.jpg\",\"keywords\":[\"R\\u00e8glementations\"],\"articleSection\":[\"S\\u00e9curit\\u00e9 en voiture\"],\"inLanguage\":\"fr-FR\"},{\"@type\":\"Person\",\"@id\":\"https:\/\/www.drivecase.fr\/conseils-prevention\/#\/schema\/person\/8fcaaa212378e263f27b7b575fe05667\",\"name\":\"Lucile Pariat\",\"image\":{\"@type\":\"ImageObject\",\"@id\":\"https:\/\/www.drivecase.fr\/conseils-prevention\/#personlogo\",\"inLanguage\":\"fr-FR\",\"url\":\"https:\/\/secure.gravatar.com\/avatar\/c94420476552da6c1c489edc3f766559?s=96&d=mm&r=g\",\"contentUrl\":\"https:\/\/secure.gravatar.com\/avatar\/c94420476552da6c1c489edc3f766559?s=96&d=mm&r=g\",\"caption\":\"Lucile Pariat\"},\"description\":\"Responsable D\\u00e9veloppement chez Drivecase, et f\\u00e9rue d'actualit\\u00e9 sur la mobilit\\u00e9 et la pr\\u00e9vention.\",\"url\":\"https:\/\/www.drivecase.fr\/conseils-prevention\/author\/luciledrivecase-fr\/\"}]}<\/script>\n<!-- \/ Yoast SEO Premium plugin. -->","yoast_head_json":{"title":"Radar drone : existe-t-il ? verbalise-t-il ? | Conseils Drivecase","description":"Le radar drone est-il utilis\u00e9 en France ? Pouvons-nous \u00eatre verbalis\u00e9 suite au contr\u00f4le d'un drone ? Drivecase vous dit tout !","robots":{"index":"index","follow":"follow","max-snippet":"max-snippet:-1","max-image-preview":"max-image-preview:large","max-video-preview":"max-video-preview:-1"},"canonical":"https:\/\/www.drivecase.fr\/conseils-prevention\/securite-voiture\/radar-drone\/","og_locale":"fr_FR","og_type":"article","og_title":"Radar drone : existe-t-il ? verbalise-t-il ?","og_description":"Dans l\u2019histoire des contr\u00f4les routiers, le premier radar Mesta 100 cr\u00e9\u00e9 en 1946, a connu de nombreuses \u00e9volutions, jusqu\u2019\u00e0 l\u2019arriv\u00e9e des premiers radars","og_url":"https:\/\/www.drivecase.fr\/conseils-prevention\/securite-voiture\/radar-drone\/","og_site_name":"S\u00e9curit\u00e9 routi\u00e8re, EPI &amp; pr\u00e9vention sanitaire | Conseils pr\u00e9vention Drivecase","article_publisher":"https:\/\/fr-fr.facebook.com\/drivecasefr","article_published_time":"2021-08-25T09:46:07+00:00","article_modified_time":"2021-10-28T14:35:19+00:00","og_image":[{"width":1109,"height":623,"url":"https:\/\/www.drivecase.fr\/conseils-prevention\/wp-content\/uploads\/2021\/08\/flying-drone_t20_rOaXOz.jpg","type":"image\/jpeg"}],"twitter_card":"summary_large_image","twitter_creator":"@Drivecase","twitter_site":"@Drivecase","twitter_misc":{"\u00c9crit par":"Lucile Pariat","Dur\u00e9e de lecture est.":"6 minutes"},"schema":{"@context":"https:\/\/schema.org","@graph":[{"@type":"Organization","@id":"https:\/\/www.drivecase.fr\/conseils-prevention\/#organization","name":"Drivecase","url":"https:\/\/www.drivecase.fr\/conseils-prevention\/","sameAs":["https:\/\/fr-fr.facebook.com\/drivecasefr","https:\/\/fr.linkedin.com\/company\/drivecase","https:\/\/www.youtube.com\/channel\/UCQ7ivAl-3feklwC1IX7HO8A","https:\/\/www.pinterest.fr\/drivecase3695\/","https:\/\/twitter.com\/Drivecase"],"logo":{"@type":"ImageObject","@id":"https:\/\/www.drivecase.fr\/conseils-prevention\/#logo","inLanguage":"fr-FR","url":"https:\/\/www.drivecase.fr\/conseils-prevention\/wp-content\/uploads\/2021\/02\/logo_conseils-prevention_bleu_vert-01.png","contentUrl":"https:\/\/www.drivecase.fr\/conseils-prevention\/wp-content\/uploads\/2021\/02\/logo_conseils-prevention_bleu_vert-01.png","width":2221,"height":667,"caption":"Drivecase"},"image":{"@id":"https:\/\/www.drivecase.fr\/conseils-prevention\/#logo"}},{"@type":"WebSite","@id":"https:\/\/www.drivecase.fr\/conseils-prevention\/#website","url":"https:\/\/www.drivecase.fr\/conseils-prevention\/","name":"S\u00e9curit\u00e9 routi\u00e8re, EPI &amp; pr\u00e9vention sanitaire | Conseils pr\u00e9vention Drivecase","description":"Le blog conseils pr\u00e9vention d\u00e9di\u00e9 \u00e0 la s\u00e9curit\u00e9 routi\u00e8re, aux EPI, premiers secours &amp; pr\u00e9vention sanitaire de Drivecase. Toute l&#039;actualit\u00e9 sur la r\u00e9glementation &amp; les bons gestes !","publisher":{"@id":"https:\/\/www.drivecase.fr\/conseils-prevention\/#organization"},"potentialAction":[{"@type":"SearchAction","target":{"@type":"EntryPoint","urlTemplate":"https:\/\/www.drivecase.fr\/conseils-prevention\/?s={search_term_string}"},"query-input":"required name=search_term_string"}],"inLanguage":"fr-FR"},{"@type":"ImageObject","@id":"https:\/\/www.drivecase.fr\/conseils-prevention\/securite-voiture\/radar-drone\/#primaryimage","inLanguage":"fr-FR","url":"https:\/\/www.drivecase.fr\/conseils-prevention\/wp-content\/uploads\/2021\/08\/flying-drone_t20_rOaXOz.jpg","contentUrl":"https:\/\/www.drivecase.fr\/conseils-prevention\/wp-content\/uploads\/2021\/08\/flying-drone_t20_rOaXOz.jpg","width":1109,"height":623,"caption":"Le radar drone sanctionne-t-il ?"},{"@type":"WebPage","@id":"https:\/\/www.drivecase.fr\/conseils-prevention\/securite-voiture\/radar-drone\/#webpage","url":"https:\/\/www.drivecase.fr\/conseils-prevention\/securite-voiture\/radar-drone\/","name":"Radar drone : existe-t-il ? verbalise-t-il ? | Conseils Drivecase","isPartOf":{"@id":"https:\/\/www.drivecase.fr\/conseils-prevention\/#website"},"primaryImageOfPage":{"@id":"https:\/\/www.drivecase.fr\/conseils-prevention\/securite-voiture\/radar-drone\/#primaryimage"},"datePublished":"2021-08-25T09:46:07+00:00","dateModified":"2021-10-28T14:35:19+00:00","description":"Le radar drone est-il utilis\u00e9 en France ? Pouvons-nous \u00eatre verbalis\u00e9 suite au contr\u00f4le d'un drone ? Drivecase vous dit tout !","breadcrumb":{"@id":"https:\/\/www.drivecase.fr\/conseils-prevention\/securite-voiture\/radar-drone\/#breadcrumb"},"inLanguage":"fr-FR","potentialAction":[{"@type":"ReadAction","target":["https:\/\/www.drivecase.fr\/conseils-prevention\/securite-voiture\/radar-drone\/"]}]},{"@type":"BreadcrumbList","@id":"https:\/\/www.drivecase.fr\/conseils-prevention\/securite-voiture\/radar-drone\/#breadcrumb","itemListElement":[{"@type":"ListItem","position":1,"name":"Conseils pr\u00e9vention","item":"https:\/\/www.drivecase.fr\/conseils-prevention\/"},{"@type":"ListItem","position":2,"name":"S\u00e9curit\u00e9 en voiture","item":"https:\/\/www.drivecase.fr\/conseils-prevention\/securite-voiture\/"},{"@type":"ListItem","position":3,"name":"Radar drone : existe-t-il ? verbalise-t-il ?"}]},{"@type":"Article","@id":"https:\/\/www.drivecase.fr\/conseils-prevention\/securite-voiture\/radar-drone\/#article","isPartOf":{"@id":"https:\/\/www.drivecase.fr\/conseils-prevention\/securite-voiture\/radar-drone\/#webpage"},"author":{"@id":"https:\/\/www.drivecase.fr\/conseils-prevention\/#\/schema\/person\/8fcaaa212378e263f27b7b575fe05667"},"headline":"Radar drone : existe-t-il ? verbalise-t-il ?","datePublished":"2021-08-25T09:46:07+00:00","dateModified":"2021-10-28T14:35:19+00:00","mainEntityOfPage":{"@id":"https:\/\/www.drivecase.fr\/conseils-prevention\/securite-voiture\/radar-drone\/#webpage"},"wordCount":1128,"publisher":{"@id":"https:\/\/www.drivecase.fr\/conseils-prevention\/#organization"},"image":{"@id":"https:\/\/www.drivecase.fr\/conseils-prevention\/securite-voiture\/radar-drone\/#primaryimage"},"thumbnailUrl":"https:\/\/www.drivecase.fr\/conseils-prevention\/wp-content\/uploads\/2021\/08\/flying-drone_t20_rOaXOz.jpg","keywords":["R\u00e8glementations"],"articleSection":["S\u00e9curit\u00e9 en voiture"],"inLanguage":"fr-FR"},{"@type":"Person","@id":"https:\/\/www.drivecase.fr\/conseils-prevention\/#\/schema\/person\/8fcaaa212378e263f27b7b575fe05667","name":"Lucile Pariat","image":{"@type":"ImageObject","@id":"https:\/\/www.drivecase.fr\/conseils-prevention\/#personlogo","inLanguage":"fr-FR","url":"https:\/\/secure.gravatar.com\/avatar\/c94420476552da6c1c489edc3f766559?s=96&d=mm&r=g","contentUrl":"https:\/\/secure.gravatar.com\/avatar\/c94420476552da6c1c489edc3f766559?s=96&d=mm&r=g","caption":"Lucile Pariat"},"description":"Responsable D\u00e9veloppement chez Drivecase, et f\u00e9rue d'actualit\u00e9 sur la mobilit\u00e9 et la pr\u00e9vention.","url":"https:\/\/www.drivecase.fr\/conseils-prevention\/author\/luciledrivecase-fr\/"}]}},"_links":{"self":[{"href":"https:\/\/www.drivecase.fr\/conseils-prevention\/wp-json\/wp\/v2\/posts\/5808"}],"collection":[{"href":"https:\/\/www.drivecase.fr\/conseils-prevention\/wp-json\/wp\/v2\/posts"}],"about":[{"href":"https:\/\/www.drivecase.fr\/conseils-prevention\/wp-json\/wp\/v2\/types\/post"}],"author":[{"embeddable":true,"href":"https:\/\/www.drivecase.fr\/conseils-prevention\/wp-json\/wp\/v2\/users\/4"}],"replies":[{"embeddable":true,"href":"https:\/\/www.drivecase.fr\/conseils-prevention\/wp-json\/wp\/v2\/comments?post=5808"}],"version-history":[{"count":15,"href":"https:\/\/www.drivecase.fr\/conseils-prevention\/wp-json\/wp\/v2\/posts\/5808\/revisions"}],"predecessor-version":[{"id":7265,"href":"https:\/\/www.drivecase.fr\/conseils-prevention\/wp-json\/wp\/v2\/posts\/5808\/revisions\/7265"}],"wp:featuredmedia":[{"embeddable":true,"href":"https:\/\/www.drivecase.fr\/conseils-prevention\/wp-json\/wp\/v2\/media\/5813"}],"wp:attachment":[{"href":"https:\/\/www.drivecase.fr\/conseils-prevention\/wp-json\/wp\/v2\/media?parent=5808"}],"wp:term":[{"taxonomy":"category","embeddable":true,"href":"https:\/\/www.drivecase.fr\/conseils-prevention\/wp-json\/wp\/v2\/categories?post=5808"},{"taxonomy":"post_tag","embeddable":true,"href":"https:\/\/www.drivecase.fr\/conseils-prevention\/wp-json\/wp\/v2\/tags?post=5808"}],"curies":[{"name":"wp","href":"https:\/\/api.w.org\/{rel}","templated":true}]}}