{"id":8186,"date":"2022-01-17T09:37:35","date_gmt":"2022-01-17T08:37:35","guid":{"rendered":"https:\/\/www.drivecase.fr\/conseils-prevention\/?p=8186"},"modified":"2024-08-05T14:30:50","modified_gmt":"2024-08-05T12:30:50","slug":"immatriculation-velo","status":"publish","type":"post","link":"https:\/\/www.drivecase.fr\/conseils-prevention\/securite-velo\/immatriculation-velo\/","title":{"rendered":"Immatriculation v\u00e9lo : est-ce obligatoire ? O\u00f9 le faire immatriculer ?"},"content":{"rendered":"\t\t<div data-elementor-type=\"wp-post\" data-elementor-id=\"8186\" class=\"elementor elementor-8186\" data-elementor-settings=\"[]\">\n\t\t\t\t\t\t\t<div class=\"elementor-section-wrap\">\n\t\t\t\t\t\t\t<section class=\"elementor-section elementor-top-section elementor-element elementor-element-6f7f58f elementor-section-boxed elementor-section-height-default elementor-section-height-default\" data-id=\"6f7f58f\" data-element_type=\"section\">\n\t\t\t\t\t\t<div class=\"elementor-container elementor-column-gap-default\">\n\t\t\t\t\t<div class=\"elementor-column elementor-col-100 elementor-top-column elementor-element elementor-element-a0e49fa\" data-id=\"a0e49fa\" data-element_type=\"column\">\n\t\t\t<div class=\"elementor-widget-wrap elementor-element-populated\">\n\t\t\t\t\t\t\t\t<div class=\"elementor-element elementor-element-4ebc950 elementor-widget elementor-widget-text-editor\" data-id=\"4ebc950\" data-element_type=\"widget\" data-widget_type=\"text-editor.default\">\n\t\t\t\t<div class=\"elementor-widget-container\">\n\t\t\t\t\t\t\t\t<p>Ces derni\u00e8res ann\u00e9es, le v\u00e9lo est de plus en plus utilis\u00e9 et notamment dans les grandes villes. En effet, l\u2019utilisation du v\u00e9lo a augment\u00e9 de 29 % en France sur les pistes cyclables depuis la fin du confinement. Pour encourager cet \u00e9lan et inciter la population fran\u00e7aise \u00e0 utiliser davantage le v\u00e9lo en ville, le gouvernement a d\u00e9cid\u00e9 d\u2019obliger l\u2019immatriculation des v\u00e9los \u00e0 partir de janvier 2021. En effet, cette nouvelle mesure permet notamment de lutter contre le vol de v\u00e9lo. Comment faire <strong>immatriculer son v\u00e9lo<\/strong>\u00a0? O\u00f9 peut-on le faire\u00a0? Dans cet article, Drivecase vous \u00e9claire sur cette nouvelle loi sur l\u2019immatriculation des v\u00e9los.<\/p>\t\t\t\t\t\t<\/div>\n\t\t\t\t<\/div>\n\t\t\t\t\t<\/div>\n\t\t<\/div>\n\t\t\t\t\t\t\t<\/div>\n\t\t<\/section>\n\t\t\t\t<section class=\"elementor-section elementor-top-section elementor-element elementor-element-3df80244 elementor-section-boxed elementor-section-height-default elementor-section-height-default\" data-id=\"3df80244\" data-element_type=\"section\">\n\t\t\t\t\t\t<div class=\"elementor-container elementor-column-gap-default\">\n\t\t\t\t\t<div class=\"elementor-column elementor-col-100 elementor-top-column elementor-element elementor-element-35f21f00\" data-id=\"35f21f00\" data-element_type=\"column\">\n\t\t\t<div class=\"elementor-widget-wrap elementor-element-populated\">\n\t\t\t\t\t\t\t\t<div class=\"elementor-element elementor-element-36cfd27 elementor-toc--content-ellipsis elementor-toc--minimized-on-tablet elementor-widget elementor-widget-table-of-contents\" data-id=\"36cfd27\" data-element_type=\"widget\" data-settings=\"{&quot;headings_by_tags&quot;:[&quot;h2&quot;,&quot;h3&quot;],&quot;exclude_headings_by_selector&quot;:[],&quot;min_height&quot;:{&quot;unit&quot;:&quot;px&quot;,&quot;size&quot;:0,&quot;sizes&quot;:[]},&quot;marker_view&quot;:&quot;numbers&quot;,&quot;minimize_box&quot;:&quot;yes&quot;,&quot;minimized_on&quot;:&quot;tablet&quot;,&quot;hierarchical_view&quot;:&quot;yes&quot;,&quot;min_height_tablet&quot;:{&quot;unit&quot;:&quot;px&quot;,&quot;size&quot;:&quot;&quot;,&quot;sizes&quot;:[]},&quot;min_height_mobile&quot;:{&quot;unit&quot;:&quot;px&quot;,&quot;size&quot;:&quot;&quot;,&quot;sizes&quot;:[]}}\" data-widget_type=\"table-of-contents.default\">\n\t\t\t\t<div class=\"elementor-widget-container\">\n\t\t\t\t\t<div class=\"elementor-toc__header\">\n\t\t\t<h4 class=\"elementor-toc__header-title\">Naviguer au sein de l'article<\/h4>\t\t\t\t\t\t\t<div class=\"elementor-toc__toggle-button elementor-toc__toggle-button--expand\"><i class=\"fas fa-chevron-down\"><\/i><\/div>\n\t\t\t\t<div class=\"elementor-toc__toggle-button elementor-toc__toggle-button--collapse\"><i class=\"fas fa-chevron-up\"><\/i><\/div>\n\t\t\t\t\t<\/div>\n\t\t<div class=\"elementor-toc__body\">\n\t\t\t<div class=\"elementor-toc__spinner-container\">\n\t\t\t\t<i class=\"elementor-toc__spinner eicon-loading eicon-animation-spin\" aria-hidden=\"true\"><\/i>\n\t\t\t<\/div>\n\t\t<\/div>\n\t\t\t\t<\/div>\n\t\t\t\t<\/div>\n\t\t\t\t\t<\/div>\n\t\t<\/div>\n\t\t\t\t\t\t\t<\/div>\n\t\t<\/section>\n\t\t\t\t<section class=\"elementor-section elementor-top-section elementor-element elementor-element-4ece9a8 elementor-section-boxed elementor-section-height-default elementor-section-height-default\" data-id=\"4ece9a8\" data-element_type=\"section\">\n\t\t\t\t\t\t<div class=\"elementor-container elementor-column-gap-default\">\n\t\t\t\t\t<div class=\"elementor-column elementor-col-100 elementor-top-column elementor-element elementor-element-1f2680a\" data-id=\"1f2680a\" data-element_type=\"column\">\n\t\t\t<div class=\"elementor-widget-wrap elementor-element-populated\">\n\t\t\t\t\t\t\t\t<div class=\"elementor-element elementor-element-07b4699 elementor-widget elementor-widget-image\" data-id=\"07b4699\" data-element_type=\"widget\" data-widget_type=\"image.default\">\n\t\t\t\t<div class=\"elementor-widget-container\">\n\t\t\t\t\t\t\t\t\t\t\t\t\t\t\t<img width=\"750\" height=\"498\" src=\"https:\/\/www.drivecase.fr\/conseils-prevention\/wp-content\/uploads\/2022\/01\/xnnVKp_t20_WQQAJX.jpg\" class=\"attachment-large size-large\" alt=\"Immatriculation v\u00e9lo\" loading=\"lazy\" srcset=\"https:\/\/www.drivecase.fr\/conseils-prevention\/wp-content\/uploads\/2022\/01\/xnnVKp_t20_WQQAJX.jpg 1018w, https:\/\/www.drivecase.fr\/conseils-prevention\/wp-content\/uploads\/2022\/01\/xnnVKp_t20_WQQAJX-300x199.jpg 300w, https:\/\/www.drivecase.fr\/conseils-prevention\/wp-content\/uploads\/2022\/01\/xnnVKp_t20_WQQAJX-768x510.jpg 768w\" sizes=\"(max-width: 750px) 100vw, 750px\" style=\"width:100%;height:66.4%;max-width:1018px;\" \/>\t\t\t\t\t\t\t\t\t\t\t\t\t\t\t<\/div>\n\t\t\t\t<\/div>\n\t\t\t\t<div class=\"elementor-element elementor-element-9817106 elementor-widget elementor-widget-spacer\" data-id=\"9817106\" data-element_type=\"widget\" data-widget_type=\"spacer.default\">\n\t\t\t\t<div class=\"elementor-widget-container\">\n\t\t\t\t\t<div class=\"elementor-spacer\">\n\t\t\t<div class=\"elementor-spacer-inner\"><\/div>\n\t\t<\/div>\n\t\t\t\t<\/div>\n\t\t\t\t<\/div>\n\t\t\t\t<div class=\"elementor-element elementor-element-3e72f43 elementor-widget elementor-widget-heading\" data-id=\"3e72f43\" data-element_type=\"widget\" data-widget_type=\"heading.default\">\n\t\t\t\t<div class=\"elementor-widget-container\">\n\t\t\t<h2 class=\"elementor-heading-title elementor-size-default\">Immatriculation v\u00e9lo : en quoi \u00e7a consiste ? <\/h2>\t\t<\/div>\n\t\t\t\t<\/div>\n\t\t\t\t\t<\/div>\n\t\t<\/div>\n\t\t\t\t\t\t\t<\/div>\n\t\t<\/section>\n\t\t\t\t<section class=\"elementor-section elementor-top-section elementor-element elementor-element-496a9bcc elementor-section-boxed elementor-section-height-default elementor-section-height-default\" data-id=\"496a9bcc\" data-element_type=\"section\">\n\t\t\t\t\t\t<div class=\"elementor-container elementor-column-gap-default\">\n\t\t\t\t\t<div class=\"elementor-column elementor-col-100 elementor-top-column elementor-element elementor-element-462dbf15\" data-id=\"462dbf15\" data-element_type=\"column\">\n\t\t\t<div class=\"elementor-widget-wrap elementor-element-populated\">\n\t\t\t\t\t\t\t\t<div class=\"elementor-element elementor-element-63e41bc elementor-widget elementor-widget-heading\" data-id=\"63e41bc\" data-element_type=\"widget\" data-widget_type=\"heading.default\">\n\t\t\t\t<div class=\"elementor-widget-container\">\n\t\t\t<h3 class=\"elementor-heading-title elementor-size-default\">Est-il obligatoire de faire immatriculer son v\u00e9lo ?<\/h3>\t\t<\/div>\n\t\t\t\t<\/div>\n\t\t\t\t<div class=\"elementor-element elementor-element-b23e031 elementor-widget elementor-widget-text-editor\" data-id=\"b23e031\" data-element_type=\"widget\" data-widget_type=\"text-editor.default\">\n\t\t\t\t<div class=\"elementor-widget-container\">\n\t\t\t\t\t\t\t\t<p>\u00c0 partir du 1<sup>er<\/sup> janvier 2021, tous les v\u00e9los vendus en magasin sont marqu\u00e9s par un num\u00e9ro et enregistr\u00e9s dans un fichier. Cette mesure n\u2019a pas \u00e9t\u00e9 prise par hasard. En effet, le nombre de v\u00e9los vol\u00e9s atteint des records. En France, 400\u00a0000 v\u00e9los sont vol\u00e9s chaque ann\u00e9e. Seulement 40% d\u2019entre eux sont retrouv\u00e9s par les forces de l\u2019ordre mais seulement 2% sont restitu\u00e9s \u00e0 leurs propri\u00e9taires. Cette nouvelle loi a donc pour objectif d\u2019identifier beaucoup plus facilement les propri\u00e9taires de chaque v\u00e9lo et notamment lorsque le v\u00e9lo a \u00e9t\u00e9 vol\u00e9, une protection suppl\u00e9mentaire aux traditionnels <a href=\"https:\/\/www.drivecase.fr\/112-antivols-velo\">antivols v\u00e9lo<\/a>.<\/p><p>Celle-ci peut ressembler sur certains points \u00e0 l\u2019<strong>immatriculation<\/strong> d\u2019une voiture ou d\u2019une moto car elle implique\u00a0:<\/p><ul><li>Un num\u00e9ro unique pour chaque v\u00e9lo ainsi que l\u2019enregistrement de ce num\u00e9ro dans une base de donn\u00e9es.<\/li><li>Le nom du propri\u00e9taire enregistr\u00e9 et associ\u00e9 \u00e0 son v\u00e9lo afin de le retrouver plus facilement en cas de vol ou de perte.<\/li><\/ul>\t\t\t\t\t\t<\/div>\n\t\t\t\t<\/div>\n\t\t\t\t<div class=\"elementor-element elementor-element-57362f4 elementor-widget elementor-widget-spacer\" data-id=\"57362f4\" data-element_type=\"widget\" data-widget_type=\"spacer.default\">\n\t\t\t\t<div class=\"elementor-widget-container\">\n\t\t\t\t\t<div class=\"elementor-spacer\">\n\t\t\t<div class=\"elementor-spacer-inner\"><\/div>\n\t\t<\/div>\n\t\t\t\t<\/div>\n\t\t\t\t<\/div>\n\t\t\t\t\t<\/div>\n\t\t<\/div>\n\t\t\t\t\t\t\t<\/div>\n\t\t<\/section>\n\t\t\t\t<section class=\"elementor-section elementor-top-section elementor-element elementor-element-c8bac76 elementor-section-boxed elementor-section-height-default elementor-section-height-default\" data-id=\"c8bac76\" data-element_type=\"section\">\n\t\t\t\t\t\t<div class=\"elementor-container elementor-column-gap-default\">\n\t\t\t\t\t<div class=\"elementor-column elementor-col-100 elementor-top-column elementor-element elementor-element-5dcb00a\" data-id=\"5dcb00a\" data-element_type=\"column\">\n\t\t\t<div class=\"elementor-widget-wrap elementor-element-populated\">\n\t\t\t\t\t\t\t\t<section class=\"elementor-section elementor-inner-section elementor-element elementor-element-fb150b9 elementor-section-height-min-height elementor-section-boxed elementor-section-height-default\" data-id=\"fb150b9\" data-element_type=\"section\" data-settings=\"{&quot;background_background&quot;:&quot;gradient&quot;}\">\n\t\t\t\t\t\t\t<div class=\"elementor-background-overlay\"><\/div>\n\t\t\t\t\t\t\t<div class=\"elementor-container elementor-column-gap-default\">\n\t\t\t\t\t<div class=\"elementor-column elementor-col-50 elementor-inner-column elementor-element elementor-element-bb05526\" data-id=\"bb05526\" data-element_type=\"column\">\n\t\t\t<div class=\"elementor-widget-wrap elementor-element-populated\">\n\t\t\t\t\t\t\t\t<div class=\"elementor-element elementor-element-f414316 elementor-widget elementor-widget-heading\" data-id=\"f414316\" data-element_type=\"widget\" data-widget_type=\"heading.default\">\n\t\t\t\t<div class=\"elementor-widget-container\">\n\t\t\t<p class=\"elementor-heading-title elementor-size-default\">Antivols pour v\u00e9los<\/p>\t\t<\/div>\n\t\t\t\t<\/div>\n\t\t\t\t<div class=\"elementor-element elementor-element-f730737 elementor-hidden-phone elementor-widget elementor-widget-text-editor\" data-id=\"f730737\" data-element_type=\"widget\" data-widget_type=\"text-editor.default\">\n\t\t\t\t<div class=\"elementor-widget-container\">\n\t\t\t\t\t\t\t\t<p>Drivecase vous propose un large \u00e9ventail d&rsquo;<strong>antivols<\/strong>. Articul\u00e9, pliant, souple ou de premier prix, vous trouverez celui qui vous correspond.<\/p>\t\t\t\t\t\t<\/div>\n\t\t\t\t<\/div>\n\t\t\t\t\t<\/div>\n\t\t<\/div>\n\t\t\t\t<div class=\"elementor-column elementor-col-50 elementor-inner-column elementor-element elementor-element-a33c1f4\" data-id=\"a33c1f4\" data-element_type=\"column\">\n\t\t\t<div class=\"elementor-widget-wrap elementor-element-populated\">\n\t\t\t\t\t\t\t\t<div class=\"elementor-element elementor-element-e0a6696 elementor-align-center elementor-widget elementor-widget-button\" data-id=\"e0a6696\" data-element_type=\"widget\" data-widget_type=\"button.default\">\n\t\t\t\t<div class=\"elementor-widget-container\">\n\t\t\t\t\t<div class=\"elementor-button-wrapper\">\n\t\t\t<a href=\"https:\/\/www.drivecase.fr\/112-antivols-velo\" target=\"_blank\" class=\"elementor-button-link elementor-button elementor-size-sm elementor-animation-grow\" role=\"button\">\n\t\t\t\t\t\t<span class=\"elementor-button-content-wrapper\">\n\t\t\t\t\t\t<span class=\"elementor-button-icon elementor-align-icon-left\">\n\t\t\t\t<i aria-hidden=\"true\" class=\"fas fa-shopping-cart\"><\/i>\t\t\t<\/span>\n\t\t\t\t\t\t<span class=\"elementor-button-text\">Antivols v\u00e9lo<\/span>\n\t\t<\/span>\n\t\t\t\t\t<\/a>\n\t\t<\/div>\n\t\t\t\t<\/div>\n\t\t\t\t<\/div>\n\t\t\t\t\t<\/div>\n\t\t<\/div>\n\t\t\t\t\t\t\t<\/div>\n\t\t<\/section>\n\t\t\t\t\t<\/div>\n\t\t<\/div>\n\t\t\t\t\t\t\t<\/div>\n\t\t<\/section>\n\t\t\t\t<section class=\"elementor-section elementor-top-section elementor-element elementor-element-f9a55d4 elementor-section-boxed elementor-section-height-default elementor-section-height-default\" data-id=\"f9a55d4\" data-element_type=\"section\">\n\t\t\t\t\t\t<div class=\"elementor-container elementor-column-gap-default\">\n\t\t\t\t\t<div class=\"elementor-column elementor-col-100 elementor-top-column elementor-element elementor-element-e1e972b\" data-id=\"e1e972b\" data-element_type=\"column\">\n\t\t\t<div class=\"elementor-widget-wrap elementor-element-populated\">\n\t\t\t\t\t\t\t\t<div class=\"elementor-element elementor-element-2993f6c elementor-widget elementor-widget-spacer\" data-id=\"2993f6c\" data-element_type=\"widget\" data-widget_type=\"spacer.default\">\n\t\t\t\t<div class=\"elementor-widget-container\">\n\t\t\t\t\t<div class=\"elementor-spacer\">\n\t\t\t<div class=\"elementor-spacer-inner\"><\/div>\n\t\t<\/div>\n\t\t\t\t<\/div>\n\t\t\t\t<\/div>\n\t\t\t\t\t<\/div>\n\t\t<\/div>\n\t\t\t\t\t\t\t<\/div>\n\t\t<\/section>\n\t\t\t\t<section class=\"elementor-section elementor-top-section elementor-element elementor-element-cbd71cf elementor-section-boxed elementor-section-height-default elementor-section-height-default\" data-id=\"cbd71cf\" data-element_type=\"section\">\n\t\t\t\t\t\t<div class=\"elementor-container elementor-column-gap-default\">\n\t\t\t\t\t<div class=\"elementor-column elementor-col-100 elementor-top-column elementor-element elementor-element-c25e874\" data-id=\"c25e874\" data-element_type=\"column\">\n\t\t\t<div class=\"elementor-widget-wrap elementor-element-populated\">\n\t\t\t\t\t\t\t\t<div class=\"elementor-element elementor-element-8ca6cd3 elementor-widget elementor-widget-heading\" data-id=\"8ca6cd3\" data-element_type=\"widget\" data-widget_type=\"heading.default\">\n\t\t\t\t<div class=\"elementor-widget-container\">\n\t\t\t<h3 class=\"elementor-heading-title elementor-size-default\">Que faut-il avoir pour \u00eatre dans les r\u00e8gles ?<\/h3>\t\t<\/div>\n\t\t\t\t<\/div>\n\t\t\t\t<div class=\"elementor-element elementor-element-eb89344 elementor-widget elementor-widget-text-editor\" data-id=\"eb89344\" data-element_type=\"widget\" data-widget_type=\"text-editor.default\">\n\t\t\t\t<div class=\"elementor-widget-container\">\n\t\t\t\t\t\t\t\t<p>Toutefois, il suffira simplement d\u2019avoir son num\u00e9ro grav\u00e9 sur le v\u00e9lo et aucun papier ne sera n\u00e9cessaire.\u00a0 Il existe actuellement plusieurs op\u00e9rateurs agr\u00e9\u00e9s pour la gravure de ce num\u00e9ro. Que vous soyez un professionnel ou un particulier, vous pouvez notamment r\u00e9aliser cette gravure dans les endroits suivants\u00a0:<\/p><ul><li>Paravol qui est une start-up bordelaise<\/li><li>MFC<\/li><li>Recobike qui propose un marquage en soudure chimique et permet donc de mieux pr\u00e9server le cadre.<\/li><li>Bicycode<\/li><li>Auvray Security, soci\u00e9t\u00e9 sp\u00e9cialis\u00e9e dans les antivols \u00e0 v\u00e9los et qui propose une gravure par micro percussion.<\/li><\/ul>\t\t\t\t\t\t<\/div>\n\t\t\t\t<\/div>\n\t\t\t\t<div class=\"elementor-element elementor-element-cb7c439 elementor-widget elementor-widget-spacer\" data-id=\"cb7c439\" data-element_type=\"widget\" data-widget_type=\"spacer.default\">\n\t\t\t\t<div class=\"elementor-widget-container\">\n\t\t\t\t\t<div class=\"elementor-spacer\">\n\t\t\t<div class=\"elementor-spacer-inner\"><\/div>\n\t\t<\/div>\n\t\t\t\t<\/div>\n\t\t\t\t<\/div>\n\t\t\t\t<div class=\"elementor-element elementor-element-24f5efa elementor-widget elementor-widget-heading\" data-id=\"24f5efa\" data-element_type=\"widget\" data-widget_type=\"heading.default\">\n\t\t\t\t<div class=\"elementor-widget-container\">\n\t\t\t<h2 class=\"elementor-heading-title elementor-size-default\">La gestion de la base de donn\u00e9es des codes v\u00e9los <\/h2>\t\t<\/div>\n\t\t\t\t<\/div>\n\t\t\t\t<div class=\"elementor-element elementor-element-b29cf84 elementor-widget elementor-widget-text-editor\" data-id=\"b29cf84\" data-element_type=\"widget\" data-widget_type=\"text-editor.default\">\n\t\t\t\t<div class=\"elementor-widget-container\">\n\t\t\t\t\t\t\t\t<p>Lorsque le v\u00e9lo a \u00e9t\u00e9 grav\u00e9 par un des professionnels agr\u00e9\u00e9s et cit\u00e9s pr\u00e9c\u00e9demment, il est ensuite entr\u00e9 dans le fichier national unique des cycles identifi\u00e9s (FNUCI). Avec ce num\u00e9ro, il y a plusieurs informations enregistr\u00e9es\u00a0:<\/p><ul><li>L\u2019adresse \u00e9lectronique du propri\u00e9taire du v\u00e9lo,<\/li><li>Une description br\u00e8ve du cycle<\/li><li>Son statut actuel\u00a0: vol\u00e9, perdu, sorti de l\u2019atelier\u2026etc.<\/li><\/ul><p>Tout type de personne peut acc\u00e9der \u00e0 cette base de donn\u00e9es\u00a0: la police, la fourri\u00e8re, les municipaux, les particuliers\u2026etc. Il suffit simplement de rentrer le num\u00e9ro du cycle pour acc\u00e9der \u00e0 son statut et v\u00e9rifier s\u2019il s\u2019agit d\u2019un v\u00e9lo vol\u00e9 ou perdu par exemple.<\/p>\t\t\t\t\t\t<\/div>\n\t\t\t\t<\/div>\n\t\t\t\t<div class=\"elementor-element elementor-element-a0e2f27 elementor-widget elementor-widget-spacer\" data-id=\"a0e2f27\" data-element_type=\"widget\" data-widget_type=\"spacer.default\">\n\t\t\t\t<div class=\"elementor-widget-container\">\n\t\t\t\t\t<div class=\"elementor-spacer\">\n\t\t\t<div class=\"elementor-spacer-inner\"><\/div>\n\t\t<\/div>\n\t\t\t\t<\/div>\n\t\t\t\t<\/div>\n\t\t\t\t<div class=\"elementor-element elementor-element-6a4083f elementor-widget elementor-widget-heading\" data-id=\"6a4083f\" data-element_type=\"widget\" data-widget_type=\"heading.default\">\n\t\t\t\t<div class=\"elementor-widget-container\">\n\t\t\t<h2 class=\"elementor-heading-title elementor-size-default\">Une obligation \u00e9tendue au v\u00e9lo d\u2019occasion depuis le 1er juillet 2021 <\/h2>\t\t<\/div>\n\t\t\t\t<\/div>\n\t\t\t\t<div class=\"elementor-element elementor-element-92ebb3c elementor-widget elementor-widget-text-editor\" data-id=\"92ebb3c\" data-element_type=\"widget\" data-widget_type=\"text-editor.default\">\n\t\t\t\t<div class=\"elementor-widget-container\">\n\t\t\t\t\t\t\t\t<p>Depuis quelques mois, cette nouvelle loi sur le <a href=\"https:\/\/www.ecologie.gouv.fr\/politiques-publiques\/identification-cycles\">marquage des v\u00e9los<\/a> concerne \u00e9galement les v\u00e9los d\u2019occasions. Actuellement, tout type de v\u00e9los \u00e9lectriques ou traditionnels ou VTT sont concern\u00e9s par cette nouvelle loi sauf les v\u00e9los pour enfants.<\/p><p>Afin d\u2019\u00eatre dans les r\u00e8gles, il faut respecter certains crit\u00e8res essentiels\u00a0:<\/p><ul><li>L\u2019identifiant du v\u00e9lo doit \u00eatre plac\u00e9 sur le cadre de v\u00e9lo avec une <em>\u00ab\u00a0forme lisible, ind\u00e9l\u00e9bile, inamovible, et infalsifiable, en un endroit rep\u00e9rable et visible sans manipulation du cycle<\/em>\u00bb<em>. <\/em><\/li><li>Le v\u00e9lo doit \u00eatre obligatoire enregistr\u00e9 dans le FNUCI avec le nom de son propri\u00e9taire et quelques informations essentielles.<\/li><\/ul><p>Pour conclure,<\/p><p>Que vous ayez un v\u00e9lo \u00e0 assistance \u00e9lectrique ou un v\u00e9lo classique celui-ci doit \u00eatre immatricul\u00e9 depuis le 1<sup>er<\/sup> janvier 2021.<\/p><p>Toutefois, les v\u00e9los \u00e0 assistance \u00e9lectrique ayant une vitesse sup\u00e9rieure \u00e0 25 km\/h sont soumis \u00e0 une l\u00e9gislation diff\u00e9rente. En effet, ce type de v\u00e9lo rentre dans la cat\u00e9gorie des \u00ab\u00a0cyclomoteurs\u00a0\u00bb. \u00a0Les propri\u00e9taires doivent alors faire une demande de <strong>certificat d\u2019immatriculation<\/strong>. Ce v\u00e9lo \u00e9lectrique doit \u00e9galement \u00eatre assur\u00e9 et il est important de porter un casque homologu\u00e9 cyclomoteur et de respecter le <a href=\"https:\/\/www.drivecase.fr\/conseils-prevention\/securite-velo\/code-de-la-route-velo\/\">code de la route v\u00e9lo<\/a> afin de ne prendre vous mettre en danger.<\/p><p>De plus afin d\u2019\u00e9viter le vol de votre bicyclette ou cyclomoteur, nous vous conseillons \u00e9galement d\u2019utiliser un antivol de qualit\u00e9. Celui-ci vous permettra de r\u00e9duire au maximum les risques.<\/p><p>Lorsque vous circulez en v\u00e9lo ou en cyclomoteur, nous vous conseillons d\u2019opter pour des <a href=\"https:\/\/www.drivecase.fr\/44-accessoires-velo\">accessoires v\u00e9lo<\/a>s afin d\u2019augmenter votre visibilit\u00e9 et votre s\u00e9curit\u00e9 sur la route. Ces accessoires peuvent vous \u00eatre utile afin de respecter le code de la route et d\u2019indiquer correctement vos intentions aux usagers de la route. Vous pouvez notamment utiliser un sac \u00e0 dos avec clignotants LED afin d\u2019indiquer votre direction ou encore un <a href=\"https:\/\/www.drivecase.fr\/conseils-prevention\/securite-velo\/eclairage-velo\/\">\u00e9clairage v\u00e9lo<\/a> afin d\u2019\u00eatre visible m\u00eame la nuit et de r\u00e9duire au maximum les risques d\u2019accident.<\/p>\t\t\t\t\t\t<\/div>\n\t\t\t\t<\/div>\n\t\t\t\t\t<\/div>\n\t\t<\/div>\n\t\t\t\t\t\t\t<\/div>\n\t\t<\/section>\n\t\t\t\t<section class=\"elementor-section elementor-top-section elementor-element elementor-element-426ff80 elementor-section-boxed elementor-section-height-default elementor-section-height-default\" data-id=\"426ff80\" data-element_type=\"section\">\n\t\t\t\t\t\t<div class=\"elementor-container elementor-column-gap-default\">\n\t\t\t\t\t<div class=\"elementor-column elementor-col-100 elementor-top-column elementor-element elementor-element-5464f41\" data-id=\"5464f41\" data-element_type=\"column\">\n\t\t\t<div class=\"elementor-widget-wrap elementor-element-populated\">\n\t\t\t\t\t\t\t\t<section class=\"elementor-section elementor-inner-section elementor-element elementor-element-11837a0 elementor-section-height-min-height elementor-section-boxed elementor-section-height-default\" data-id=\"11837a0\" data-element_type=\"section\" data-settings=\"{&quot;background_background&quot;:&quot;gradient&quot;}\">\n\t\t\t\t\t\t\t<div class=\"elementor-background-overlay\"><\/div>\n\t\t\t\t\t\t\t<div class=\"elementor-container elementor-column-gap-default\">\n\t\t\t\t\t<div class=\"elementor-column elementor-col-50 elementor-inner-column elementor-element elementor-element-ce93d5f\" data-id=\"ce93d5f\" data-element_type=\"column\">\n\t\t\t<div class=\"elementor-widget-wrap elementor-element-populated\">\n\t\t\t\t\t\t\t\t<div class=\"elementor-element elementor-element-bc01fd5 elementor-widget elementor-widget-heading\" data-id=\"bc01fd5\" data-element_type=\"widget\" data-widget_type=\"heading.default\">\n\t\t\t\t<div class=\"elementor-widget-container\">\n\t\t\t<p class=\"elementor-heading-title elementor-size-default\">Accessoires pour v\u00e9los<\/p>\t\t<\/div>\n\t\t\t\t<\/div>\n\t\t\t\t<div class=\"elementor-element elementor-element-f8de4d3 elementor-hidden-phone elementor-widget elementor-widget-text-editor\" data-id=\"f8de4d3\" data-element_type=\"widget\" data-widget_type=\"text-editor.default\">\n\t\t\t\t<div class=\"elementor-widget-container\">\n\t\t\t\t\t\t\t\t<p>Drivecase vous propose un large \u00e9ventail d&rsquo;<strong>antivols<\/strong>. Articul\u00e9, pliant, souple ou de premier prix, vous trouverez celui qui vous correspond.<\/p>\t\t\t\t\t\t<\/div>\n\t\t\t\t<\/div>\n\t\t\t\t\t<\/div>\n\t\t<\/div>\n\t\t\t\t<div class=\"elementor-column elementor-col-50 elementor-inner-column elementor-element elementor-element-a0d9642\" data-id=\"a0d9642\" data-element_type=\"column\">\n\t\t\t<div class=\"elementor-widget-wrap elementor-element-populated\">\n\t\t\t\t\t\t\t\t<div class=\"elementor-element elementor-element-cfca47d elementor-align-center elementor-widget elementor-widget-button\" data-id=\"cfca47d\" data-element_type=\"widget\" data-widget_type=\"button.default\">\n\t\t\t\t<div class=\"elementor-widget-container\">\n\t\t\t\t\t<div class=\"elementor-button-wrapper\">\n\t\t\t<a href=\"https:\/\/www.drivecase.fr\/46-accessoires-velo-personnalises\" target=\"_blank\" class=\"elementor-button-link elementor-button elementor-size-sm elementor-animation-grow\" role=\"button\">\n\t\t\t\t\t\t<span class=\"elementor-button-content-wrapper\">\n\t\t\t\t\t\t<span class=\"elementor-button-icon elementor-align-icon-left\">\n\t\t\t\t<i aria-hidden=\"true\" class=\"fas fa-shopping-cart\"><\/i>\t\t\t<\/span>\n\t\t\t\t\t\t<span class=\"elementor-button-text\">Goodies v\u00e9lo personnalis\u00e9s<\/span>\n\t\t<\/span>\n\t\t\t\t\t<\/a>\n\t\t<\/div>\n\t\t\t\t<\/div>\n\t\t\t\t<\/div>\n\t\t\t\t\t<\/div>\n\t\t<\/div>\n\t\t\t\t\t\t\t<\/div>\n\t\t<\/section>\n\t\t\t\t\t<\/div>\n\t\t<\/div>\n\t\t\t\t\t\t\t<\/div>\n\t\t<\/section>\n\t\t\t\t\t\t<\/div>\n\t\t\t\t\t<\/div>\n\t\t","protected":false},"excerpt":{"rendered":"<p>Ces derni\u00e8res ann\u00e9es, le v\u00e9lo est de plus en plus utilis\u00e9 et notamment dans les grandes villes. En effet, l\u2019utilisation du v\u00e9lo a augment\u00e9 de 29 % en France sur les pistes cyclables depuis la fin du confinement. Pour encourager cet \u00e9lan et inciter la population fran\u00e7aise \u00e0 utiliser davantage le v\u00e9lo en ville, le&hellip; <a class=\"more-link\" href=\"https:\/\/www.drivecase.fr\/conseils-prevention\/securite-velo\/immatriculation-velo\/\">Poursuivre la lecture <span class=\"screen-reader-text\">Immatriculation v\u00e9lo : est-ce obligatoire ? O\u00f9 le faire immatriculer ?<\/span><\/a><\/p>\n","protected":false},"author":7,"featured_media":8188,"comment_status":"closed","ping_status":"closed","sticky":false,"template":"","format":"standard","meta":[],"categories":[23],"tags":[20,19],"yoast_head":"<!-- This site is optimized with the Yoast SEO Premium plugin v17.4 (Yoast SEO v17.4) - https:\/\/yoast.com\/wordpress\/plugins\/seo\/ -->\n<title>Immatriculation v\u00e9lo : est-ce obligatoire ? O\u00f9 le faire immatriculer ? | Conseils Drivecase<\/title>\n<meta name=\"description\" content=\"O\u00f9 faire immatriculer son v\u00e9lo ? Combien co\u00fbte l&#039;immatriculation v\u00e9lo ? Drivecase vous livre ses conseils pour prot\u00e9ger votre v\u00e9lo des vols\" \/>\n<meta name=\"robots\" content=\"index, follow, max-snippet:-1, max-image-preview:large, max-video-preview:-1\" \/>\n<link rel=\"canonical\" href=\"https:\/\/www.drivecase.fr\/conseils-prevention\/securite-velo\/immatriculation-velo\/\" \/>\n<meta property=\"og:locale\" content=\"fr_FR\" \/>\n<meta property=\"og:type\" content=\"article\" \/>\n<meta property=\"og:title\" content=\"Immatriculation v\u00e9lo : est-ce obligatoire ? O\u00f9 le faire immatriculer ?\" \/>\n<meta property=\"og:description\" content=\"Ces derni\u00e8res ann\u00e9es, le v\u00e9lo est de plus en plus utilis\u00e9 et notamment dans les grandes villes. En effet, l\u2019utilisation du v\u00e9lo a augment\u00e9 de 29 % en\" \/>\n<meta property=\"og:url\" content=\"https:\/\/www.drivecase.fr\/conseils-prevention\/securite-velo\/immatriculation-velo\/\" \/>\n<meta property=\"og:site_name\" content=\"S\u00e9curit\u00e9 routi\u00e8re, EPI &amp; pr\u00e9vention sanitaire | Conseils pr\u00e9vention Drivecase\" \/>\n<meta property=\"article:publisher\" content=\"https:\/\/fr-fr.facebook.com\/drivecasefr\" \/>\n<meta property=\"article:published_time\" content=\"2022-01-17T08:37:35+00:00\" \/>\n<meta property=\"article:modified_time\" content=\"2024-08-05T12:30:50+00:00\" \/>\n<meta property=\"og:image\" content=\"https:\/\/www.drivecase.fr\/conseils-prevention\/wp-content\/uploads\/2022\/01\/xnnVKp_t20_WQQAJX.jpg\" \/>\n\t<meta property=\"og:image:width\" content=\"1018\" \/>\n\t<meta property=\"og:image:height\" content=\"676\" \/>\n<meta name=\"twitter:card\" content=\"summary_large_image\" \/>\n<meta name=\"twitter:creator\" content=\"@Drivecase\" \/>\n<meta name=\"twitter:site\" content=\"@Drivecase\" \/>\n<meta name=\"twitter:label1\" content=\"\u00c9crit par\" \/>\n\t<meta name=\"twitter:data1\" content=\"Edgard Singer\" \/>\n\t<meta name=\"twitter:label2\" content=\"Dur\u00e9e de lecture est.\" \/>\n\t<meta name=\"twitter:data2\" content=\"5 minutes\" \/>\n<script type=\"application\/ld+json\" class=\"yoast-schema-graph\">{\"@context\":\"https:\/\/schema.org\",\"@graph\":[{\"@type\":\"Organization\",\"@id\":\"https:\/\/www.drivecase.fr\/conseils-prevention\/#organization\",\"name\":\"Drivecase\",\"url\":\"https:\/\/www.drivecase.fr\/conseils-prevention\/\",\"sameAs\":[\"https:\/\/fr-fr.facebook.com\/drivecasefr\",\"https:\/\/fr.linkedin.com\/company\/drivecase\",\"https:\/\/www.youtube.com\/channel\/UCQ7ivAl-3feklwC1IX7HO8A\",\"https:\/\/www.pinterest.fr\/drivecase3695\/\",\"https:\/\/twitter.com\/Drivecase\"],\"logo\":{\"@type\":\"ImageObject\",\"@id\":\"https:\/\/www.drivecase.fr\/conseils-prevention\/#logo\",\"inLanguage\":\"fr-FR\",\"url\":\"https:\/\/www.drivecase.fr\/conseils-prevention\/wp-content\/uploads\/2021\/02\/logo_conseils-prevention_bleu_vert-01.png\",\"contentUrl\":\"https:\/\/www.drivecase.fr\/conseils-prevention\/wp-content\/uploads\/2021\/02\/logo_conseils-prevention_bleu_vert-01.png\",\"width\":2221,\"height\":667,\"caption\":\"Drivecase\"},\"image\":{\"@id\":\"https:\/\/www.drivecase.fr\/conseils-prevention\/#logo\"}},{\"@type\":\"WebSite\",\"@id\":\"https:\/\/www.drivecase.fr\/conseils-prevention\/#website\",\"url\":\"https:\/\/www.drivecase.fr\/conseils-prevention\/\",\"name\":\"S\\u00e9curit\\u00e9 routi\\u00e8re, EPI &amp; pr\\u00e9vention sanitaire | Conseils pr\\u00e9vention Drivecase\",\"description\":\"Le blog conseils pr\\u00e9vention d\\u00e9di\\u00e9 \\u00e0 la s\\u00e9curit\\u00e9 routi\\u00e8re, aux EPI, premiers secours &amp; pr\\u00e9vention sanitaire de Drivecase. Toute l&#039;actualit\\u00e9 sur la r\\u00e9glementation &amp; les bons gestes !\",\"publisher\":{\"@id\":\"https:\/\/www.drivecase.fr\/conseils-prevention\/#organization\"},\"potentialAction\":[{\"@type\":\"SearchAction\",\"target\":{\"@type\":\"EntryPoint\",\"urlTemplate\":\"https:\/\/www.drivecase.fr\/conseils-prevention\/?s={search_term_string}\"},\"query-input\":\"required name=search_term_string\"}],\"inLanguage\":\"fr-FR\"},{\"@type\":\"ImageObject\",\"@id\":\"https:\/\/www.drivecase.fr\/conseils-prevention\/securite-velo\/immatriculation-velo\/#primaryimage\",\"inLanguage\":\"fr-FR\",\"url\":\"https:\/\/www.drivecase.fr\/conseils-prevention\/wp-content\/uploads\/2022\/01\/xnnVKp_t20_WQQAJX.jpg\",\"contentUrl\":\"https:\/\/www.drivecase.fr\/conseils-prevention\/wp-content\/uploads\/2022\/01\/xnnVKp_t20_WQQAJX.jpg\",\"width\":1018,\"height\":676,\"caption\":\"O\\u00f9 faire immatriculer son v\\u00e9lo ?\"},{\"@type\":\"WebPage\",\"@id\":\"https:\/\/www.drivecase.fr\/conseils-prevention\/securite-velo\/immatriculation-velo\/#webpage\",\"url\":\"https:\/\/www.drivecase.fr\/conseils-prevention\/securite-velo\/immatriculation-velo\/\",\"name\":\"Immatriculation v\\u00e9lo : est-ce obligatoire ? O\\u00f9 le faire immatriculer ? | Conseils Drivecase\",\"isPartOf\":{\"@id\":\"https:\/\/www.drivecase.fr\/conseils-prevention\/#website\"},\"primaryImageOfPage\":{\"@id\":\"https:\/\/www.drivecase.fr\/conseils-prevention\/securite-velo\/immatriculation-velo\/#primaryimage\"},\"datePublished\":\"2022-01-17T08:37:35+00:00\",\"dateModified\":\"2024-08-05T12:30:50+00:00\",\"description\":\"O\\u00f9 faire immatriculer son v\\u00e9lo ? Combien co\\u00fbte l'immatriculation v\\u00e9lo ? Drivecase vous livre ses conseils pour prot\\u00e9ger votre v\\u00e9lo des vols\",\"breadcrumb\":{\"@id\":\"https:\/\/www.drivecase.fr\/conseils-prevention\/securite-velo\/immatriculation-velo\/#breadcrumb\"},\"inLanguage\":\"fr-FR\",\"potentialAction\":[{\"@type\":\"ReadAction\",\"target\":[\"https:\/\/www.drivecase.fr\/conseils-prevention\/securite-velo\/immatriculation-velo\/\"]}]},{\"@type\":\"BreadcrumbList\",\"@id\":\"https:\/\/www.drivecase.fr\/conseils-prevention\/securite-velo\/immatriculation-velo\/#breadcrumb\",\"itemListElement\":[{\"@type\":\"ListItem\",\"position\":1,\"name\":\"Conseils pr\\u00e9vention\",\"item\":\"https:\/\/www.drivecase.fr\/conseils-prevention\/\"},{\"@type\":\"ListItem\",\"position\":2,\"name\":\"S\\u00e9curit\\u00e9 \\u00e0 v\\u00e9lo\",\"item\":\"https:\/\/www.drivecase.fr\/conseils-prevention\/securite-velo\/\"},{\"@type\":\"ListItem\",\"position\":3,\"name\":\"Immatriculation v\\u00e9lo : est-ce obligatoire ? O\\u00f9 le faire immatriculer ?\"}]},{\"@type\":\"Article\",\"@id\":\"https:\/\/www.drivecase.fr\/conseils-prevention\/securite-velo\/immatriculation-velo\/#article\",\"isPartOf\":{\"@id\":\"https:\/\/www.drivecase.fr\/conseils-prevention\/securite-velo\/immatriculation-velo\/#webpage\"},\"author\":{\"@id\":\"https:\/\/www.drivecase.fr\/conseils-prevention\/#\/schema\/person\/7138f4f7c955a2d3414789aefcf52f85\"},\"headline\":\"Immatriculation v\\u00e9lo : est-ce obligatoire ? O\\u00f9 le faire immatriculer ?\",\"datePublished\":\"2022-01-17T08:37:35+00:00\",\"dateModified\":\"2024-08-05T12:30:50+00:00\",\"mainEntityOfPage\":{\"@id\":\"https:\/\/www.drivecase.fr\/conseils-prevention\/securite-velo\/immatriculation-velo\/#webpage\"},\"wordCount\":972,\"publisher\":{\"@id\":\"https:\/\/www.drivecase.fr\/conseils-prevention\/#organization\"},\"image\":{\"@id\":\"https:\/\/www.drivecase.fr\/conseils-prevention\/securite-velo\/immatriculation-velo\/#primaryimage\"},\"thumbnailUrl\":\"https:\/\/www.drivecase.fr\/conseils-prevention\/wp-content\/uploads\/2022\/01\/xnnVKp_t20_WQQAJX.jpg\",\"keywords\":[\"Conseils d'experts\",\"R\\u00e8glementations\"],\"articleSection\":[\"S\\u00e9curit\\u00e9 \\u00e0 v\\u00e9lo\"],\"inLanguage\":\"fr-FR\"},{\"@type\":\"Person\",\"@id\":\"https:\/\/www.drivecase.fr\/conseils-prevention\/#\/schema\/person\/7138f4f7c955a2d3414789aefcf52f85\",\"name\":\"Edgard Singer\",\"image\":{\"@type\":\"ImageObject\",\"@id\":\"https:\/\/www.drivecase.fr\/conseils-prevention\/#personlogo\",\"inLanguage\":\"fr-FR\",\"url\":\"https:\/\/secure.gravatar.com\/avatar\/0830371add0beaee77e759d97caa2f4a?s=96&d=mm&r=g\",\"contentUrl\":\"https:\/\/secure.gravatar.com\/avatar\/0830371add0beaee77e759d97caa2f4a?s=96&d=mm&r=g\",\"caption\":\"Edgard Singer\"},\"description\":\"V\\u00e9lotaffeur averti et cyclotouriste, j'ai \\u00e0 c\\u0153ur de partager la route avec tous et toutes. Actualit\\u00e9s, conseils, nouveaut\\u00e9s, je d\\u00e9nicherai tout ce qui peut contribuer \\u00e0 la s\\u00e9curit\\u00e9 routi\\u00e8re et au bien-\\u00eatre de chacun.\",\"url\":\"https:\/\/www.drivecase.fr\/conseils-prevention\/author\/communicationdrivecase-fr\/\"}]}<\/script>\n<!-- \/ Yoast SEO Premium plugin. -->","yoast_head_json":{"title":"Immatriculation v\u00e9lo : est-ce obligatoire ? O\u00f9 le faire immatriculer ? | Conseils Drivecase","description":"O\u00f9 faire immatriculer son v\u00e9lo ? Combien co\u00fbte l'immatriculation v\u00e9lo ? Drivecase vous livre ses conseils pour prot\u00e9ger votre v\u00e9lo des vols","robots":{"index":"index","follow":"follow","max-snippet":"max-snippet:-1","max-image-preview":"max-image-preview:large","max-video-preview":"max-video-preview:-1"},"canonical":"https:\/\/www.drivecase.fr\/conseils-prevention\/securite-velo\/immatriculation-velo\/","og_locale":"fr_FR","og_type":"article","og_title":"Immatriculation v\u00e9lo : est-ce obligatoire ? O\u00f9 le faire immatriculer ?","og_description":"Ces derni\u00e8res ann\u00e9es, le v\u00e9lo est de plus en plus utilis\u00e9 et notamment dans les grandes villes. En effet, l\u2019utilisation du v\u00e9lo a augment\u00e9 de 29 % en","og_url":"https:\/\/www.drivecase.fr\/conseils-prevention\/securite-velo\/immatriculation-velo\/","og_site_name":"S\u00e9curit\u00e9 routi\u00e8re, EPI &amp; pr\u00e9vention sanitaire | Conseils pr\u00e9vention Drivecase","article_publisher":"https:\/\/fr-fr.facebook.com\/drivecasefr","article_published_time":"2022-01-17T08:37:35+00:00","article_modified_time":"2024-08-05T12:30:50+00:00","og_image":[{"width":1018,"height":676,"url":"https:\/\/www.drivecase.fr\/conseils-prevention\/wp-content\/uploads\/2022\/01\/xnnVKp_t20_WQQAJX.jpg","type":"image\/jpeg"}],"twitter_card":"summary_large_image","twitter_creator":"@Drivecase","twitter_site":"@Drivecase","twitter_misc":{"\u00c9crit par":"Edgard Singer","Dur\u00e9e de lecture est.":"5 minutes"},"schema":{"@context":"https:\/\/schema.org","@graph":[{"@type":"Organization","@id":"https:\/\/www.drivecase.fr\/conseils-prevention\/#organization","name":"Drivecase","url":"https:\/\/www.drivecase.fr\/conseils-prevention\/","sameAs":["https:\/\/fr-fr.facebook.com\/drivecasefr","https:\/\/fr.linkedin.com\/company\/drivecase","https:\/\/www.youtube.com\/channel\/UCQ7ivAl-3feklwC1IX7HO8A","https:\/\/www.pinterest.fr\/drivecase3695\/","https:\/\/twitter.com\/Drivecase"],"logo":{"@type":"ImageObject","@id":"https:\/\/www.drivecase.fr\/conseils-prevention\/#logo","inLanguage":"fr-FR","url":"https:\/\/www.drivecase.fr\/conseils-prevention\/wp-content\/uploads\/2021\/02\/logo_conseils-prevention_bleu_vert-01.png","contentUrl":"https:\/\/www.drivecase.fr\/conseils-prevention\/wp-content\/uploads\/2021\/02\/logo_conseils-prevention_bleu_vert-01.png","width":2221,"height":667,"caption":"Drivecase"},"image":{"@id":"https:\/\/www.drivecase.fr\/conseils-prevention\/#logo"}},{"@type":"WebSite","@id":"https:\/\/www.drivecase.fr\/conseils-prevention\/#website","url":"https:\/\/www.drivecase.fr\/conseils-prevention\/","name":"S\u00e9curit\u00e9 routi\u00e8re, EPI &amp; pr\u00e9vention sanitaire | Conseils pr\u00e9vention Drivecase","description":"Le blog conseils pr\u00e9vention d\u00e9di\u00e9 \u00e0 la s\u00e9curit\u00e9 routi\u00e8re, aux EPI, premiers secours &amp; pr\u00e9vention sanitaire de Drivecase. Toute l&#039;actualit\u00e9 sur la r\u00e9glementation &amp; les bons gestes !","publisher":{"@id":"https:\/\/www.drivecase.fr\/conseils-prevention\/#organization"},"potentialAction":[{"@type":"SearchAction","target":{"@type":"EntryPoint","urlTemplate":"https:\/\/www.drivecase.fr\/conseils-prevention\/?s={search_term_string}"},"query-input":"required name=search_term_string"}],"inLanguage":"fr-FR"},{"@type":"ImageObject","@id":"https:\/\/www.drivecase.fr\/conseils-prevention\/securite-velo\/immatriculation-velo\/#primaryimage","inLanguage":"fr-FR","url":"https:\/\/www.drivecase.fr\/conseils-prevention\/wp-content\/uploads\/2022\/01\/xnnVKp_t20_WQQAJX.jpg","contentUrl":"https:\/\/www.drivecase.fr\/conseils-prevention\/wp-content\/uploads\/2022\/01\/xnnVKp_t20_WQQAJX.jpg","width":1018,"height":676,"caption":"O\u00f9 faire immatriculer son v\u00e9lo ?"},{"@type":"WebPage","@id":"https:\/\/www.drivecase.fr\/conseils-prevention\/securite-velo\/immatriculation-velo\/#webpage","url":"https:\/\/www.drivecase.fr\/conseils-prevention\/securite-velo\/immatriculation-velo\/","name":"Immatriculation v\u00e9lo : est-ce obligatoire ? O\u00f9 le faire immatriculer ? | Conseils Drivecase","isPartOf":{"@id":"https:\/\/www.drivecase.fr\/conseils-prevention\/#website"},"primaryImageOfPage":{"@id":"https:\/\/www.drivecase.fr\/conseils-prevention\/securite-velo\/immatriculation-velo\/#primaryimage"},"datePublished":"2022-01-17T08:37:35+00:00","dateModified":"2024-08-05T12:30:50+00:00","description":"O\u00f9 faire immatriculer son v\u00e9lo ? Combien co\u00fbte l'immatriculation v\u00e9lo ? Drivecase vous livre ses conseils pour prot\u00e9ger votre v\u00e9lo des vols","breadcrumb":{"@id":"https:\/\/www.drivecase.fr\/conseils-prevention\/securite-velo\/immatriculation-velo\/#breadcrumb"},"inLanguage":"fr-FR","potentialAction":[{"@type":"ReadAction","target":["https:\/\/www.drivecase.fr\/conseils-prevention\/securite-velo\/immatriculation-velo\/"]}]},{"@type":"BreadcrumbList","@id":"https:\/\/www.drivecase.fr\/conseils-prevention\/securite-velo\/immatriculation-velo\/#breadcrumb","itemListElement":[{"@type":"ListItem","position":1,"name":"Conseils pr\u00e9vention","item":"https:\/\/www.drivecase.fr\/conseils-prevention\/"},{"@type":"ListItem","position":2,"name":"S\u00e9curit\u00e9 \u00e0 v\u00e9lo","item":"https:\/\/www.drivecase.fr\/conseils-prevention\/securite-velo\/"},{"@type":"ListItem","position":3,"name":"Immatriculation v\u00e9lo : est-ce obligatoire ? O\u00f9 le faire immatriculer ?"}]},{"@type":"Article","@id":"https:\/\/www.drivecase.fr\/conseils-prevention\/securite-velo\/immatriculation-velo\/#article","isPartOf":{"@id":"https:\/\/www.drivecase.fr\/conseils-prevention\/securite-velo\/immatriculation-velo\/#webpage"},"author":{"@id":"https:\/\/www.drivecase.fr\/conseils-prevention\/#\/schema\/person\/7138f4f7c955a2d3414789aefcf52f85"},"headline":"Immatriculation v\u00e9lo : est-ce obligatoire ? O\u00f9 le faire immatriculer ?","datePublished":"2022-01-17T08:37:35+00:00","dateModified":"2024-08-05T12:30:50+00:00","mainEntityOfPage":{"@id":"https:\/\/www.drivecase.fr\/conseils-prevention\/securite-velo\/immatriculation-velo\/#webpage"},"wordCount":972,"publisher":{"@id":"https:\/\/www.drivecase.fr\/conseils-prevention\/#organization"},"image":{"@id":"https:\/\/www.drivecase.fr\/conseils-prevention\/securite-velo\/immatriculation-velo\/#primaryimage"},"thumbnailUrl":"https:\/\/www.drivecase.fr\/conseils-prevention\/wp-content\/uploads\/2022\/01\/xnnVKp_t20_WQQAJX.jpg","keywords":["Conseils d'experts","R\u00e8glementations"],"articleSection":["S\u00e9curit\u00e9 \u00e0 v\u00e9lo"],"inLanguage":"fr-FR"},{"@type":"Person","@id":"https:\/\/www.drivecase.fr\/conseils-prevention\/#\/schema\/person\/7138f4f7c955a2d3414789aefcf52f85","name":"Edgard Singer","image":{"@type":"ImageObject","@id":"https:\/\/www.drivecase.fr\/conseils-prevention\/#personlogo","inLanguage":"fr-FR","url":"https:\/\/secure.gravatar.com\/avatar\/0830371add0beaee77e759d97caa2f4a?s=96&d=mm&r=g","contentUrl":"https:\/\/secure.gravatar.com\/avatar\/0830371add0beaee77e759d97caa2f4a?s=96&d=mm&r=g","caption":"Edgard Singer"},"description":"V\u00e9lotaffeur averti et cyclotouriste, j'ai \u00e0 c\u0153ur de partager la route avec tous et toutes. Actualit\u00e9s, conseils, nouveaut\u00e9s, je d\u00e9nicherai tout ce qui peut contribuer \u00e0 la s\u00e9curit\u00e9 routi\u00e8re et au bien-\u00eatre de chacun.","url":"https:\/\/www.drivecase.fr\/conseils-prevention\/author\/communicationdrivecase-fr\/"}]}},"_links":{"self":[{"href":"https:\/\/www.drivecase.fr\/conseils-prevention\/wp-json\/wp\/v2\/posts\/8186"}],"collection":[{"href":"https:\/\/www.drivecase.fr\/conseils-prevention\/wp-json\/wp\/v2\/posts"}],"about":[{"href":"https:\/\/www.drivecase.fr\/conseils-prevention\/wp-json\/wp\/v2\/types\/post"}],"author":[{"embeddable":true,"href":"https:\/\/www.drivecase.fr\/conseils-prevention\/wp-json\/wp\/v2\/users\/7"}],"replies":[{"embeddable":true,"href":"https:\/\/www.drivecase.fr\/conseils-prevention\/wp-json\/wp\/v2\/comments?post=8186"}],"version-history":[{"count":18,"href":"https:\/\/www.drivecase.fr\/conseils-prevention\/wp-json\/wp\/v2\/posts\/8186\/revisions"}],"predecessor-version":[{"id":14115,"href":"https:\/\/www.drivecase.fr\/conseils-prevention\/wp-json\/wp\/v2\/posts\/8186\/revisions\/14115"}],"wp:featuredmedia":[{"embeddable":true,"href":"https:\/\/www.drivecase.fr\/conseils-prevention\/wp-json\/wp\/v2\/media\/8188"}],"wp:attachment":[{"href":"https:\/\/www.drivecase.fr\/conseils-prevention\/wp-json\/wp\/v2\/media?parent=8186"}],"wp:term":[{"taxonomy":"category","embeddable":true,"href":"https:\/\/www.drivecase.fr\/conseils-prevention\/wp-json\/wp\/v2\/categories?post=8186"},{"taxonomy":"post_tag","embeddable":true,"href":"https:\/\/www.drivecase.fr\/conseils-prevention\/wp-json\/wp\/v2\/tags?post=8186"}],"curies":[{"name":"wp","href":"https:\/\/api.w.org\/{rel}","templated":true}]}}