{"id":9574,"date":"2022-06-28T12:23:04","date_gmt":"2022-06-28T10:23:04","guid":{"rendered":"https:\/\/www.drivecase.fr\/conseils-prevention\/?p=9574"},"modified":"2025-03-17T10:55:30","modified_gmt":"2025-03-17T09:55:30","slug":"permis-velo-comment-le-passer-quelles-obligations-a-velo","status":"publish","type":"post","link":"https:\/\/www.drivecase.fr\/conseils-prevention\/securite-velo\/permis-velo-comment-le-passer-quelles-obligations-a-velo\/","title":{"rendered":"Permis v\u00e9lo : comment le passer ? Quelles obligations \u00e0 v\u00e9lo ?"},"content":{"rendered":"\t\t<div data-elementor-type=\"wp-post\" data-elementor-id=\"9574\" class=\"elementor elementor-9574\" data-elementor-settings=\"[]\">\n\t\t\t\t\t\t\t<div class=\"elementor-section-wrap\">\n\t\t\t\t\t\t\t<section class=\"elementor-section elementor-top-section elementor-element elementor-element-d603950 elementor-section-boxed elementor-section-height-default elementor-section-height-default\" data-id=\"d603950\" data-element_type=\"section\">\n\t\t\t\t\t\t<div class=\"elementor-container elementor-column-gap-default\">\n\t\t\t\t\t<div class=\"elementor-column elementor-col-100 elementor-top-column elementor-element elementor-element-143cb30\" data-id=\"143cb30\" data-element_type=\"column\">\n\t\t\t<div class=\"elementor-widget-wrap elementor-element-populated\">\n\t\t\t\t\t\t\t\t<div class=\"elementor-element elementor-element-a5c0ae6 elementor-widget elementor-widget-heading\" data-id=\"a5c0ae6\" data-element_type=\"widget\" data-widget_type=\"heading.default\">\n\t\t\t\t<div class=\"elementor-widget-container\">\n\t\t\t<h2 class=\"elementor-heading-title elementor-size-default\">La mortalit\u00e9 des cyclistes n\u2019a jamais \u00e9t\u00e9 aussi \u00e9lev\u00e9e en France que lors des dix derni\u00e8res ann\u00e9es. En septembre 2020, 275 personnes sont d\u00e9c\u00e9d\u00e9es sur les routes, dont 37 cyclistes. Pour lutter contre ce ph\u00e9nom\u00e8ne inqui\u00e9tant et lutter contre les accidents de v\u00e9lo, il est n\u00e9cessaire de sensibiliser davantage \u00e0 la r\u00e9glementation sur les routes et ce, d\u00e8s le plus jeune \u00e2ge. L\u2019objectif avec le permis cycliste est d\u2019apprendre aux enfants \u00e0 p\u00e9daler en toute s\u00e9curit\u00e9 en les formant le plus t\u00f4t possible aux r\u00e8gles de conduites \u00e0 v\u00e9lo. Pourquoi est-il important de passer le permis cycliste, quelles sont les r\u00e8gles de circulation \u00e0 respecter, ainsi que les \u00e9quipements obligatoires \u00e0 v\u00e9lo ? Drivecase vous r\u00e9pond !<\/h2>\t\t<\/div>\n\t\t\t\t<\/div>\n\t\t\t\t\t<\/div>\n\t\t<\/div>\n\t\t\t\t\t\t\t<\/div>\n\t\t<\/section>\n\t\t\t\t<section class=\"elementor-section elementor-top-section elementor-element elementor-element-3df80244 elementor-section-boxed elementor-section-height-default elementor-section-height-default\" data-id=\"3df80244\" data-element_type=\"section\">\n\t\t\t\t\t\t<div class=\"elementor-container elementor-column-gap-default\">\n\t\t\t\t\t<div class=\"elementor-column elementor-col-100 elementor-top-column elementor-element elementor-element-35f21f00\" data-id=\"35f21f00\" data-element_type=\"column\">\n\t\t\t<div class=\"elementor-widget-wrap elementor-element-populated\">\n\t\t\t\t\t\t\t\t<div class=\"elementor-element elementor-element-36cfd27 elementor-toc--content-ellipsis elementor-toc--minimized-on-tablet elementor-widget elementor-widget-table-of-contents\" data-id=\"36cfd27\" data-element_type=\"widget\" data-settings=\"{&quot;headings_by_tags&quot;:[&quot;h3&quot;,&quot;h4&quot;],&quot;exclude_headings_by_selector&quot;:[],&quot;min_height&quot;:{&quot;unit&quot;:&quot;px&quot;,&quot;size&quot;:0,&quot;sizes&quot;:[]},&quot;marker_view&quot;:&quot;numbers&quot;,&quot;minimize_box&quot;:&quot;yes&quot;,&quot;minimized_on&quot;:&quot;tablet&quot;,&quot;hierarchical_view&quot;:&quot;yes&quot;,&quot;min_height_tablet&quot;:{&quot;unit&quot;:&quot;px&quot;,&quot;size&quot;:&quot;&quot;,&quot;sizes&quot;:[]},&quot;min_height_mobile&quot;:{&quot;unit&quot;:&quot;px&quot;,&quot;size&quot;:&quot;&quot;,&quot;sizes&quot;:[]}}\" data-widget_type=\"table-of-contents.default\">\n\t\t\t\t<div class=\"elementor-widget-container\">\n\t\t\t\t\t<div class=\"elementor-toc__header\">\n\t\t\t<div class=\"elementor-toc__header-title\">Naviguer au sein de l'article<\/div>\t\t\t\t\t\t\t<div class=\"elementor-toc__toggle-button elementor-toc__toggle-button--expand\"><i class=\"fas fa-chevron-down\"><\/i><\/div>\n\t\t\t\t<div class=\"elementor-toc__toggle-button elementor-toc__toggle-button--collapse\"><i class=\"fas fa-chevron-up\"><\/i><\/div>\n\t\t\t\t\t<\/div>\n\t\t<div class=\"elementor-toc__body\">\n\t\t\t<div class=\"elementor-toc__spinner-container\">\n\t\t\t\t<i class=\"elementor-toc__spinner eicon-loading eicon-animation-spin\" aria-hidden=\"true\"><\/i>\n\t\t\t<\/div>\n\t\t<\/div>\n\t\t\t\t<\/div>\n\t\t\t\t<\/div>\n\t\t\t\t\t<\/div>\n\t\t<\/div>\n\t\t\t\t\t\t\t<\/div>\n\t\t<\/section>\n\t\t\t\t<section class=\"elementor-section elementor-top-section elementor-element elementor-element-8f20ed4 elementor-section-boxed elementor-section-height-default elementor-section-height-default\" data-id=\"8f20ed4\" data-element_type=\"section\">\n\t\t\t\t\t\t<div class=\"elementor-container elementor-column-gap-default\">\n\t\t\t\t\t<div class=\"elementor-column elementor-col-100 elementor-top-column elementor-element elementor-element-53a8001\" data-id=\"53a8001\" data-element_type=\"column\">\n\t\t\t<div class=\"elementor-widget-wrap elementor-element-populated\">\n\t\t\t\t\t\t\t\t<div class=\"elementor-element elementor-element-514ee31 elementor-widget elementor-widget-heading\" data-id=\"514ee31\" data-element_type=\"widget\" data-widget_type=\"heading.default\">\n\t\t\t\t<div class=\"elementor-widget-container\">\n\t\t\t<h3 class=\"elementor-heading-title elementor-size-default\">Pourquoi passer le permis v\u00e9lo ?<\/h3>\t\t<\/div>\n\t\t\t\t<\/div>\n\t\t\t\t<div class=\"elementor-element elementor-element-d3fa5c7 elementor-widget elementor-widget-text-editor\" data-id=\"d3fa5c7\" data-element_type=\"widget\" data-widget_type=\"text-editor.default\">\n\t\t\t\t<div class=\"elementor-widget-container\">\n\t\t\t\t\t\t\t\t<p>Encore relativement peu pris au s\u00e9rieux, le concept du <strong>permis v\u00e9lo<\/strong> peut encore susciter des interrogations. N\u00e9anmoins, aujourd\u2019hui plus que jamais, il est n\u00e9cessaire de passer par la case enseignement, en vue des chiffres inqui\u00e9tants publi\u00e9s par la S\u00e9curit\u00e9 routi\u00e8re sur les accidents impliquants des cyclistes. D\u00e9couvrez \u00e0 qui est destin\u00e9 le permis v\u00e9lo, et quels sont ses objectifs\u00a0:<\/p>\t\t\t\t\t\t<\/div>\n\t\t\t\t<\/div>\n\t\t\t\t\t<\/div>\n\t\t<\/div>\n\t\t\t\t\t\t\t<\/div>\n\t\t<\/section>\n\t\t\t\t<section class=\"elementor-section elementor-top-section elementor-element elementor-element-838302b elementor-section-boxed elementor-section-height-default elementor-section-height-default\" data-id=\"838302b\" data-element_type=\"section\">\n\t\t\t\t\t\t<div class=\"elementor-container elementor-column-gap-default\">\n\t\t\t\t\t<div class=\"elementor-column elementor-col-100 elementor-top-column elementor-element elementor-element-4cefcaa\" data-id=\"4cefcaa\" data-element_type=\"column\">\n\t\t\t<div class=\"elementor-widget-wrap elementor-element-populated\">\n\t\t\t\t\t\t\t\t<div class=\"elementor-element elementor-element-e71d038 elementor-widget elementor-widget-heading\" data-id=\"e71d038\" data-element_type=\"widget\" data-widget_type=\"heading.default\">\n\t\t\t\t<div class=\"elementor-widget-container\">\n\t\t\t<h3 class=\"elementor-heading-title elementor-size-medium\">A qui s\u2019adresse le permis v\u00e9lo ?<\/h3>\t\t<\/div>\n\t\t\t\t<\/div>\n\t\t\t\t<div class=\"elementor-element elementor-element-84592db elementor-widget elementor-widget-text-editor\" data-id=\"84592db\" data-element_type=\"widget\" data-widget_type=\"text-editor.default\">\n\t\t\t\t<div class=\"elementor-widget-container\">\n\t\t\t\t\t\t\t\t<p>Le <strong>permis cycliste<\/strong> s\u2019adresse aux enfants en classe de primaire de 6 \u00e0 11 ans, du CP au CM2. Cette formation d\u2019une dur\u00e9e de dix heures a \u00e9t\u00e9 mise en place dans le cadre de l\u2019op\u00e9ration \u00ab\u00a0Ensemble \u00e0 v\u00e9lo, plus de v\u00e9lo, moins de CO2\u00a0\u00bb. Selon Emmanuel Barbe, d\u00e9l\u00e9gu\u00e9 interminist\u00e9riel \u00e0 la S\u00e9curit\u00e9 Routi\u00e8re,\u00a0\u00ab <em>Faire de la bicyclette est une comp\u00e9tence que doit avoir un enfant qui sort du primaire, car le gouvernement a l\u2019intention de d\u00e9velopper le v\u00e9lo dans notre pays <\/em>\u00bb. Plus d\u2019un million d\u2019enfants ont d\u00e9j\u00e0 \u00e9t\u00e9 form\u00e9s aux r\u00e8gles de conduites \u00e0 v\u00e9lo depuis le lancement du <strong>permis v\u00e9lo<\/strong>.<\/p>\t\t\t\t\t\t<\/div>\n\t\t\t\t<\/div>\n\t\t\t\t\t<\/div>\n\t\t<\/div>\n\t\t\t\t\t\t\t<\/div>\n\t\t<\/section>\n\t\t\t\t<section class=\"elementor-section elementor-top-section elementor-element elementor-element-0e91335 elementor-section-boxed elementor-section-height-default elementor-section-height-default\" data-id=\"0e91335\" data-element_type=\"section\">\n\t\t\t\t\t\t<div class=\"elementor-container elementor-column-gap-default\">\n\t\t\t\t\t<div class=\"elementor-column elementor-col-100 elementor-top-column elementor-element elementor-element-d765ff3\" data-id=\"d765ff3\" data-element_type=\"column\">\n\t\t\t<div class=\"elementor-widget-wrap elementor-element-populated\">\n\t\t\t\t\t\t\t\t<div class=\"elementor-element elementor-element-a090fcf elementor-widget elementor-widget-heading\" data-id=\"a090fcf\" data-element_type=\"widget\" data-widget_type=\"heading.default\">\n\t\t\t\t<div class=\"elementor-widget-container\">\n\t\t\t<h3 class=\"elementor-heading-title elementor-size-medium\">Qu\u2019est-ce que le permis cycliste et quels sont ses objectifs ?<\/h3>\t\t<\/div>\n\t\t\t\t<\/div>\n\t\t\t\t\t<\/div>\n\t\t<\/div>\n\t\t\t\t\t\t\t<\/div>\n\t\t<\/section>\n\t\t\t\t<section class=\"elementor-section elementor-top-section elementor-element elementor-element-07bf463 elementor-section-boxed elementor-section-height-default elementor-section-height-default\" data-id=\"07bf463\" data-element_type=\"section\">\n\t\t\t\t\t\t<div class=\"elementor-container elementor-column-gap-default\">\n\t\t\t\t\t<div class=\"elementor-column elementor-col-50 elementor-top-column elementor-element elementor-element-8b02833\" data-id=\"8b02833\" data-element_type=\"column\">\n\t\t\t<div class=\"elementor-widget-wrap elementor-element-populated\">\n\t\t\t\t\t\t\t\t<div class=\"elementor-element elementor-element-07bcf8a elementor-widget elementor-widget-text-editor\" data-id=\"07bcf8a\" data-element_type=\"widget\" data-widget_type=\"text-editor.default\">\n\t\t\t\t<div class=\"elementor-widget-container\">\n\t\t\t\t\t\t\t\t<p>Lanc\u00e9 par l\u2019association Pr\u00e9vention MAIF en 2008, le permis v\u00e9lo\u00a0est un outil p\u00e9dagogique mis \u00e0 la disposition des enseignants par les b\u00e9n\u00e9voles de cette derni\u00e8re. Le <strong>permis v\u00e9lo<\/strong> se pr\u00e9sente sous la forme d\u2019un kit p\u00e9dagogique adapt\u00e9 \u00e0 une classe de 30 \u00e9l\u00e8ves, destin\u00e9 \u00e0 leur apprendre les r\u00e8gles de base de la conduite \u00e0 v\u00e9lo, et ce avant l\u2019entr\u00e9e au coll\u00e8ge. Ces derniers d\u00e9couvriront alors les panneaux de signalisation ainsi que le partage de la chauss\u00e9e. Selon Olivier Schneider, pr\u00e9sident de la F\u00e9d\u00e9ration des Usagers de la Bicyclette (FUB), l\u2019objectif serait de faire entrer ce savoir dans leur programme \u00e9ducatif, de mani\u00e8re \u00e0 ce qu\u2019il soit obligatoire, au m\u00eame titre que lire et \u00e9crire.<\/p>\t\t\t\t\t\t<\/div>\n\t\t\t\t<\/div>\n\t\t\t\t\t<\/div>\n\t\t<\/div>\n\t\t\t\t<div class=\"elementor-column elementor-col-50 elementor-top-column elementor-element elementor-element-6b3057c\" data-id=\"6b3057c\" data-element_type=\"column\">\n\t\t\t<div class=\"elementor-widget-wrap elementor-element-populated\">\n\t\t\t\t\t\t\t\t<div class=\"elementor-element elementor-element-7dd0b0a elementor-widget elementor-widget-image\" data-id=\"7dd0b0a\" data-element_type=\"widget\" data-widget_type=\"image.default\">\n\t\t\t\t<div class=\"elementor-widget-container\">\n\t\t\t\t\t\t\t\t\t\t\t\t\t\t\t<img src=\"https:\/\/www.drivecase.fr\/conseils-prevention\/wp-content\/uploads\/elementor\/thumbs\/apprentissage-du-velo-scaled-pqz9mhe5lh92ca7s7kx3kpm5vz74jn9i98r9fhx020.jpeg\" title=\"Education-routi\u00e8re-jeunes-enfants-pr\u00e9vention-apprentissage-v\u00e9lo\" alt=\"permis v\u00e9lo\" \/>\t\t\t\t\t\t\t\t\t\t\t\t\t\t\t<\/div>\n\t\t\t\t<\/div>\n\t\t\t\t\t<\/div>\n\t\t<\/div>\n\t\t\t\t\t\t\t<\/div>\n\t\t<\/section>\n\t\t\t\t<section class=\"elementor-section elementor-top-section elementor-element elementor-element-e815619 elementor-section-boxed elementor-section-height-default elementor-section-height-default\" data-id=\"e815619\" data-element_type=\"section\">\n\t\t\t\t\t\t<div class=\"elementor-container elementor-column-gap-default\">\n\t\t\t\t\t<div class=\"elementor-column elementor-col-100 elementor-top-column elementor-element elementor-element-42688e9\" data-id=\"42688e9\" data-element_type=\"column\">\n\t\t\t<div class=\"elementor-widget-wrap elementor-element-populated\">\n\t\t\t\t\t\t\t\t<div class=\"elementor-element elementor-element-e84b7a4 elementor-widget elementor-widget-text-editor\" data-id=\"e84b7a4\" data-element_type=\"widget\" data-widget_type=\"text-editor.default\">\n\t\t\t\t<div class=\"elementor-widget-container\">\n\t\t\t\t\t\t\t\t<p>Le programme du <strong>permis cycliste<\/strong> comprend trois \u00e9tapes\u00a0:<\/p><p>\u00ab\u00a0Savoir p\u00e9daler\u00a0\u00bb\u00a0: ma\u00eetriser les \u00e9l\u00e9ments fondamentaux du v\u00e9lo, en apprenant tout d\u2019abord \u00e0 bien p\u00e9daler, ma\u00eetriser l\u2019\u00e9quilibre, la propulsion et le pilotage.<\/p><p>\u00ab\u00a0Savoir circuler\u00a0\u00bb\u00a0: d\u00e9couvrir la mobilit\u00e9 \u00e0 v\u00e9lo dans un environnement s\u00e9curis\u00e9.<\/p><p>\u00ab\u00a0Savoir rouler \u00e0 v\u00e9lo\u00a0\u00bb\u00a0: circuler de fa\u00e7on autonome sur la voie publique entour\u00e9s d\u2019autres usagers de la route.<\/p><p>La formation du permis v\u00e9lo a \u00e9galement pour but d\u2019\u00e9duquer les plus jeunes sur plusieurs points qui s\u2019av\u00e8rent essentiels\u00a0:<\/p><ul><li>Tout d\u2019abord, il est n\u00e9cessaire de faire prendre conscience aux enfants que les d\u00e9placements de chacun ont une incidence sur l\u2019environnement, et qu\u2019il est donc important de choisir le mode de transport le plus adapt\u00e9 \u00e0 son trajet. Emprunter quotidiennement un mode de transport doux comme le <strong>v\u00e9lo<\/strong> pour de courtes distances permet de r\u00e9duire consid\u00e9rablement son impact environnemental sur le long terme.<\/li><li>Il est \u00e9galement important de faire comprendre aux enfants que le v\u00e9lo est un v\u00e9hicule comme un autre, et que lors de ses d\u00e9placements, il faut imp\u00e9rativement respecter le code de la route, tout comme les autres usagers. Adopter un comportement responsable \u00e0 v\u00e9lo en \u00e9tant particuli\u00e8rement attentif aux plus fragiles, notamment les pi\u00e9tons en fait partie.<\/li><li>De la m\u00eame mani\u00e8re, pour garantir sa propre s\u00e9curit\u00e9 et celle des autres, il est indispensable que chaque v\u00e9lo poss\u00e8de tous les \u00e9quipements r\u00e9glementaires, et que celui-ci soit entretenu r\u00e9guli\u00e8rement.<\/li><li>Le <strong>permis v\u00e9lo<\/strong> sert \u00e9galement \u00e0 mettre en garde les plus jeunes sur les pi\u00e8ges et les comportements dangereux \u00e0 \u00e9viter\u00a0: le pi\u00e8ge mortel de l\u2019angle mort par exemple.<\/li><\/ul>\t\t\t\t\t\t<\/div>\n\t\t\t\t<\/div>\n\t\t\t\t<section class=\"elementor-section elementor-inner-section elementor-element elementor-element-a88748b elementor-section-height-min-height elementor-section-boxed elementor-section-height-default\" data-id=\"a88748b\" data-element_type=\"section\" data-settings=\"{&quot;background_background&quot;:&quot;gradient&quot;}\">\n\t\t\t\t\t\t\t<div class=\"elementor-background-overlay\"><\/div>\n\t\t\t\t\t\t\t<div class=\"elementor-container elementor-column-gap-default\">\n\t\t\t\t\t<div class=\"elementor-column elementor-col-50 elementor-inner-column elementor-element elementor-element-f051ff7\" data-id=\"f051ff7\" data-element_type=\"column\">\n\t\t\t<div class=\"elementor-widget-wrap elementor-element-populated\">\n\t\t\t\t\t\t\t\t<div class=\"elementor-element elementor-element-9ab80d8 elementor-widget elementor-widget-heading\" data-id=\"9ab80d8\" data-element_type=\"widget\" data-widget_type=\"heading.default\">\n\t\t\t\t<div class=\"elementor-widget-container\">\n\t\t\t<p class=\"elementor-heading-title elementor-size-default\">Casques pour v\u00e9lo personnalisables<\/p>\t\t<\/div>\n\t\t\t\t<\/div>\n\t\t\t\t<div class=\"elementor-element elementor-element-6de90a0 elementor-hidden-phone elementor-widget elementor-widget-text-editor\" data-id=\"6de90a0\" data-element_type=\"widget\" data-widget_type=\"text-editor.default\">\n\t\t\t\t<div class=\"elementor-widget-container\">\n\t\t\t\t\t\t\t\t<p>Drivecase vous propose une large gamme de casques pour v\u00e9lo personnalisables et indispensables pour la s\u00e9curit\u00e9 des cyclistes.\u00a0<\/p>\t\t\t\t\t\t<\/div>\n\t\t\t\t<\/div>\n\t\t\t\t\t<\/div>\n\t\t<\/div>\n\t\t\t\t<div class=\"elementor-column elementor-col-50 elementor-inner-column elementor-element elementor-element-b468c88\" data-id=\"b468c88\" data-element_type=\"column\">\n\t\t\t<div class=\"elementor-widget-wrap elementor-element-populated\">\n\t\t\t\t\t\t\t\t<div class=\"elementor-element elementor-element-5df0d70 elementor-align-center elementor-widget elementor-widget-button\" data-id=\"5df0d70\" data-element_type=\"widget\" data-widget_type=\"button.default\">\n\t\t\t\t<div class=\"elementor-widget-container\">\n\t\t\t\t\t<div class=\"elementor-button-wrapper\">\n\t\t\t<a href=\"https:\/\/www.drivecase.fr\/113-casques-velo-publicitaires\" class=\"elementor-button-link elementor-button elementor-size-sm elementor-animation-grow\" role=\"button\">\n\t\t\t\t\t\t<span class=\"elementor-button-content-wrapper\">\n\t\t\t\t\t\t<span class=\"elementor-button-icon elementor-align-icon-left\">\n\t\t\t\t<i aria-hidden=\"true\" class=\"fas fa-shopping-cart\"><\/i>\t\t\t<\/span>\n\t\t\t\t\t\t<span class=\"elementor-button-text\">Casques pour v\u00e9lo personnalisables<\/span>\n\t\t<\/span>\n\t\t\t\t\t<\/a>\n\t\t<\/div>\n\t\t\t\t<\/div>\n\t\t\t\t<\/div>\n\t\t\t\t\t<\/div>\n\t\t<\/div>\n\t\t\t\t\t\t\t<\/div>\n\t\t<\/section>\n\t\t\t\t\t<\/div>\n\t\t<\/div>\n\t\t\t\t\t\t\t<\/div>\n\t\t<\/section>\n\t\t\t\t<section class=\"elementor-section elementor-top-section elementor-element elementor-element-6c4bd83 elementor-section-boxed elementor-section-height-default elementor-section-height-default\" data-id=\"6c4bd83\" data-element_type=\"section\">\n\t\t\t\t\t\t<div class=\"elementor-container elementor-column-gap-default\">\n\t\t\t\t\t<div class=\"elementor-column elementor-col-100 elementor-top-column elementor-element elementor-element-a7feb58\" data-id=\"a7feb58\" data-element_type=\"column\">\n\t\t\t<div class=\"elementor-widget-wrap elementor-element-populated\">\n\t\t\t\t\t\t\t\t<div class=\"elementor-element elementor-element-5f62e2a elementor-widget elementor-widget-text-editor\" data-id=\"5f62e2a\" data-element_type=\"widget\" data-widget_type=\"text-editor.default\">\n\t\t\t\t<div class=\"elementor-widget-container\">\n\t\t\t\t\t\t\t\t<p>L\u2019essentiel lors de cette formation est de faire comprendre aux enfants que les seules protections dont ils disposent sont leurs yeux pour tout voir, leurs oreilles pour tout entendre, leur cerveau pour tout comprendre, et leur casque en cas d\u2019accidents. Nous reviendrons plus loin dans cet article sur les <strong>\u00e9quipements obligatoires \u00e0 v\u00e9lo<\/strong> comme les <a href=\"https:\/\/www.drivecase.fr\/conseils-prevention\/securite-velo\/eclairage-velo\/\">\u00e9clairages pour v\u00e9lo<\/a>, un avertisseur sonore\u2026etc.<\/p><p>La formation du permis v\u00e9lo est actuellement facultative mais le minist\u00e8re de l\u2019Int\u00e9rieur souhaite la rendre obligatoire en 2022. Cette initiative s\u2019inscrit dans l\u2019objectif vis\u00e9 par le gouvernement \u00e0 horizon 2024, qui consiste \u00e0 multiplier par trois l\u2019usage du v\u00e9lo et atteindre les 9% de d\u00e9placements en deux roues sur le territoire fran\u00e7ais.<\/p><p>A l\u2019issue de cette formation un petit examen permettra aux \u00e9l\u00e8ves de passer et de se voir remettre ou non leur <strong>permis cycliste<\/strong>. Leur remise sera accompagn\u00e9e pour chaque enfant d\u2019un gilet de haute visibilit\u00e9, pour marquer son engagement \u00e0 respecter tout au long de sa vie les r\u00e8gles de bonne conduite \u00e0 v\u00e9lo.<\/p>\t\t\t\t\t\t<\/div>\n\t\t\t\t<\/div>\n\t\t\t\t<div class=\"elementor-element elementor-element-ec1d4c3 elementor-widget elementor-widget-heading\" data-id=\"ec1d4c3\" data-element_type=\"widget\" data-widget_type=\"heading.default\">\n\t\t\t\t<div class=\"elementor-widget-container\">\n\t\t\t<h3 class=\"elementor-heading-title elementor-size-medium\">Programme gouvernemental savoir rouler \u00e0 v\u00e9lo<\/h3>\t\t<\/div>\n\t\t\t\t<\/div>\n\t\t\t\t<div class=\"elementor-element elementor-element-74a90ca elementor-widget elementor-widget-text-editor\" data-id=\"74a90ca\" data-element_type=\"widget\" data-widget_type=\"text-editor.default\">\n\t\t\t\t<div class=\"elementor-widget-container\">\n\t\t\t\t\t\t\t\t<p>Plus r&eacute;cemment, en 2019, a &eacute;t&eacute; lanc&eacute; un programme visant les m&ecirc;mes objectifs que le permis v&eacute;lo, le programme <a href=\"https:\/\/www.drivecase.fr\/337-kit-savoir-rouler-a-velo\">savoir rouler &agrave; v&eacute;lo<\/a>. Celui-ci s&rsquo;inscrit dans une initiative gouvernementale et vise &agrave; apprendre aux enfants &agrave; p&eacute;daler et &agrave; circuler &agrave; v&eacute;lo. Le but est d&rsquo;encourager les enfants d&egrave;s le plus jeune &acirc;ge &agrave; adopter un mode de transport &eacute;cologique. Pour cela, les enseignants et autres acteurs de l&rsquo;&eacute;ducation mettront en place un parcours pour les enfants qui leur permettra d&rsquo;apprendre le v&eacute;lo de fa&ccedil;on s&eacute;curitaire. <\/p>\t\t\t\t\t\t<\/div>\n\t\t\t\t<\/div>\n\t\t\t\t\t<\/div>\n\t\t<\/div>\n\t\t\t\t\t\t\t<\/div>\n\t\t<\/section>\n\t\t\t\t<section class=\"elementor-section elementor-top-section elementor-element elementor-element-8016032 elementor-section-boxed elementor-section-height-default elementor-section-height-default\" data-id=\"8016032\" data-element_type=\"section\">\n\t\t\t\t\t\t<div class=\"elementor-container elementor-column-gap-default\">\n\t\t\t\t\t<div class=\"elementor-column elementor-col-100 elementor-top-column elementor-element elementor-element-56894e7\" data-id=\"56894e7\" data-element_type=\"column\">\n\t\t\t<div class=\"elementor-widget-wrap elementor-element-populated\">\n\t\t\t\t\t\t\t\t<div class=\"elementor-element elementor-element-3e3e6bd elementor-widget elementor-widget-heading\" data-id=\"3e3e6bd\" data-element_type=\"widget\" data-widget_type=\"heading.default\">\n\t\t\t\t<div class=\"elementor-widget-container\">\n\t\t\t<h3 class=\"elementor-heading-title elementor-size-default\">Quelles sont les r\u00e8gles de circulation \u00e0 respecter \u00e0 v\u00e9lo ?<\/h3>\t\t<\/div>\n\t\t\t\t<\/div>\n\t\t\t\t\t<\/div>\n\t\t<\/div>\n\t\t\t\t\t\t\t<\/div>\n\t\t<\/section>\n\t\t\t\t<section class=\"elementor-section elementor-top-section elementor-element elementor-element-6546b0e elementor-section-boxed elementor-section-height-default elementor-section-height-default\" data-id=\"6546b0e\" data-element_type=\"section\">\n\t\t\t\t\t\t<div class=\"elementor-container elementor-column-gap-default\">\n\t\t\t\t\t<div class=\"elementor-column elementor-col-100 elementor-top-column elementor-element elementor-element-26ef98e\" data-id=\"26ef98e\" data-element_type=\"column\">\n\t\t\t<div class=\"elementor-widget-wrap elementor-element-populated\">\n\t\t\t\t\t\t\t\t<div class=\"elementor-element elementor-element-32d132e elementor-widget elementor-widget-text-editor\" data-id=\"32d132e\" data-element_type=\"widget\" data-widget_type=\"text-editor.default\">\n\t\t\t\t<div class=\"elementor-widget-container\">\n\t\t\t\t\t\t\t\t<p>Comme \u00e9nonc\u00e9 pr\u00e9c\u00e9demment, le <strong>v\u00e9lo<\/strong> est un moyen de d\u00e9placement comme un autre, il y a donc des r\u00e8gles \u00e0 respecter pour garantir sa propre s\u00e9curit\u00e9 et celles des autres usagers de la route. Pour cela, il est indispensable que chaque cycliste dispose d\u2019un v\u00e9lo en bon \u00e9tat et bien \u00e9quip\u00e9, tout en appliquant les r\u00e8gles de d\u00e9placement, en ville et hors agglom\u00e9ration, de jour comme de nuit.<\/p>\t\t\t\t\t\t<\/div>\n\t\t\t\t<\/div>\n\t\t\t\t<div class=\"elementor-element elementor-element-01190f5 elementor-widget elementor-widget-image\" data-id=\"01190f5\" data-element_type=\"widget\" data-widget_type=\"image.default\">\n\t\t\t\t<div class=\"elementor-widget-container\">\n\t\t\t\t\t\t\t\t\t\t\t\t\t\t\t<img src=\"https:\/\/www.drivecase.fr\/conseils-prevention\/wp-content\/uploads\/elementor\/thumbs\/apprentissage-velo-1-pqzf6unmg3jh7v6476w435dgivlvcwpnsz3e8wttoo.jpg\" title=\"apprentissage v\u00e9lo\" alt=\"Permis v\u00e9lo\" \/>\t\t\t\t\t\t\t\t\t\t\t\t\t\t\t<\/div>\n\t\t\t\t<\/div>\n\t\t\t\t\t<\/div>\n\t\t<\/div>\n\t\t\t\t\t\t\t<\/div>\n\t\t<\/section>\n\t\t\t\t<section class=\"elementor-section elementor-top-section elementor-element elementor-element-58d608e elementor-section-boxed elementor-section-height-default elementor-section-height-default\" data-id=\"58d608e\" data-element_type=\"section\">\n\t\t\t\t\t\t<div class=\"elementor-container elementor-column-gap-default\">\n\t\t\t\t\t<div class=\"elementor-column elementor-col-100 elementor-top-column elementor-element elementor-element-d7ba101\" data-id=\"d7ba101\" data-element_type=\"column\">\n\t\t\t<div class=\"elementor-widget-wrap\">\n\t\t\t\t\t\t\t\t\t<\/div>\n\t\t<\/div>\n\t\t\t\t\t\t\t<\/div>\n\t\t<\/section>\n\t\t\t\t<section class=\"elementor-section elementor-top-section elementor-element elementor-element-6581047 elementor-section-boxed elementor-section-height-default elementor-section-height-default\" data-id=\"6581047\" data-element_type=\"section\">\n\t\t\t\t\t\t<div class=\"elementor-container elementor-column-gap-default\">\n\t\t\t\t\t<div class=\"elementor-column elementor-col-100 elementor-top-column elementor-element elementor-element-bf90ca1\" data-id=\"bf90ca1\" data-element_type=\"column\">\n\t\t\t<div class=\"elementor-widget-wrap elementor-element-populated\">\n\t\t\t\t\t\t\t\t<div class=\"elementor-element elementor-element-527eff1 elementor-widget elementor-widget-heading\" data-id=\"527eff1\" data-element_type=\"widget\" data-widget_type=\"heading.default\">\n\t\t\t\t<div class=\"elementor-widget-container\">\n\t\t\t<h3 class=\"elementor-heading-title elementor-size-medium\">Rouler \u00e0 v\u00e9lo en ville et hors agglom\u00e9ration<\/h3>\t\t<\/div>\n\t\t\t\t<\/div>\n\t\t\t\t\t<\/div>\n\t\t<\/div>\n\t\t\t\t\t\t\t<\/div>\n\t\t<\/section>\n\t\t\t\t<section class=\"elementor-section elementor-top-section elementor-element elementor-element-d67681e elementor-section-boxed elementor-section-height-default elementor-section-height-default\" data-id=\"d67681e\" data-element_type=\"section\">\n\t\t\t\t\t\t<div class=\"elementor-container elementor-column-gap-default\">\n\t\t\t\t\t<div class=\"elementor-column elementor-col-100 elementor-top-column elementor-element elementor-element-dd128e4\" data-id=\"dd128e4\" data-element_type=\"column\">\n\t\t\t<div class=\"elementor-widget-wrap elementor-element-populated\">\n\t\t\t\t\t\t\t\t<div class=\"elementor-element elementor-element-23f4905 elementor-widget elementor-widget-text-editor\" data-id=\"23f4905\" data-element_type=\"widget\" data-widget_type=\"text-editor.default\">\n\t\t\t\t<div class=\"elementor-widget-container\">\n\t\t\t\t\t\t\t\t<p>En ville, il est \u00e0 pr\u00e9sent obligatoire pour les cyclistes d\u2019emprunter les bandes ou pistes cyclables qui leur sont d\u00e9di\u00e9es pour leur s\u00e9curit\u00e9 et celles des autres usagers. Il est interdit de circuler \u00e0 v\u00e9lo sur les trottoirs\u00a0: seuls les enfants de moins de huit ans y sont autoris\u00e9s, \u00e0 condition de rouler \u00e0 une allure raisonnable et de ne pas d\u00e9ranger les pi\u00e9tons.<\/p><p>En agglom\u00e9ration, il est \u00e9galement important d\u2019adapter son allure aux situations\u00a0: dans les zones de rencontre, les pi\u00e9tons sont prioritaires et la vitesse est limit\u00e9e \u00e0 20km\/h. De la m\u00eame fa\u00e7on, en aire pi\u00e9tonne les cyclistes doivent rouler au pas.<\/p><p>Hors agglom\u00e9ration, il faut redoubler de vigilance, puisque le risque de croiser des voitures ou des poids lourds roulant \u00e0 grande vitesse est plus fr\u00e9quent qu\u2019au sein des agglom\u00e9rations. Ainsi, les cyclistes doivent prendre garde \u00e0 ne pas circuler trop pr\u00e8s de l\u2019accotement pour \u00e9viter les orni\u00e8res ou gravillons, rouler en file indienne en cas de d\u00e9placement en groupe, et scinder le groupe en deux si celui-ci compte plus de dix personnes.<\/p><p>Enfin, quelques r\u00e8gles communes, quel que soit le lieu de d\u00e9placement\u00a0: il est interdit de porter \u00e0 l\u2019oreille tout dispositif \u00e9metteur de son\u00a0(\u00e9couteurs, casque ou oreillettes) ou de tenir son t\u00e9l\u00e9phone en main. Rouler apr\u00e8s avoir bu de l\u2019alcool n\u2019est pas autoris\u00e9 et m\u00eame interdit et passible d\u2019une amende au-del\u00e0 de 0,2 mg\/l d\u2019air expir\u00e9.<\/p>\t\t\t\t\t\t<\/div>\n\t\t\t\t<\/div>\n\t\t\t\t\t<\/div>\n\t\t<\/div>\n\t\t\t\t\t\t\t<\/div>\n\t\t<\/section>\n\t\t\t\t<section class=\"elementor-section elementor-top-section elementor-element elementor-element-51f64c8 elementor-section-boxed elementor-section-height-default elementor-section-height-default\" data-id=\"51f64c8\" data-element_type=\"section\">\n\t\t\t\t\t\t<div class=\"elementor-container elementor-column-gap-default\">\n\t\t\t\t\t<div class=\"elementor-column elementor-col-100 elementor-top-column elementor-element elementor-element-ef490e9\" data-id=\"ef490e9\" data-element_type=\"column\">\n\t\t\t<div class=\"elementor-widget-wrap elementor-element-populated\">\n\t\t\t\t\t\t\t\t<div class=\"elementor-element elementor-element-33d7c51 elementor-widget elementor-widget-heading\" data-id=\"33d7c51\" data-element_type=\"widget\" data-widget_type=\"heading.default\">\n\t\t\t\t<div class=\"elementor-widget-container\">\n\t\t\t<h3 class=\"elementor-heading-title elementor-size-medium\">Les sanctions en cas de non-respect des r\u00e8gles de circulation<\/h3>\t\t<\/div>\n\t\t\t\t<\/div>\n\t\t\t\t\t<\/div>\n\t\t<\/div>\n\t\t\t\t\t\t\t<\/div>\n\t\t<\/section>\n\t\t\t\t<section class=\"elementor-section elementor-top-section elementor-element elementor-element-66ab66d elementor-section-boxed elementor-section-height-default elementor-section-height-default\" data-id=\"66ab66d\" data-element_type=\"section\">\n\t\t\t\t\t\t<div class=\"elementor-container elementor-column-gap-default\">\n\t\t\t\t\t<div class=\"elementor-column elementor-col-100 elementor-top-column elementor-element elementor-element-5a5bfe3\" data-id=\"5a5bfe3\" data-element_type=\"column\">\n\t\t\t<div class=\"elementor-widget-wrap elementor-element-populated\">\n\t\t\t\t\t\t\t\t<div class=\"elementor-element elementor-element-96dfd15 elementor-widget elementor-widget-text-editor\" data-id=\"96dfd15\" data-element_type=\"widget\" data-widget_type=\"text-editor.default\">\n\t\t\t\t<div class=\"elementor-widget-container\">\n\t\t\t\t\t\t\t\t<p>Les cyclistes s\u2019exposent \u00e0 plusieurs sanctions en cas d\u2019infraction au code de la route. En voici quelques-unes\u00a0:<\/p><ul><li>Un \u00e9clairage d\u00e9fectueux\u00a0est passible de 11\u20ac d\u2019amende.<\/li><li>Changer de direction sans avertir les autres usagers, transporter un passager sur son v\u00e9lo (sans fixer de si\u00e8ge au v\u00e9hicule), circuler \u00e0 plus de 2 de front sur la chauss\u00e9e, ne pas s\u2019arr\u00eater au feu orange\u00a0: 35\u20ac d\u2019amende.<\/li><\/ul><p>&#8211; Circuler sur le trottoir en ville, tenir son t\u00e9l\u00e9phone en main, porter des \u00e9couteurs, rouler en sens interdit, ne pas s\u2019arr\u00eater au feu rouge ou \u00e0 un stop, remonter les files du c\u00f4t\u00e9 droit, circuler apr\u00e8s avoir consomm\u00e9 de l\u2019alcool (entre 0,2 et 0,4 mg\/l d\u2019air expir\u00e9), le non-respect de la priorit\u00e9 \u00e0 l\u2019\u00e9gard des pi\u00e9tons\u00a0: toutes ces infractions sont passibles d\u2019une amende de 135\u20ac.<\/p><p>Lorsque l\u2019on circule \u00e0 v\u00e9lo, il est \u00e9galement important de conna\u00eetre les panneaux de signalisation destin\u00e9s aux cyclistes, ce que les enfants pourront apprendre d\u00e8s l\u2019\u00e9cole primaire gr\u00e2ce au <strong>permis v\u00e9lo<\/strong>.<\/p>\t\t\t\t\t\t<\/div>\n\t\t\t\t<\/div>\n\t\t\t\t<section class=\"elementor-section elementor-inner-section elementor-element elementor-element-5e218c4a elementor-section-height-min-height elementor-section-boxed elementor-section-height-default\" data-id=\"5e218c4a\" data-element_type=\"section\" data-settings=\"{&quot;background_background&quot;:&quot;gradient&quot;}\">\n\t\t\t\t\t\t\t<div class=\"elementor-background-overlay\"><\/div>\n\t\t\t\t\t\t\t<div class=\"elementor-container elementor-column-gap-default\">\n\t\t\t\t\t<div class=\"elementor-column elementor-col-50 elementor-inner-column elementor-element elementor-element-44081c22\" data-id=\"44081c22\" data-element_type=\"column\">\n\t\t\t<div class=\"elementor-widget-wrap elementor-element-populated\">\n\t\t\t\t\t\t\t\t<div class=\"elementor-element elementor-element-52ca90a8 elementor-widget elementor-widget-heading\" data-id=\"52ca90a8\" data-element_type=\"widget\" data-widget_type=\"heading.default\">\n\t\t\t\t<div class=\"elementor-widget-container\">\n\t\t\t<p class=\"elementor-heading-title elementor-size-default\">R\u00e9flecteurs de rayons & catadioptres<\/p>\t\t<\/div>\n\t\t\t\t<\/div>\n\t\t\t\t<div class=\"elementor-element elementor-element-173124da elementor-hidden-phone elementor-widget elementor-widget-text-editor\" data-id=\"173124da\" data-element_type=\"widget\" data-widget_type=\"text-editor.default\">\n\t\t\t\t<div class=\"elementor-widget-container\">\n\t\t\t\t\t\t\t\t<p>Venez d\u00e9couvrir nos r\u00e9flecteurs de rayons et nos catadioptres pour v\u00e9lo. Ces accessoires de s\u00e9curit\u00e9 routi\u00e8re obligatoires permettent d\u2019augmenter la s\u00e9curit\u00e9 des cyclistes.<\/p>\t\t\t\t\t\t<\/div>\n\t\t\t\t<\/div>\n\t\t\t\t\t<\/div>\n\t\t<\/div>\n\t\t\t\t<div class=\"elementor-column elementor-col-50 elementor-inner-column elementor-element elementor-element-11b635f\" data-id=\"11b635f\" data-element_type=\"column\">\n\t\t\t<div class=\"elementor-widget-wrap elementor-element-populated\">\n\t\t\t\t\t\t\t\t<div class=\"elementor-element elementor-element-12f0ff41 elementor-align-center elementor-widget elementor-widget-button\" data-id=\"12f0ff41\" data-element_type=\"widget\" data-widget_type=\"button.default\">\n\t\t\t\t<div class=\"elementor-widget-container\">\n\t\t\t\t\t<div class=\"elementor-button-wrapper\">\n\t\t\t<a href=\"https:\/\/www.drivecase.fr\/214-reflecteurs-de-rayon-catadioptre\" class=\"elementor-button-link elementor-button elementor-size-sm elementor-animation-grow\" role=\"button\">\n\t\t\t\t\t\t<span class=\"elementor-button-content-wrapper\">\n\t\t\t\t\t\t<span class=\"elementor-button-icon elementor-align-icon-left\">\n\t\t\t\t<i aria-hidden=\"true\" class=\"fas fa-shopping-cart\"><\/i>\t\t\t<\/span>\n\t\t\t\t\t\t<span class=\"elementor-button-text\">R\u00e9fecteurs de rayons & catadioptres<\/span>\n\t\t<\/span>\n\t\t\t\t\t<\/a>\n\t\t<\/div>\n\t\t\t\t<\/div>\n\t\t\t\t<\/div>\n\t\t\t\t\t<\/div>\n\t\t<\/div>\n\t\t\t\t\t\t\t<\/div>\n\t\t<\/section>\n\t\t\t\t\t<\/div>\n\t\t<\/div>\n\t\t\t\t\t\t\t<\/div>\n\t\t<\/section>\n\t\t\t\t<section class=\"elementor-section elementor-top-section elementor-element elementor-element-d8f7064 elementor-section-boxed elementor-section-height-default elementor-section-height-default\" data-id=\"d8f7064\" data-element_type=\"section\">\n\t\t\t\t\t\t<div class=\"elementor-container elementor-column-gap-default\">\n\t\t\t\t\t<div class=\"elementor-column elementor-col-100 elementor-top-column elementor-element elementor-element-d6a13de\" data-id=\"d6a13de\" data-element_type=\"column\">\n\t\t\t<div class=\"elementor-widget-wrap elementor-element-populated\">\n\t\t\t\t\t\t\t\t<div class=\"elementor-element elementor-element-fffa53e elementor-widget elementor-widget-heading\" data-id=\"fffa53e\" data-element_type=\"widget\" data-widget_type=\"heading.default\">\n\t\t\t\t<div class=\"elementor-widget-container\">\n\t\t\t<h3 class=\"elementor-heading-title elementor-size-default\">Quels \u00e9quipements sont obligatoires \u00e0 v\u00e9lo ?<\/h3>\t\t<\/div>\n\t\t\t\t<\/div>\n\t\t\t\t\t<\/div>\n\t\t<\/div>\n\t\t\t\t\t\t\t<\/div>\n\t\t<\/section>\n\t\t\t\t<section class=\"elementor-section elementor-top-section elementor-element elementor-element-a93832f elementor-section-boxed elementor-section-height-default elementor-section-height-default\" data-id=\"a93832f\" data-element_type=\"section\">\n\t\t\t\t\t\t<div class=\"elementor-container elementor-column-gap-default\">\n\t\t\t\t\t<div class=\"elementor-column elementor-col-100 elementor-top-column elementor-element elementor-element-def4fd2\" data-id=\"def4fd2\" data-element_type=\"column\">\n\t\t\t<div class=\"elementor-widget-wrap elementor-element-populated\">\n\t\t\t\t\t\t\t\t<div class=\"elementor-element elementor-element-0401dce elementor-widget elementor-widget-text-editor\" data-id=\"0401dce\" data-element_type=\"widget\" data-widget_type=\"text-editor.default\">\n\t\t\t\t<div class=\"elementor-widget-container\">\n\t\t\t\t\t\t\t\t<p>Selon l\u2019Observatoire National Interminist\u00e9riel de la S\u00e9curit\u00e9 Routi\u00e8re (ONISR), pour un cycliste, le risque d\u2019\u00eatre victime d\u2019un accident est trois fois plus important que pour un automobiliste. De m\u00eame, le risque d\u2019\u00eatre gravement bless\u00e9 est seize fois plus \u00e9lev\u00e9, et les blessures les plus graves touchent la t\u00eate. Il est donc important lors du <strong>permis v\u00e9lo<\/strong>, de pr\u00e9venir les plus jeunes des <a href=\"https:\/\/www.interieur.gouv.fr\/actualites\/actu-du-ministere\/lequipement-obligatoire-lorsque-lon-circule-a-velo\">\u00e9quipements obligatoires<\/a> lors de leurs d\u00e9placements \u00e0 v\u00e9lo.<\/p>\t\t\t\t\t\t<\/div>\n\t\t\t\t<\/div>\n\t\t\t\t\t<\/div>\n\t\t<\/div>\n\t\t\t\t\t\t\t<\/div>\n\t\t<\/section>\n\t\t\t\t<section class=\"elementor-section elementor-top-section elementor-element elementor-element-55804d4 elementor-section-boxed elementor-section-height-default elementor-section-height-default\" data-id=\"55804d4\" data-element_type=\"section\">\n\t\t\t\t\t\t<div class=\"elementor-container elementor-column-gap-default\">\n\t\t\t\t\t<div class=\"elementor-column elementor-col-100 elementor-top-column elementor-element elementor-element-37f7235\" data-id=\"37f7235\" data-element_type=\"column\">\n\t\t\t<div class=\"elementor-widget-wrap elementor-element-populated\">\n\t\t\t\t\t\t\t\t<div class=\"elementor-element elementor-element-1f834c3 elementor-widget elementor-widget-heading\" data-id=\"1f834c3\" data-element_type=\"widget\" data-widget_type=\"heading.default\">\n\t\t\t\t<div class=\"elementor-widget-container\">\n\t\t\t<h3 class=\"elementor-heading-title elementor-size-medium\">Se prot\u00e9ger \u00e0 v\u00e9lo<\/h3>\t\t<\/div>\n\t\t\t\t<\/div>\n\t\t\t\t<div class=\"elementor-element elementor-element-dfb1ed7 elementor-widget elementor-widget-text-editor\" data-id=\"dfb1ed7\" data-element_type=\"widget\" data-widget_type=\"text-editor.default\">\n\t\t\t\t<div class=\"elementor-widget-container\">\n\t\t\t\t\t\t\t\t<p>Pour une protection optimale lors de ses d\u00e9placements, opter pour un casque v\u00e9lo adapt\u00e9 est une \u00e9tape \u00e0 ne pas n\u00e9gliger. Pour cela, il est important de veiller \u00e0 ce qu\u2019il soit \u00e0 la bonne taille, qu\u2019il n\u2019alt\u00e8re pas la visibilit\u00e9 et qu\u2019il ne tombe pas en arri\u00e8re une fois attach\u00e9. Pour les conducteurs et passagers de moins de 12 ans, le casque v\u00e9lo est obligatoire. Rappelons que les blessures caus\u00e9es par un choc au niveau du cr\u00e2ne demeurent la premi\u00e8re cause de d\u00e9c\u00e8s chez les cyclistes.<\/p><p>Deux freins, un \u00e0 l\u2019avant et l\u2019autre \u00e0 l\u2019arri\u00e8re en bon \u00e9tat sont \u00e9galement obligatoires, de la m\u00eame mani\u00e8re qu\u2019un avertisseur sonore qui peut \u00eatre entendu \u00e0 50 m\u00e8tres au moins.<\/p>\t\t\t\t\t\t<\/div>\n\t\t\t\t<\/div>\n\t\t\t\t\t<\/div>\n\t\t<\/div>\n\t\t\t\t\t\t\t<\/div>\n\t\t<\/section>\n\t\t\t\t<section class=\"elementor-section elementor-top-section elementor-element elementor-element-7d1ede8d elementor-section-boxed elementor-section-height-default elementor-section-height-default\" data-id=\"7d1ede8d\" data-element_type=\"section\">\n\t\t\t\t\t\t<div class=\"elementor-container elementor-column-gap-default\">\n\t\t\t\t\t<div class=\"elementor-column elementor-col-100 elementor-top-column elementor-element elementor-element-6126e787\" data-id=\"6126e787\" data-element_type=\"column\">\n\t\t\t<div class=\"elementor-widget-wrap\">\n\t\t\t\t\t\t\t\t\t<\/div>\n\t\t<\/div>\n\t\t\t\t\t\t\t<\/div>\n\t\t<\/section>\n\t\t\t\t\t\t<\/div>\n\t\t\t\t\t<\/div>\n\t\t","protected":false},"excerpt":{"rendered":"<p>La mortalit\u00e9 des cyclistes n\u2019a jamais \u00e9t\u00e9 aussi \u00e9lev\u00e9e en France que lors des dix derni\u00e8res ann\u00e9es. En septembre 2020, 275 personnes sont d\u00e9c\u00e9d\u00e9es sur les routes, dont 37 cyclistes. Pour lutter contre ce ph\u00e9nom\u00e8ne inqui\u00e9tant et lutter contre les accidents de v\u00e9lo, il est n\u00e9cessaire de sensibiliser davantage \u00e0 la r\u00e9glementation sur les routes&hellip; <a class=\"more-link\" href=\"https:\/\/www.drivecase.fr\/conseils-prevention\/securite-velo\/permis-velo-comment-le-passer-quelles-obligations-a-velo\/\">Poursuivre la lecture <span class=\"screen-reader-text\">Permis v\u00e9lo : comment le passer ? Quelles obligations \u00e0 v\u00e9lo ?<\/span><\/a><\/p>\n","protected":false},"author":7,"featured_media":9612,"comment_status":"closed","ping_status":"open","sticky":false,"template":"","format":"standard","meta":[],"categories":[23],"tags":[20],"yoast_head":"<!-- This site is optimized with the Yoast SEO Premium plugin v17.4 (Yoast SEO v17.4) - https:\/\/yoast.com\/wordpress\/plugins\/seo\/ -->\n<title>Permis v\u00e9lo : comment le passer ? Quelles obligations \u00e0 v\u00e9lo ? | Conseils Drivecase<\/title>\n<meta name=\"description\" content=\"Permis v\u00e9lo, que dit la r\u00e9glementation ? Comment les enfants passent-ils leur permis v\u00e9lo ? Drivecase vous \u00e9claire sur ce sujet !\" \/>\n<meta name=\"robots\" content=\"index, follow, max-snippet:-1, max-image-preview:large, max-video-preview:-1\" \/>\n<link rel=\"canonical\" href=\"https:\/\/www.drivecase.fr\/conseils-prevention\/securite-velo\/permis-velo-comment-le-passer-quelles-obligations-a-velo\/\" \/>\n<meta property=\"og:locale\" content=\"fr_FR\" \/>\n<meta property=\"og:type\" content=\"article\" \/>\n<meta property=\"og:title\" content=\"Permis v\u00e9lo : comment le passer ? Quelles obligations \u00e0 v\u00e9lo ?\" \/>\n<meta property=\"og:description\" content=\"La mortalit\u00e9 des cyclistes n\u2019a jamais \u00e9t\u00e9 aussi \u00e9lev\u00e9e en France que lors des dix derni\u00e8res ann\u00e9es. En septembre 2020, 275 personnes sont d\u00e9c\u00e9d\u00e9es sur les\" \/>\n<meta property=\"og:url\" content=\"https:\/\/www.drivecase.fr\/conseils-prevention\/securite-velo\/permis-velo-comment-le-passer-quelles-obligations-a-velo\/\" \/>\n<meta property=\"og:site_name\" content=\"S\u00e9curit\u00e9 routi\u00e8re, EPI &amp; pr\u00e9vention sanitaire | Conseils pr\u00e9vention Drivecase\" \/>\n<meta property=\"article:publisher\" content=\"https:\/\/fr-fr.facebook.com\/drivecasefr\" \/>\n<meta property=\"article:published_time\" content=\"2022-06-28T10:23:04+00:00\" \/>\n<meta property=\"article:modified_time\" content=\"2025-03-17T09:55:30+00:00\" \/>\n<meta property=\"og:image\" content=\"https:\/\/www.drivecase.fr\/conseils-prevention\/wp-content\/uploads\/2022\/06\/apprentissage-velo-1.jpg\" \/>\n\t<meta property=\"og:image:width\" content=\"1050\" \/>\n\t<meta property=\"og:image:height\" content=\"700\" \/>\n<meta name=\"twitter:card\" content=\"summary_large_image\" \/>\n<meta name=\"twitter:creator\" content=\"@Drivecase\" \/>\n<meta name=\"twitter:site\" content=\"@Drivecase\" \/>\n<meta name=\"twitter:label1\" content=\"\u00c9crit par\" \/>\n\t<meta name=\"twitter:data1\" content=\"Edgard Singer\" \/>\n\t<meta name=\"twitter:label2\" content=\"Dur\u00e9e de lecture est.\" \/>\n\t<meta name=\"twitter:data2\" content=\"9 minutes\" \/>\n<script type=\"application\/ld+json\" class=\"yoast-schema-graph\">{\"@context\":\"https:\/\/schema.org\",\"@graph\":[{\"@type\":\"Organization\",\"@id\":\"https:\/\/www.drivecase.fr\/conseils-prevention\/#organization\",\"name\":\"Drivecase\",\"url\":\"https:\/\/www.drivecase.fr\/conseils-prevention\/\",\"sameAs\":[\"https:\/\/fr-fr.facebook.com\/drivecasefr\",\"https:\/\/fr.linkedin.com\/company\/drivecase\",\"https:\/\/www.youtube.com\/channel\/UCQ7ivAl-3feklwC1IX7HO8A\",\"https:\/\/www.pinterest.fr\/drivecase3695\/\",\"https:\/\/twitter.com\/Drivecase\"],\"logo\":{\"@type\":\"ImageObject\",\"@id\":\"https:\/\/www.drivecase.fr\/conseils-prevention\/#logo\",\"inLanguage\":\"fr-FR\",\"url\":\"https:\/\/www.drivecase.fr\/conseils-prevention\/wp-content\/uploads\/2021\/02\/logo_conseils-prevention_bleu_vert-01.png\",\"contentUrl\":\"https:\/\/www.drivecase.fr\/conseils-prevention\/wp-content\/uploads\/2021\/02\/logo_conseils-prevention_bleu_vert-01.png\",\"width\":2221,\"height\":667,\"caption\":\"Drivecase\"},\"image\":{\"@id\":\"https:\/\/www.drivecase.fr\/conseils-prevention\/#logo\"}},{\"@type\":\"WebSite\",\"@id\":\"https:\/\/www.drivecase.fr\/conseils-prevention\/#website\",\"url\":\"https:\/\/www.drivecase.fr\/conseils-prevention\/\",\"name\":\"S\\u00e9curit\\u00e9 routi\\u00e8re, EPI &amp; pr\\u00e9vention sanitaire | Conseils pr\\u00e9vention Drivecase\",\"description\":\"Le blog conseils pr\\u00e9vention d\\u00e9di\\u00e9 \\u00e0 la s\\u00e9curit\\u00e9 routi\\u00e8re, aux EPI, premiers secours &amp; pr\\u00e9vention sanitaire de Drivecase. Toute l&#039;actualit\\u00e9 sur la r\\u00e9glementation &amp; les bons gestes !\",\"publisher\":{\"@id\":\"https:\/\/www.drivecase.fr\/conseils-prevention\/#organization\"},\"potentialAction\":[{\"@type\":\"SearchAction\",\"target\":{\"@type\":\"EntryPoint\",\"urlTemplate\":\"https:\/\/www.drivecase.fr\/conseils-prevention\/?s={search_term_string}\"},\"query-input\":\"required name=search_term_string\"}],\"inLanguage\":\"fr-FR\"},{\"@type\":\"ImageObject\",\"@id\":\"https:\/\/www.drivecase.fr\/conseils-prevention\/securite-velo\/permis-velo-comment-le-passer-quelles-obligations-a-velo\/#primaryimage\",\"inLanguage\":\"fr-FR\",\"url\":\"https:\/\/www.drivecase.fr\/conseils-prevention\/wp-content\/uploads\/2022\/06\/apprentissage-velo-1.jpg\",\"contentUrl\":\"https:\/\/www.drivecase.fr\/conseils-prevention\/wp-content\/uploads\/2022\/06\/apprentissage-velo-1.jpg\",\"width\":1050,\"height\":700,\"caption\":\"comment apprendre \\u00e0 faire du v\\u00e9lo\"},{\"@type\":\"WebPage\",\"@id\":\"https:\/\/www.drivecase.fr\/conseils-prevention\/securite-velo\/permis-velo-comment-le-passer-quelles-obligations-a-velo\/#webpage\",\"url\":\"https:\/\/www.drivecase.fr\/conseils-prevention\/securite-velo\/permis-velo-comment-le-passer-quelles-obligations-a-velo\/\",\"name\":\"Permis v\\u00e9lo : comment le passer ? Quelles obligations \\u00e0 v\\u00e9lo ? | Conseils Drivecase\",\"isPartOf\":{\"@id\":\"https:\/\/www.drivecase.fr\/conseils-prevention\/#website\"},\"primaryImageOfPage\":{\"@id\":\"https:\/\/www.drivecase.fr\/conseils-prevention\/securite-velo\/permis-velo-comment-le-passer-quelles-obligations-a-velo\/#primaryimage\"},\"datePublished\":\"2022-06-28T10:23:04+00:00\",\"dateModified\":\"2025-03-17T09:55:30+00:00\",\"description\":\"Permis v\\u00e9lo, que dit la r\\u00e9glementation ? Comment les enfants passent-ils leur permis v\\u00e9lo ? Drivecase vous \\u00e9claire sur ce sujet !\",\"breadcrumb\":{\"@id\":\"https:\/\/www.drivecase.fr\/conseils-prevention\/securite-velo\/permis-velo-comment-le-passer-quelles-obligations-a-velo\/#breadcrumb\"},\"inLanguage\":\"fr-FR\",\"potentialAction\":[{\"@type\":\"ReadAction\",\"target\":[\"https:\/\/www.drivecase.fr\/conseils-prevention\/securite-velo\/permis-velo-comment-le-passer-quelles-obligations-a-velo\/\"]}]},{\"@type\":\"BreadcrumbList\",\"@id\":\"https:\/\/www.drivecase.fr\/conseils-prevention\/securite-velo\/permis-velo-comment-le-passer-quelles-obligations-a-velo\/#breadcrumb\",\"itemListElement\":[{\"@type\":\"ListItem\",\"position\":1,\"name\":\"Conseils pr\\u00e9vention\",\"item\":\"https:\/\/www.drivecase.fr\/conseils-prevention\/\"},{\"@type\":\"ListItem\",\"position\":2,\"name\":\"S\\u00e9curit\\u00e9 \\u00e0 v\\u00e9lo\",\"item\":\"https:\/\/www.drivecase.fr\/conseils-prevention\/securite-velo\/\"},{\"@type\":\"ListItem\",\"position\":3,\"name\":\"Permis v\\u00e9lo : comment le passer ? Quelles obligations \\u00e0 v\\u00e9lo ?\"}]},{\"@type\":\"Article\",\"@id\":\"https:\/\/www.drivecase.fr\/conseils-prevention\/securite-velo\/permis-velo-comment-le-passer-quelles-obligations-a-velo\/#article\",\"isPartOf\":{\"@id\":\"https:\/\/www.drivecase.fr\/conseils-prevention\/securite-velo\/permis-velo-comment-le-passer-quelles-obligations-a-velo\/#webpage\"},\"author\":{\"@id\":\"https:\/\/www.drivecase.fr\/conseils-prevention\/#\/schema\/person\/7138f4f7c955a2d3414789aefcf52f85\"},\"headline\":\"Permis v\\u00e9lo : comment le passer ? Quelles obligations \\u00e0 v\\u00e9lo ?\",\"datePublished\":\"2022-06-28T10:23:04+00:00\",\"dateModified\":\"2025-03-17T09:55:30+00:00\",\"mainEntityOfPage\":{\"@id\":\"https:\/\/www.drivecase.fr\/conseils-prevention\/securite-velo\/permis-velo-comment-le-passer-quelles-obligations-a-velo\/#webpage\"},\"wordCount\":1940,\"publisher\":{\"@id\":\"https:\/\/www.drivecase.fr\/conseils-prevention\/#organization\"},\"image\":{\"@id\":\"https:\/\/www.drivecase.fr\/conseils-prevention\/securite-velo\/permis-velo-comment-le-passer-quelles-obligations-a-velo\/#primaryimage\"},\"thumbnailUrl\":\"https:\/\/www.drivecase.fr\/conseils-prevention\/wp-content\/uploads\/2022\/06\/apprentissage-velo-1.jpg\",\"keywords\":[\"Conseils d'experts\"],\"articleSection\":[\"S\\u00e9curit\\u00e9 \\u00e0 v\\u00e9lo\"],\"inLanguage\":\"fr-FR\"},{\"@type\":\"Person\",\"@id\":\"https:\/\/www.drivecase.fr\/conseils-prevention\/#\/schema\/person\/7138f4f7c955a2d3414789aefcf52f85\",\"name\":\"Edgard Singer\",\"image\":{\"@type\":\"ImageObject\",\"@id\":\"https:\/\/www.drivecase.fr\/conseils-prevention\/#personlogo\",\"inLanguage\":\"fr-FR\",\"url\":\"https:\/\/secure.gravatar.com\/avatar\/0830371add0beaee77e759d97caa2f4a?s=96&d=mm&r=g\",\"contentUrl\":\"https:\/\/secure.gravatar.com\/avatar\/0830371add0beaee77e759d97caa2f4a?s=96&d=mm&r=g\",\"caption\":\"Edgard Singer\"},\"description\":\"V\\u00e9lotaffeur averti et cyclotouriste, j'ai \\u00e0 c\\u0153ur de partager la route avec tous et toutes. Actualit\\u00e9s, conseils, nouveaut\\u00e9s, je d\\u00e9nicherai tout ce qui peut contribuer \\u00e0 la s\\u00e9curit\\u00e9 routi\\u00e8re et au bien-\\u00eatre de chacun.\",\"url\":\"https:\/\/www.drivecase.fr\/conseils-prevention\/author\/communicationdrivecase-fr\/\"}]}<\/script>\n<!-- \/ Yoast SEO Premium plugin. -->","yoast_head_json":{"title":"Permis v\u00e9lo : comment le passer ? Quelles obligations \u00e0 v\u00e9lo ? | Conseils Drivecase","description":"Permis v\u00e9lo, que dit la r\u00e9glementation ? Comment les enfants passent-ils leur permis v\u00e9lo ? Drivecase vous \u00e9claire sur ce sujet !","robots":{"index":"index","follow":"follow","max-snippet":"max-snippet:-1","max-image-preview":"max-image-preview:large","max-video-preview":"max-video-preview:-1"},"canonical":"https:\/\/www.drivecase.fr\/conseils-prevention\/securite-velo\/permis-velo-comment-le-passer-quelles-obligations-a-velo\/","og_locale":"fr_FR","og_type":"article","og_title":"Permis v\u00e9lo : comment le passer ? Quelles obligations \u00e0 v\u00e9lo ?","og_description":"La mortalit\u00e9 des cyclistes n\u2019a jamais \u00e9t\u00e9 aussi \u00e9lev\u00e9e en France que lors des dix derni\u00e8res ann\u00e9es. En septembre 2020, 275 personnes sont d\u00e9c\u00e9d\u00e9es sur les","og_url":"https:\/\/www.drivecase.fr\/conseils-prevention\/securite-velo\/permis-velo-comment-le-passer-quelles-obligations-a-velo\/","og_site_name":"S\u00e9curit\u00e9 routi\u00e8re, EPI &amp; pr\u00e9vention sanitaire | Conseils pr\u00e9vention Drivecase","article_publisher":"https:\/\/fr-fr.facebook.com\/drivecasefr","article_published_time":"2022-06-28T10:23:04+00:00","article_modified_time":"2025-03-17T09:55:30+00:00","og_image":[{"width":1050,"height":700,"url":"https:\/\/www.drivecase.fr\/conseils-prevention\/wp-content\/uploads\/2022\/06\/apprentissage-velo-1.jpg","type":"image\/jpeg"}],"twitter_card":"summary_large_image","twitter_creator":"@Drivecase","twitter_site":"@Drivecase","twitter_misc":{"\u00c9crit par":"Edgard Singer","Dur\u00e9e de lecture est.":"9 minutes"},"schema":{"@context":"https:\/\/schema.org","@graph":[{"@type":"Organization","@id":"https:\/\/www.drivecase.fr\/conseils-prevention\/#organization","name":"Drivecase","url":"https:\/\/www.drivecase.fr\/conseils-prevention\/","sameAs":["https:\/\/fr-fr.facebook.com\/drivecasefr","https:\/\/fr.linkedin.com\/company\/drivecase","https:\/\/www.youtube.com\/channel\/UCQ7ivAl-3feklwC1IX7HO8A","https:\/\/www.pinterest.fr\/drivecase3695\/","https:\/\/twitter.com\/Drivecase"],"logo":{"@type":"ImageObject","@id":"https:\/\/www.drivecase.fr\/conseils-prevention\/#logo","inLanguage":"fr-FR","url":"https:\/\/www.drivecase.fr\/conseils-prevention\/wp-content\/uploads\/2021\/02\/logo_conseils-prevention_bleu_vert-01.png","contentUrl":"https:\/\/www.drivecase.fr\/conseils-prevention\/wp-content\/uploads\/2021\/02\/logo_conseils-prevention_bleu_vert-01.png","width":2221,"height":667,"caption":"Drivecase"},"image":{"@id":"https:\/\/www.drivecase.fr\/conseils-prevention\/#logo"}},{"@type":"WebSite","@id":"https:\/\/www.drivecase.fr\/conseils-prevention\/#website","url":"https:\/\/www.drivecase.fr\/conseils-prevention\/","name":"S\u00e9curit\u00e9 routi\u00e8re, EPI &amp; pr\u00e9vention sanitaire | Conseils pr\u00e9vention Drivecase","description":"Le blog conseils pr\u00e9vention d\u00e9di\u00e9 \u00e0 la s\u00e9curit\u00e9 routi\u00e8re, aux EPI, premiers secours &amp; pr\u00e9vention sanitaire de Drivecase. Toute l&#039;actualit\u00e9 sur la r\u00e9glementation &amp; les bons gestes !","publisher":{"@id":"https:\/\/www.drivecase.fr\/conseils-prevention\/#organization"},"potentialAction":[{"@type":"SearchAction","target":{"@type":"EntryPoint","urlTemplate":"https:\/\/www.drivecase.fr\/conseils-prevention\/?s={search_term_string}"},"query-input":"required name=search_term_string"}],"inLanguage":"fr-FR"},{"@type":"ImageObject","@id":"https:\/\/www.drivecase.fr\/conseils-prevention\/securite-velo\/permis-velo-comment-le-passer-quelles-obligations-a-velo\/#primaryimage","inLanguage":"fr-FR","url":"https:\/\/www.drivecase.fr\/conseils-prevention\/wp-content\/uploads\/2022\/06\/apprentissage-velo-1.jpg","contentUrl":"https:\/\/www.drivecase.fr\/conseils-prevention\/wp-content\/uploads\/2022\/06\/apprentissage-velo-1.jpg","width":1050,"height":700,"caption":"comment apprendre \u00e0 faire du v\u00e9lo"},{"@type":"WebPage","@id":"https:\/\/www.drivecase.fr\/conseils-prevention\/securite-velo\/permis-velo-comment-le-passer-quelles-obligations-a-velo\/#webpage","url":"https:\/\/www.drivecase.fr\/conseils-prevention\/securite-velo\/permis-velo-comment-le-passer-quelles-obligations-a-velo\/","name":"Permis v\u00e9lo : comment le passer ? Quelles obligations \u00e0 v\u00e9lo ? | Conseils Drivecase","isPartOf":{"@id":"https:\/\/www.drivecase.fr\/conseils-prevention\/#website"},"primaryImageOfPage":{"@id":"https:\/\/www.drivecase.fr\/conseils-prevention\/securite-velo\/permis-velo-comment-le-passer-quelles-obligations-a-velo\/#primaryimage"},"datePublished":"2022-06-28T10:23:04+00:00","dateModified":"2025-03-17T09:55:30+00:00","description":"Permis v\u00e9lo, que dit la r\u00e9glementation ? Comment les enfants passent-ils leur permis v\u00e9lo ? Drivecase vous \u00e9claire sur ce sujet !","breadcrumb":{"@id":"https:\/\/www.drivecase.fr\/conseils-prevention\/securite-velo\/permis-velo-comment-le-passer-quelles-obligations-a-velo\/#breadcrumb"},"inLanguage":"fr-FR","potentialAction":[{"@type":"ReadAction","target":["https:\/\/www.drivecase.fr\/conseils-prevention\/securite-velo\/permis-velo-comment-le-passer-quelles-obligations-a-velo\/"]}]},{"@type":"BreadcrumbList","@id":"https:\/\/www.drivecase.fr\/conseils-prevention\/securite-velo\/permis-velo-comment-le-passer-quelles-obligations-a-velo\/#breadcrumb","itemListElement":[{"@type":"ListItem","position":1,"name":"Conseils pr\u00e9vention","item":"https:\/\/www.drivecase.fr\/conseils-prevention\/"},{"@type":"ListItem","position":2,"name":"S\u00e9curit\u00e9 \u00e0 v\u00e9lo","item":"https:\/\/www.drivecase.fr\/conseils-prevention\/securite-velo\/"},{"@type":"ListItem","position":3,"name":"Permis v\u00e9lo : comment le passer ? Quelles obligations \u00e0 v\u00e9lo ?"}]},{"@type":"Article","@id":"https:\/\/www.drivecase.fr\/conseils-prevention\/securite-velo\/permis-velo-comment-le-passer-quelles-obligations-a-velo\/#article","isPartOf":{"@id":"https:\/\/www.drivecase.fr\/conseils-prevention\/securite-velo\/permis-velo-comment-le-passer-quelles-obligations-a-velo\/#webpage"},"author":{"@id":"https:\/\/www.drivecase.fr\/conseils-prevention\/#\/schema\/person\/7138f4f7c955a2d3414789aefcf52f85"},"headline":"Permis v\u00e9lo : comment le passer ? Quelles obligations \u00e0 v\u00e9lo ?","datePublished":"2022-06-28T10:23:04+00:00","dateModified":"2025-03-17T09:55:30+00:00","mainEntityOfPage":{"@id":"https:\/\/www.drivecase.fr\/conseils-prevention\/securite-velo\/permis-velo-comment-le-passer-quelles-obligations-a-velo\/#webpage"},"wordCount":1940,"publisher":{"@id":"https:\/\/www.drivecase.fr\/conseils-prevention\/#organization"},"image":{"@id":"https:\/\/www.drivecase.fr\/conseils-prevention\/securite-velo\/permis-velo-comment-le-passer-quelles-obligations-a-velo\/#primaryimage"},"thumbnailUrl":"https:\/\/www.drivecase.fr\/conseils-prevention\/wp-content\/uploads\/2022\/06\/apprentissage-velo-1.jpg","keywords":["Conseils d'experts"],"articleSection":["S\u00e9curit\u00e9 \u00e0 v\u00e9lo"],"inLanguage":"fr-FR"},{"@type":"Person","@id":"https:\/\/www.drivecase.fr\/conseils-prevention\/#\/schema\/person\/7138f4f7c955a2d3414789aefcf52f85","name":"Edgard Singer","image":{"@type":"ImageObject","@id":"https:\/\/www.drivecase.fr\/conseils-prevention\/#personlogo","inLanguage":"fr-FR","url":"https:\/\/secure.gravatar.com\/avatar\/0830371add0beaee77e759d97caa2f4a?s=96&d=mm&r=g","contentUrl":"https:\/\/secure.gravatar.com\/avatar\/0830371add0beaee77e759d97caa2f4a?s=96&d=mm&r=g","caption":"Edgard Singer"},"description":"V\u00e9lotaffeur averti et cyclotouriste, j'ai \u00e0 c\u0153ur de partager la route avec tous et toutes. Actualit\u00e9s, conseils, nouveaut\u00e9s, je d\u00e9nicherai tout ce qui peut contribuer \u00e0 la s\u00e9curit\u00e9 routi\u00e8re et au bien-\u00eatre de chacun.","url":"https:\/\/www.drivecase.fr\/conseils-prevention\/author\/communicationdrivecase-fr\/"}]}},"_links":{"self":[{"href":"https:\/\/www.drivecase.fr\/conseils-prevention\/wp-json\/wp\/v2\/posts\/9574"}],"collection":[{"href":"https:\/\/www.drivecase.fr\/conseils-prevention\/wp-json\/wp\/v2\/posts"}],"about":[{"href":"https:\/\/www.drivecase.fr\/conseils-prevention\/wp-json\/wp\/v2\/types\/post"}],"author":[{"embeddable":true,"href":"https:\/\/www.drivecase.fr\/conseils-prevention\/wp-json\/wp\/v2\/users\/7"}],"replies":[{"embeddable":true,"href":"https:\/\/www.drivecase.fr\/conseils-prevention\/wp-json\/wp\/v2\/comments?post=9574"}],"version-history":[{"count":73,"href":"https:\/\/www.drivecase.fr\/conseils-prevention\/wp-json\/wp\/v2\/posts\/9574\/revisions"}],"predecessor-version":[{"id":15069,"href":"https:\/\/www.drivecase.fr\/conseils-prevention\/wp-json\/wp\/v2\/posts\/9574\/revisions\/15069"}],"wp:featuredmedia":[{"embeddable":true,"href":"https:\/\/www.drivecase.fr\/conseils-prevention\/wp-json\/wp\/v2\/media\/9612"}],"wp:attachment":[{"href":"https:\/\/www.drivecase.fr\/conseils-prevention\/wp-json\/wp\/v2\/media?parent=9574"}],"wp:term":[{"taxonomy":"category","embeddable":true,"href":"https:\/\/www.drivecase.fr\/conseils-prevention\/wp-json\/wp\/v2\/categories?post=9574"},{"taxonomy":"post_tag","embeddable":true,"href":"https:\/\/www.drivecase.fr\/conseils-prevention\/wp-json\/wp\/v2\/tags?post=9574"}],"curies":[{"name":"wp","href":"https:\/\/api.w.org\/{rel}","templated":true}]}}